{"id":350560,"date":"2022-08-19T09:10:11","date_gmt":"2022-08-19T12:10:11","guid":{"rendered":"https:\/\/notinor.com\/jujuy\/?p=350560"},"modified":"2022-08-19T09:10:15","modified_gmt":"2022-08-19T12:10:15","slug":"alberto-fernandez-defendio-a-cuba-y-venezuela-y-pidio-que-se-levanten-los-bloqueos-es-imperdonable","status":"publish","type":"post","link":"https:\/\/notinor.com\/jujuy\/alberto-fernandez-defendio-a-cuba-y-venezuela-y-pidio-que-se-levanten-los-bloqueos-es-imperdonable\/","title":{"rendered":"Alberto Fern\u00e1ndez defendi\u00f3 a Cuba y Venezuela y pidi\u00f3 que se levanten los bloqueos: \u201cEs imperdonable\u201d"},"content":{"rendered":"\n<p class=\"has-medium-font-size\"><strong><em>El Presidente lo manifest\u00f3 en el acto de cierre del seminario internacional \u201cEl futuro de la integraci\u00f3n: Unidad en la Diversidad\u201d de la CELAC. En su discurso en el CCK no mencion\u00f3 a Nicaragua.<\/em><\/strong><\/p>\n\n\n\n<div class=\"wp-block-image\"><figure class=\"aligncenter size-large\"><img decoding=\"async\" loading=\"lazy\" width=\"800\" height=\"450\" src=\"https:\/\/notinor.com\/jujuy\/wp-content\/uploads\/2022\/08\/alberto-fernandez.jpg\" alt=\"\" class=\"wp-image-350561\" srcset=\"https:\/\/notinor.com\/jujuy\/wp-content\/uploads\/2022\/08\/alberto-fernandez.jpg 800w, https:\/\/notinor.com\/jujuy\/wp-content\/uploads\/2022\/08\/alberto-fernandez-649x365.jpg 649w, https:\/\/notinor.com\/jujuy\/wp-content\/uploads\/2022\/08\/alberto-fernandez-500x280.jpg 500w, https:\/\/notinor.com\/jujuy\/wp-content\/uploads\/2022\/08\/alberto-fernandez-768x432.jpg 768w, https:\/\/notinor.com\/jujuy\/wp-content\/uploads\/2022\/08\/alberto-fernandez-750x422.jpg 750w\" sizes=\"(max-width: 800px) 100vw, 800px\" \/><\/figure><\/div>\n\n\n\n<p><strong>El Presidente de la Naci\u00f3n Alberto Fern\u00e1ndez volvi\u00f3 a pedir que se levanten los bloqueos a Cuba y Venezuela.<\/strong> Lo manifest\u00f3 en el marco del discurso de cierre del seminario internacional \u201cEl futuro de la integraci\u00f3n: Unidad en la Diversidad\u201d de la CELAC organizado esta noche en el Centro Cultural Kirchner. <strong>\u201cEs imperdonable\u201d, <\/strong>se\u00f1al\u00f3 en su lectura del escenario de ambos pa\u00edses. En su intervenci\u00f3n, no mencion\u00f3 a Nicaragua.<\/p>\n\n\n\n<p>En el evento estuvieron presentes a su lado en el escenario <strong>Jos\u00e9 Luis Rodr\u00edguez Zapatero (ex presidente del Gobierno de Espa\u00f1a), Ernesto Samper (ex mandatario de Colombia), Vinicio Cerezo (Secretario General del SICA y ex presidente de Guatemala) y Santiago Cafiero (Canciller).<\/strong><\/p>\n\n\n\n<p><strong>\u201cDebemos trabajar todos unidos para que los bloqueos se terminen en este continente. Tenemos dos pa\u00edses bloqueados y eso es imperdonable\u201d, <\/strong>manifest\u00f3 el mandatario nacional en la \u00faltima parte de sus definiciones. Ese momento se vio interrumpido por el aplauso de los presentes.<\/p>\n\n\n\n<p>El acto, vale destacar, form\u00f3 parte de las actividades que impulsa el jefe de Estado argentino como titular de la <strong>CELAC (Comunidad de Estados Latinoamericanos y el Caribe) <\/strong>que lidera desde el 7 de enero.<\/p>\n\n\n\n<p>\u201cCuando escucho que Cuba ha desarrollado cuatro o cinco vacunas contra el COVID-19 y <strong>no las puede industrializar y dar al mundo porque, por los bloqueos que padece, carece de la capacidad financiera que necesita para poderle dar salud a todos los pueblos del mundo,<\/strong> yo sufro\u201d, se\u00f1al\u00f3 Alberto Fern\u00e1ndez.<\/p>\n\n\n\n<p>\u201cSufro profundamente\u201d, remarc\u00f3 a continuaci\u00f3n el mandatario y aclar\u00f3 sobre su lectura del escenario de aquel pa\u00eds: <strong>\u201cUn bloqueo que adem\u00e1s lleva m\u00e1s de seis d\u00e9cadas\u201d.<\/strong><\/p>\n\n\n\n<p>\u201cY ahora Venezuela \u2014continu\u00f3 el Presidente argentino\u2014. Esperamos que esto r\u00e1pidamente se termine pronto. <strong>Que el bloqueo se termine pronto y que los venezolanos vivan en democracia eligiendo libremente como ellos quieran\u201d.<\/strong><\/p>\n\n\n\n<p>A modo de cierre, entonces, el mandatario retom\u00f3 el hilo de su discurso al enfatizar en el concepto de \u201cunidad\u201d en la regi\u00f3n. <strong>\u201cLo que nosotros debemos hacer es trabajar en pos de esa unidad<\/strong> y debemos poner antes que nada nuestros derechos de latinoamericanos para poder lograr ese objetivo. Pensemos en nosotros, pensemos en la Patria Grande\u201d, complet\u00f3.<\/p>\n\n\n\n<p>A lo largo de sus palabras, Alberto Fern\u00e1ndez omiti\u00f3 mencionar a Nicaragua. <strong>D\u00edas atr\u00e1s, vale recordar, el dictador de aquel pa\u00eds lo critic\u00f3 por el caso del avi\u00f3n iran\u00ed-venezolano incautado en Buenos Aires.<\/strong><\/p>\n\n\n\n<p>Ocurri\u00f3 que durante un acto en ocasi\u00f3n del 42 aniversario de la Fuerza Naval de Nicaragua, <strong>Daniel Ortega dijo que Fern\u00e1ndez \u201cest\u00e1 haciendo un papel m\u00e1s vergonzoso, m\u00e1s triste, m\u00e1s degradante que el que hace\u201d<\/strong> el secretario general de la OEA, el uruguayo Luis Almagro, \u201cque abiertamente es instrumento de los gringos\u201d.<\/p>\n\n\n\n<p><strong>El l\u00edder sandinista acus\u00f3 entonces a Fern\u00e1ndez de \u201ctraicionar\u201d los principios de la Comunidad de Estados Latinoamericanos y Caribe\u00f1os (Celac)<\/strong> y se\u00f1al\u00f3 que en el rol de presidente del organismo se convirti\u00f3 \u201cen un instrumento del imperio yanqui\u201d.<\/p>\n\n\n\n<p>La Sala Argentina del <strong>Centro Cultural Kirchner<\/strong> fue puntualmente el lugar en el que se realiz\u00f3 el seminario de la Celac, en el que se debatieron las oportunidades y los desaf\u00edos de la integraci\u00f3n de Am\u00e9rica Latina y el Caribe. Hubo pol\u00edticos de relevancia entre los expositores y tambi\u00e9n asistieron representantes de la sociedad civil, el mundo acad\u00e9mico y organismos multilaterales.<\/p>\n\n\n\n<p><strong>El evento se extendi\u00f3 por 5 horas<\/strong> y se destacaron las definiciones de Andr\u00e9s Manuel L\u00f3pez Obrador \u2014presidente de M\u00e9xico\u2014 y las del ex mandatarios de Uruguay, Jos\u00e9 \u201cPepe\u201d Mujica (ambos de modo virtual).<\/p>\n\n\n\n<p>\u201cSer\u00eda bueno que Argentina inicie el proceso de institucionalizaci\u00f3n de la Celac. Hasta aqu\u00ed somos un grupo de pa\u00edses que conversa y analiza, pero no toma decisiones de conjunto y es hora de que lo hagamos\u201d, dijo adem\u00e1s el mandatario.<\/p>\n\n\n\n<p>Y rese\u00f1\u00f3 que, para concretar esa iniciativa, recurri\u00f3 a la \u201cmemoria de la Unasur\u201d, para que la Celac \u201cadquiera otra fuerza, otra dimensi\u00f3n y adem\u00e1s nos represente adecuadamente, que nos permita tomar una decisi\u00f3n comunitaria\u201d y que no quede al \u201carbitrio de cada pa\u00eds\u201d.<\/p>\n\n\n\n<p>\u201cEsto es el mundo de hoy \u2014subray\u00f3 Fern\u00e1ndez\u2014, que seguramente deparar\u00e1 una nueva realidad geopol\u00edtica que no vamos a poder dominar, pero s\u00ed podemos dominar el camino que asuma nuestro continente<strong>. Podemos tomar la decisi\u00f3n de unirnos para enfrentar cualquier mal momento\u201d.<\/strong><\/p>\n\n\n\n<p>En ese sentido, se\u00f1al\u00f3 que la regi\u00f3n tiene <strong>\u201cuna gran oportunidad y un enorme desaf\u00edo\u201d<\/strong> por delante, que consiste en \u201csuministrar energ\u00edas renovables y alimentos en cantidad\u201d al resto de mundo.<\/p>\n\n\n\n<p><strong>\u201cEntre Chile, Bolivia y Argentina somos el 60% del litio que el mundo va a necesitar,<\/strong> tenemos las condiciones perfectas para desarrollar energ\u00eda e\u00f3lica, hidr\u00f3geno verde, energ\u00eda solar\u201d, ejemplific\u00f3 y destac\u00f3 que \u201ctenemos que dejar de exportar materia prima e industrializarla\u201d.<\/p>\n\n\n\n<p>Adem\u00e1s, destac\u00f3 que Latinoam\u00e9rica tiene \u201cuna gran ventaja\u201d, porque <strong>\u201ces un territorio de paz, aqu\u00ed no hay pa\u00edses armados para la guerra\u201d,<\/strong> aunque \u201cestamos en el continente m\u00e1s desigual del mundo\u201d, advirti\u00f3.<\/p>\n","protected":false},"excerpt":{"rendered":"<p>El Presidente lo manifest\u00f3 en el acto de cierre del seminario internacional \u201cEl futuro de la integraci\u00f3n: Unidad en la Diversidad\u201d de la CELAC. En su discurso en el CCK no mencion\u00f3 a Nicaragua. El Presidente de la Naci\u00f3n Alberto Fern\u00e1ndez volvi\u00f3 a pedir que se levanten los bloqueos a Cuba y Venezuela. Lo manifest\u00f3 [&hellip;]<\/p>\n","protected":false},"author":49,"featured_media":350561,"comment_status":"open","ping_status":"open","sticky":false,"template":"","format":"standard","meta":{"_stopmodifiedupdate":false,"_modified_date":"","inline_featured_image":false,"spay_email":"","jetpack_publicize_message":""},"categories":[2,501],"tags":[],"jetpack_featured_media_url":"https:\/\/notinor.com\/jujuy\/wp-content\/uploads\/2022\/08\/alberto-fernandez.jpg","jetpack_publicize_connections":[],"_links":{"self":[{"href":"https:\/\/notinor.com\/jujuy\/wp-json\/wp\/v2\/posts\/350560"}],"collection":[{"href":"https:\/\/notinor.com\/jujuy\/wp-json\/wp\/v2\/posts"}],"about":[{"href":"https:\/\/notinor.com\/jujuy\/wp-json\/wp\/v2\/types\/post"}],"author":[{"embeddable":true,"href":"https:\/\/notinor.com\/jujuy\/wp-json\/wp\/v2\/users\/49"}],"replies":[{"embeddable":true,"href":"https:\/\/notinor.com\/jujuy\/wp-json\/wp\/v2\/comments?post=350560"}],"version-history":[{"count":1,"href":"https:\/\/notinor.com\/jujuy\/wp-json\/wp\/v2\/posts\/350560\/revisions"}],"predecessor-version":[{"id":350562,"href":"https:\/\/notinor.com\/jujuy\/wp-json\/wp\/v2\/posts\/350560\/revisions\/350562"}],"wp:featuredmedia":[{"embeddable":true,"href":"https:\/\/notinor.com\/jujuy\/wp-json\/wp\/v2\/media\/350561"}],"wp:attachment":[{"href":"https:\/\/notinor.com\/jujuy\/wp-json\/wp\/v2\/media?parent=350560"}],"wp:term":[{"taxonomy":"category","embeddable":true,"href":"https:\/\/notinor.com\/jujuy\/wp-json\/wp\/v2\/categories?post=350560"},{"taxonomy":"post_tag","embeddable":true,"href":"https:\/\/notinor.com\/jujuy\/wp-json\/wp\/v2\/tags?post=350560"}],"curies":[{"name":"wp","href":"https:\/\/api.w.org\/{rel}","templated":true}]}}