{"id":350555,"date":"2022-08-19T10:06:00","date_gmt":"2022-08-19T13:06:00","guid":{"rendered":"https:\/\/notinor.com\/jujuy\/?p=350555"},"modified":"2022-08-19T13:10:19","modified_gmt":"2022-08-19T16:10:19","slug":"quien-dijo-que-todo-esta-perdido","status":"publish","type":"post","link":"https:\/\/notinor.com\/jujuy\/quien-dijo-que-todo-esta-perdido\/","title":{"rendered":"\u00bfQui\u00e9n dijo que todo est\u00e1 perdido?"},"content":{"rendered":"\n<p><strong><a href=\"https:\/\/www.instagram.com\/meldelgadoniglia\/\">Por Melisa Delgado Niglia.<\/a><\/strong><\/p>\n\n\n\n<p class=\"has-medium-font-size\"><em><strong>Hoy se celebra el D\u00eda Mundial de la Asistencia Humanitaria, que busca rendir tributo a las distintas personas que colaboran y que hasta arriesgan sus vidas para ayudar a otras, en medio de diversas crisis a lo largo y ancho del mundo. Mariela Belski es la directora Ejecutiva del Amnist\u00eda Internacional Argentina, y en di\u00e1logo con Notinor, explic\u00f3 la tarea que desarrolla el movimiento en torno a los derechos humanos y la humanidad en s\u00ed.<\/strong><\/em><\/p>\n\n\n\n<figure class=\"is-layout-flex wp-block-gallery-1 wp-block-gallery columns-1 is-cropped\"><ul class=\"blocks-gallery-grid\"><li class=\"blocks-gallery-item\"><figure><img decoding=\"async\" loading=\"lazy\" width=\"665\" height=\"420\" src=\"https:\/\/notinor.com\/jujuy\/wp-content\/uploads\/2022\/08\/WhatsApp-Image-2022-08-18-at-9.48.01-PM.jpeg\" alt=\"\" data-id=\"350558\" data-full-url=\"https:\/\/notinor.com\/jujuy\/wp-content\/uploads\/2022\/08\/WhatsApp-Image-2022-08-18-at-9.48.01-PM.jpeg\" data-link=\"https:\/\/notinor.com\/jujuy\/quien-dijo-que-todo-esta-perdido\/whatsapp-image-2022-08-18-at-9-48-01-pm\/\" class=\"wp-image-350558\" srcset=\"https:\/\/notinor.com\/jujuy\/wp-content\/uploads\/2022\/08\/WhatsApp-Image-2022-08-18-at-9.48.01-PM.jpeg 665w, https:\/\/notinor.com\/jujuy\/wp-content\/uploads\/2022\/08\/WhatsApp-Image-2022-08-18-at-9.48.01-PM-578x365.jpeg 578w\" sizes=\"(max-width: 665px) 100vw, 665px\" \/><\/figure><\/li><\/ul><\/figure>\n\n\n\n<p>En diciembre de <strong>2008<\/strong>, la <strong>Asamblea General de las Naciones Unidas<\/strong> declar\u00f3 el 19 de agosto como el <strong>D\u00eda Mundial de la Asistencia Humanitaria<\/strong>, en memoria del atentado terrorista de agosto 2003 contra la sede de las Naciones Unidas en Bagdad (Irak) que se cobr\u00f3 la vida de 22 personas.<\/p>\n\n\n\n<p>La fecha busca adquirir conciencia respecto a la importancia de la <strong>cooperaci\u00f3n<\/strong> entre personas, organismos, organizaciones sin fines de lucro y Estados a nivel mundial, para dar respuestas a las distintas causas de <strong>emergencias<\/strong> alrededor del mapa.<\/p>\n\n\n\n<p>Hoy, se destaca la importancia que tienen los trabajadores humanitarios y el personal de respuesta sanitaria, en un contexto que tuvo y tiene como protagonista al <strong>COVID-19<\/strong> y una lamentable creciente desnutrici\u00f3n en distintas zonas. Sin embargo, el papel del sector social \u2013independientemente del rubro- es fundamental cuando de asistencia se trata.<\/p>\n\n\n\n<p>No es menor mencionar que seg\u00fan datos de la <strong>Organizaci\u00f3n de las Naciones Unidas<\/strong> (ONU), el 2021 fue el a\u00f1o con m\u00e1s violencia y con necesidades humanitarias r\u00e9cord.<\/p>\n\n\n\n<p class=\"has-medium-font-size\"><strong>Espacios que aportan al mundo y la injusticia como algo personal<\/strong><\/p>\n\n\n\n<p><strong>Amnist\u00eda Internacional<\/strong> (AI) es un movimiento mundial de personas que hacen campa\u00f1a para que los <strong>derechos humanos internacionalmente reconocidos sean respetados y protegidos. <\/strong>Est\u00e1 formada por m\u00e1s de <strong>10 millones de personas<\/strong> que se toman la injusticia como algo personal.<\/p>\n\n\n\n<p><strong>\u201c<\/strong>Trabajamos para mejorar y garantizar los derechos humanos a trav\u00e9s de nuestras actividades de campa\u00f1a y la solidaridad internacional. Buscamos visibilizar casos de vulneraci\u00f3n de derechos e injusticias que suceden en Argentina y en todo el mundo. Entre ellos, los que requieren de <strong>asistencia humanitaria<\/strong>\u201d, expres\u00f3 <strong>Mariela Belski<\/strong>, directora Ejecutiva del Amnist\u00eda Internacional Argentina.<\/p>\n\n\n\n<p>Asimismo, explic\u00f3 que su trabajo \u201cest\u00e1 vinculado como un aporte para la asistencia humanitaria en la <strong>investigaci\u00f3n rigurosa e independiente<\/strong> de casos cr\u00edticos que vulneran derechos, en la difusi\u00f3n de la informaci\u00f3n obtenida, comunicando hechos que corrompen a las personas en t\u00e9rminos humanitarios, como por ejemplo la situaci\u00f3n de personas refugiadas, migrantes y traslados forzosos de personas, e incluso de poblaciones que son v\u00edctimas de delitos ambientales\u201d.<\/p>\n\n\n\n<p>Respecto a la <strong>promoci\u00f3n y protecci\u00f3n de Derechos Humanos<\/strong>, los ejes que trabaja <strong>Amnist\u00eda Internacional <\/strong>vinculados a la asistencia humanitaria son los derechos sexuales y reproductivos de las personas, violencia de g\u00e9nero, tortura, comunidades ind\u00edgenas, libertad de expresi\u00f3n y protesta social. En cuanto a la Justicia Internacional, llevan de cerca investigaciones de situaciones que afectan a las personas migrantes, refugiadas y que padecen la limitaci\u00f3n o supresi\u00f3n de sus derechos econ\u00f3micos, sociales &nbsp;y ambientales.<\/p>\n\n\n\n<p class=\"has-medium-font-size\"><strong>\u201cUna herramienta fundamental para las personas cuyas vidas corren riesgo\u201d<\/strong><\/p>\n\n\n\n<p>As\u00ed defini\u00f3 Belski para Notinor, parte del rol que cumple Amnist\u00eda en la sociedad. Y agreg\u00f3: \u201cMuchas personas actualmente se ven forzadas a abandonar sus hogares por culpa de <strong>enfrentamientos armados, guerra, violencia y son perseguidas<\/strong> por cuestiones religiosas, \u00e9tnicas, de identidad y expresi\u00f3n de g\u00e9nero, o desastres naturales. En muchos casos los Estados, por acci\u00f3n u omisi\u00f3n, son responsables de la vulneraci\u00f3n de derechos humanos que requieren asistencia humanitaria. Por ello, creemos que el trabajo de personas que arriesgan su vida para llevar ayuda y proteger a la poblaci\u00f3n civil est\u00e1 directamente vinculado con la misi\u00f3n de Amnist\u00eda de luchar y trabajar para mejorar los derechos humanos a trav\u00e9s de actividades de campa\u00f1a y solidaridad internacional\u201d.<\/p>\n\n\n\n<p class=\"has-medium-font-size\"><strong>Rigor en las investigaciones e independencia pol\u00edtica, econ\u00f3mica y religiosa<\/strong><\/p>\n\n\n\n<p>Para desarrollar su trabajo, Amnist\u00eda Internacional env\u00eda expertos a hablar con las v\u00edctimas, asiste a juicios en calidad de organizaci\u00f3n observadora, se entrevista con autoridades locales, mantiene contacto con activistas de derechos humanos, hace un seguimiento de los medios de comunicaci\u00f3n locales, publica informes detallados, informa a los medios, hace p\u00fablicos sus motivos de preocupaci\u00f3n en carteles, anuncios, boletines y sitios web, se vincula con el sistema de protecci\u00f3n de derechos.<\/p>\n\n\n\n<p>\u201cJunto al rigor en la investigaci\u00f3n y a la independencia de todo gobierno, ideolog\u00eda pol\u00edtica, inter\u00e9s econ\u00f3mico o credo religioso, una de nuestras se\u00f1as de identidad es el <strong>activismo<\/strong>. Las y los activistas tratan temas de derechos humanos utilizando los medios de comunicaci\u00f3n y otros canales de difusi\u00f3n de informaci\u00f3n, y sobre todo movilizando la presi\u00f3n de la opini\u00f3n p\u00fablica&nbsp;mediante protestas callejeras, vigilias y captaci\u00f3n de apoyos directamente en la calle\u201d, expres\u00f3 la directora Ejecutiva, <strong>Mariela Belski<\/strong>.<\/p>\n\n\n\n<p class=\"has-medium-font-size\"><strong>Algunas campa\u00f1as vinculadas a la asistencia humanitaria<\/strong><\/p>\n\n\n\n<ul><li>Amnist\u00eda Internacional recientemente denunci\u00f3 la situaci\u00f3n de personas cuyas vidas corr\u00edan peligro en sus pa\u00edses de origen por pertenecer al <strong>colectivo LGBTIQ+<\/strong>.<\/li><\/ul>\n\n\n\n<p>\u201cEs una realidad que las personas LGBTIQ+ escapan de situaciones de violencia extrema, muchas veces cometidas por sus propias comunidades y familiares. Los Estados, <strong>por acci\u00f3n u omisi\u00f3n<\/strong>, no les protegen y hasta les criminalizan. Las personas que huyen para salvar su vida debido a su identidad y expresi\u00f3n de g\u00e9nero u orientaci\u00f3n sexual pueden ser consideradas refugiadas\u201d, dijo <strong>Belski<\/strong>.<\/p>\n\n\n\n<ul><li>Tambi\u00e9n el movimiento visibiliza <strong>la limpieza \u00e9tnica que autoridades de Etiop\u00eda est\u00e1n llevando a cabo contra las personas tigrianas<\/strong>, en el contexto de guerra de la regi\u00f3n de Tigr\u00e9 Occidental. Desde el a\u00f1o pasado, hay un conflicto armado en Etiop\u00eda que est\u00e1 causando cr\u00edmenes de lesa humanidad, con asesinatos, violaciones, detenciones masivas y traslados forzosos.<\/li><\/ul>\n\n\n\n<p>\u201cDesde Amnist\u00eda Internacional exigimos que el gobierno et\u00edope pida a las fuerzas de seguridad y a las milicias que terminen estas atrocidades, permita el acceso de organismos humanitarios -incluso a los centros de detenci\u00f3n- y apoye las iniciativas para hacer justicia, que garanticen la rendici\u00f3n de cuentas de los responsables de \u00e9stos graves delitos\u201d, se\u00f1al\u00f3 su directora Ejecutiva.<\/p>\n\n\n\n<ul><li>Otra grave situaci\u00f3n actual que desde <strong>AI<\/strong> informaron, ocurre en <strong>China<\/strong>, en la regi\u00f3n de <strong>Xinjiang<\/strong>. All\u00ed, cientos de miles de personas de origen uigur, kazajo y de otras minor\u00edas musulmanas son sometidas a encarcelamiento masivo, vigilancia y tortura por su <strong>condici\u00f3n \u00e9tnica<\/strong>, en <strong>campos de concentraci\u00f3n llamados centros de \u201ctransformaci\u00f3n mediante la educaci\u00f3n\u201d<\/strong>.<\/li><\/ul>\n\n\n\n<p>\u201cLas autoridades chinas toman estas medidas extremas para terminar con las tradiciones religiosas, las pr\u00e1cticas culturales y los idiomas locales de los grupos musulmanes de la regi\u00f3n\u201d, asegur\u00f3 <strong>Mariela Belski.<\/strong><\/p>\n\n\n\n<p class=\"has-medium-font-size\"><strong>\u00bfHay esperanza en el mundo?<\/strong><\/p>\n\n\n\n<p>Tal como indican desde Amnist\u00eda, con su minuciosa investigaci\u00f3n y decidido trabajo de campa\u00f1a, ayudan a combatir los abusos contra los derechos humanos en todo el mundo. <strong>Llevan a torturadores ante la justicia. Cambian leyes opresivas. Y liberan a personas encarceladas \u00fanicamente por expresar su opini\u00f3n<\/strong>.<\/p>\n\n\n\n<p>Este es un ejemplo de las tantas organizaciones, movimientos y formas de colaborar para lograr el bienestar social y humano entre todos.<\/p>\n\n\n\n<p class=\"has-text-align-center has-medium-font-size\"><strong>Y vos \u00bfcrees que todo est\u00e1 perdido?<\/strong><\/p>\n","protected":false},"excerpt":{"rendered":"<p>Por Melisa Delgado Niglia. Hoy se celebra el D\u00eda Mundial de la Asistencia Humanitaria, que busca rendir tributo a las distintas personas que colaboran y que hasta arriesgan sus vidas para ayudar a otras, en medio de diversas crisis a lo largo y ancho del mundo. Mariela Belski es la directora Ejecutiva del Amnist\u00eda Internacional [&hellip;]<\/p>\n","protected":false},"author":52,"featured_media":350556,"comment_status":"open","ping_status":"open","sticky":false,"template":"","format":"standard","meta":{"_stopmodifiedupdate":false,"_modified_date":"","inline_featured_image":false,"spay_email":"","jetpack_publicize_message":""},"categories":[2,13],"tags":[1773],"jetpack_featured_media_url":"https:\/\/notinor.com\/jujuy\/wp-content\/uploads\/2022\/08\/WhatsApp-Image-2022-08-18-at-9.48.00-PM.jpeg","jetpack_publicize_connections":[],"_links":{"self":[{"href":"https:\/\/notinor.com\/jujuy\/wp-json\/wp\/v2\/posts\/350555"}],"collection":[{"href":"https:\/\/notinor.com\/jujuy\/wp-json\/wp\/v2\/posts"}],"about":[{"href":"https:\/\/notinor.com\/jujuy\/wp-json\/wp\/v2\/types\/post"}],"author":[{"embeddable":true,"href":"https:\/\/notinor.com\/jujuy\/wp-json\/wp\/v2\/users\/52"}],"replies":[{"embeddable":true,"href":"https:\/\/notinor.com\/jujuy\/wp-json\/wp\/v2\/comments?post=350555"}],"version-history":[{"count":2,"href":"https:\/\/notinor.com\/jujuy\/wp-json\/wp\/v2\/posts\/350555\/revisions"}],"predecessor-version":[{"id":350559,"href":"https:\/\/notinor.com\/jujuy\/wp-json\/wp\/v2\/posts\/350555\/revisions\/350559"}],"wp:featuredmedia":[{"embeddable":true,"href":"https:\/\/notinor.com\/jujuy\/wp-json\/wp\/v2\/media\/350556"}],"wp:attachment":[{"href":"https:\/\/notinor.com\/jujuy\/wp-json\/wp\/v2\/media?parent=350555"}],"wp:term":[{"taxonomy":"category","embeddable":true,"href":"https:\/\/notinor.com\/jujuy\/wp-json\/wp\/v2\/categories?post=350555"},{"taxonomy":"post_tag","embeddable":true,"href":"https:\/\/notinor.com\/jujuy\/wp-json\/wp\/v2\/tags?post=350555"}],"curies":[{"name":"wp","href":"https:\/\/api.w.org\/{rel}","templated":true}]}}