{"id":350366,"date":"2022-08-18T08:05:45","date_gmt":"2022-08-18T11:05:45","guid":{"rendered":"https:\/\/notinor.com\/jujuy\/?p=350366"},"modified":"2022-08-18T09:14:52","modified_gmt":"2022-08-18T12:14:52","slug":"saavedra-emma","status":"publish","type":"post","link":"https:\/\/notinor.com\/jujuy\/saavedra-emma\/","title":{"rendered":"SAAVEDRA, Emma"},"content":{"rendered":"\n<p><strong>Falleci\u00f3 el d\u00eda 16 de agosto de 2022, a hs. 17:00. C.A.S.R. y B.P., a la edad de 91 a\u00f1os. Sus hijos: Hugo Rub\u00e9n, H\u00e9ctor Edgar, Miryan Fanny y Luisa Aurora; sus hijos pol\u00edticos: Sonia, Alicia, Juan Carlos y Fernando; sus nietos: Ver\u00f3nica, Vanesa, Hugo, Mauro, Juan Ignacio, Franco, Alvaro, Martina y Camila; sus hermanos: Delia, Marta y dem\u00e1s familiares participan con profundo dolor su fallecimiento y comunican que sus restos fueron inhumados ayer 17 de agosto en el cementerio Jard\u00edn del Castillo. FAE. Casa de duelo salas Arenales de empresa La Piedad sita en Arenales 1145. Servicio empresa La Piedad SA. Salta 727 S.S. de Jujuy, Tel. 0388-4222487. L\u00ednea gratuita 0800-444-5274.<\/strong><\/p>\n","protected":false},"excerpt":{"rendered":"<p>Falleci\u00f3 el d\u00eda 16 de agosto de 2022, a hs. 17:00. C.A.S.R. y B.P., a la edad de 91 a\u00f1os. Sus hijos: Hugo Rub\u00e9n, H\u00e9ctor Edgar, Miryan Fanny y Luisa Aurora; sus hijos pol\u00edticos: Sonia, Alicia, Juan Carlos y Fernando; sus nietos: Ver\u00f3nica, Vanesa, Hugo, Mauro, Juan Ignacio, Franco, Alvaro, Martina y Camila; sus hermanos: [&hellip;]<\/p>\n","protected":false},"author":5,"featured_media":129720,"comment_status":"open","ping_status":"open","sticky":false,"template":"","format":"standard","meta":{"_stopmodifiedupdate":false,"_modified_date":"","inline_featured_image":false,"spay_email":"","jetpack_publicize_message":""},"categories":[523],"tags":[],"jetpack_featured_media_url":"https:\/\/notinor.com\/jujuy\/wp-content\/uploads\/2017\/08\/Obituarios1.jpg","jetpack_publicize_connections":[],"_links":{"self":[{"href":"https:\/\/notinor.com\/jujuy\/wp-json\/wp\/v2\/posts\/350366"}],"collection":[{"href":"https:\/\/notinor.com\/jujuy\/wp-json\/wp\/v2\/posts"}],"about":[{"href":"https:\/\/notinor.com\/jujuy\/wp-json\/wp\/v2\/types\/post"}],"author":[{"embeddable":true,"href":"https:\/\/notinor.com\/jujuy\/wp-json\/wp\/v2\/users\/5"}],"replies":[{"embeddable":true,"href":"https:\/\/notinor.com\/jujuy\/wp-json\/wp\/v2\/comments?post=350366"}],"version-history":[{"count":1,"href":"https:\/\/notinor.com\/jujuy\/wp-json\/wp\/v2\/posts\/350366\/revisions"}],"predecessor-version":[{"id":350367,"href":"https:\/\/notinor.com\/jujuy\/wp-json\/wp\/v2\/posts\/350366\/revisions\/350367"}],"wp:featuredmedia":[{"embeddable":true,"href":"https:\/\/notinor.com\/jujuy\/wp-json\/wp\/v2\/media\/129720"}],"wp:attachment":[{"href":"https:\/\/notinor.com\/jujuy\/wp-json\/wp\/v2\/media?parent=350366"}],"wp:term":[{"taxonomy":"category","embeddable":true,"href":"https:\/\/notinor.com\/jujuy\/wp-json\/wp\/v2\/categories?post=350366"},{"taxonomy":"post_tag","embeddable":true,"href":"https:\/\/notinor.com\/jujuy\/wp-json\/wp\/v2\/tags?post=350366"}],"curies":[{"name":"wp","href":"https:\/\/api.w.org\/{rel}","templated":true}]}}