{"id":350285,"date":"2022-08-17T16:03:26","date_gmt":"2022-08-17T19:03:26","guid":{"rendered":"https:\/\/notinor.com\/jujuy\/?p=350285"},"modified":"2022-08-17T16:03:30","modified_gmt":"2022-08-17T19:03:30","slug":"alberto-pone-lo-que-tenes-que-poner-reclamo-pablo-moyano-en-la-marcha-de-la-cgt","status":"publish","type":"post","link":"https:\/\/notinor.com\/jujuy\/alberto-pone-lo-que-tenes-que-poner-reclamo-pablo-moyano-en-la-marcha-de-la-cgt\/","title":{"rendered":"\u201cAlberto, pon\u00e9 lo que ten\u00e9s que poner\u201d, reclam\u00f3 Pablo Moyano en la marcha de la CGT"},"content":{"rendered":"\n<p class=\"has-medium-font-size\"><strong><em>En un escenario improvisado sobre la 9 de Julio, en el centro porte\u00f1o, el l\u00edder del gremio camionero le reclam\u00f3 al Presidente que mantenga las paritarias libres y que otorgue un bono o suma fija para los trabajadores.<\/em><\/strong><\/p>\n\n\n\n<div class=\"wp-block-image\"><figure class=\"aligncenter size-large\"><img decoding=\"async\" loading=\"lazy\" width=\"801\" height=\"450\" src=\"https:\/\/notinor.com\/jujuy\/wp-content\/uploads\/2022\/08\/pablo-moyano.jpg\" alt=\"\" class=\"wp-image-350287\" srcset=\"https:\/\/notinor.com\/jujuy\/wp-content\/uploads\/2022\/08\/pablo-moyano.jpg 801w, https:\/\/notinor.com\/jujuy\/wp-content\/uploads\/2022\/08\/pablo-moyano-650x365.jpg 650w, https:\/\/notinor.com\/jujuy\/wp-content\/uploads\/2022\/08\/pablo-moyano-500x280.jpg 500w, https:\/\/notinor.com\/jujuy\/wp-content\/uploads\/2022\/08\/pablo-moyano-768x431.jpg 768w, https:\/\/notinor.com\/jujuy\/wp-content\/uploads\/2022\/08\/pablo-moyano-750x421.jpg 750w\" sizes=\"(max-width: 801px) 100vw, 801px\" \/><\/figure><\/div>\n\n\n\n<p>La Ciudad de Buenos Aires, principalmente el centro porte\u00f1o, vuelve este mi\u00e9rcoles a ser un caos de tr\u00e1nsito que se ve afectado por cortes de calles y avenidas, en el marco de las marchas que convoc\u00f3 por un lado la CGT \u2014y otros espacios sindicales afines al Gobierno hacia el Congreso de la Naci\u00f3n\u2014 y, por el otro, movimientos sociales y organizaciones de izquierda en rechazo a la situaci\u00f3n econ\u00f3mica que atraviesa el pa\u00eds \u2014concentrar\u00e1n en Plaza de Mayo\u2014.<\/p>\n\n\n\n<p>Ante lo masivo de la doble protesta, las autoridades recomendaron a los conductores que tienen como destino el centro porte\u00f1o optar hacerlo con servicio de transporte p\u00fablico, especialmente a trav\u00e9s de la red de subterr\u00e1neos, para no sufrir demoras e inconvenientes.<\/p>\n\n\n\n<p><strong>15:27 Los precios de los \u201cchoris\u201d y las bondiolas en el Congreso<\/strong><\/p>\n\n\n\n<p>En el punto de encuentro para el acto final de la CGT frente al Congreso de la Naci\u00f3n, el precio de un choripan es de $400, mientras que una bondiola cuesta $700 \u2014$800 con aderezos\u2014<\/p>\n\n\n\n<p><strong>15:03 La conducci\u00f3n de la CGT llega a la Plaza de los Dos Congresos<\/strong><\/p>\n\n\n\n<p>Los c\u00fapula de la Confederaci\u00f3n General del Trabajo arriba a pie al punto de encuentro para el acto final de la manifestaci\u00f3n. El triunvirato que lidera la CGT compuesto por H\u00e9ctor Daer, de Sanidad; Pablo Moyano, de Camioneros, y Carlos Acu\u00f1a, de estaciones de servicio, se encuentran presentes.<\/p>\n\n\n\n<p><strong>14:45 La \u201ccontramarcha\u201d de piqueteros a Plaza de Mayo<\/strong><\/p>\n\n\n\n<p>En la tarde de hoy el Plenario del Sindicalismo Combativo junto a la izquierda y la Unidad Piquetera se movilizar\u00e1 a Plaza de Mayo. Es una marcha alternativa a la convocada por la CGT y apoyada por la UTEP. Estas organizaciones de izquierda esgrimen consignas de fuerte contenido contra el gobierno de Alberto Fern\u00e1ndez. Concentrar\u00e1n desde las 15 en Bol\u00edvar y Avenida de Mayo. \u201cDejan pasar el ajuste y traicionan a la clase obrera porque lo que tendr\u00eda que hacer la CGT y CTA es llamar a un paro nacional y plan de lucha\u201d, se\u00f1al\u00f3 Celeste Fierro, dirigente nacional del MST-FIT Unidad.<\/p>\n\n\n\n<p>\u201cLos anuncios del nuevo \u2018superministro\u2019 de econom\u00eda del gobierno del Frente de Todos, Sergio Massa, fueron claros, seguir implementando el ajuste contra el pueblo y garantizar los pagos de la deuda externa. Todas medidas para aumentar las ganancias patronales. Para los trabajadores s\u00f3lo m\u00e1s ajuste y tarifazos, adem\u00e1s del achique del presupuesto en salud y educaci\u00f3n\u201d, sostiene la convocatoria de la izquierda.<\/p>\n\n\n\n<p>Eduardo Belliboni \u2014referente de la Unidad Piquetera\u2014 agreg\u00f3: \u201cDesde las organizaciones piqueteras venimos llevando un fuerte plan de lucha por un bono de emergencia de $20.000 y un aumento del salario m\u00ednimo vital y m\u00f3vil a $105.000\u201d.<\/p>\n\n\n\n<p><strong>14:15 Juan Manuel Abal Medina, presente en la marcha<\/strong><\/p>\n\n\n\n<p>A la manifestaci\u00f3n se sum\u00f3 Juan Manuel Abal Medina, ex jefe de Gabinete de Cristina Kirchner, quien destac\u00f3 la participaci\u00f3n de \u201clos trabajadores que reclaman por los precios, contra la inflaci\u00f3n, para construir una senda de desarrollo argentino, que lo haga con los 47 millones de argentinos adentro\u201d.<\/p>\n\n\n\n<p>\u201cHay un pueblo organizado, hay conciencia de clase, que reclama con claridad. Para muchos es muy f\u00e1cil subir precios y especular. Tienen que pensar que hay un poder social que va a trabajar incansablemente\u201d, agreg\u00f3 el dirigente.<\/p>\n\n\n\n<p>Consultado por la situaci\u00f3n del Gobierno, Abal Medina resalt\u00f3 que est\u00e1 \u201cavanzando bien, luego de los problemas internos que tuvimos en un frente tan amplio como el nuestro y con el nivel de problemas que estamos enfrentando luego de la pandemia del macrismo, pandemia del covid y una guerra que sube precios de materias primas\u201d.<\/p>\n\n\n\n<p><strong>13:40 \u201cLas paritarias son necesarias para sostener el salario\u201d<\/strong><\/p>\n\n\n\n<p>H\u00e9ctor Daer, secretario general de la CGT, reiter\u00f3 este mediod\u00eda que hay sectores que especulan con los precios. \u201cSi hay una salida a la crisis no puede ser con el lomo de los que menos tienen. La remarcaci\u00f3n por las dudas, lo \u00fanico que hacemos en transferir el dinero de los que menos tienen a los que producen y a veces acopian\u201d, se\u00f1al\u00f3.<\/p>\n\n\n\n<p>Asimismo, neg\u00f3 cualquier tipo de temor de que se suspendan las paritarias. \u201cLas paritarias son la din\u00e1mica necesaria para sostener el poder adquisitivo del salario. Las paritarias tienen vigencia, revisi\u00f3n y lo que tenemos que acordar es ver c\u00f3mo podemos hacer para ir llevando la inflaci\u00f3n a la baja, pero para esto lo que no puede haber es especulaci\u00f3n\u201d, concluy\u00f3.<\/p>\n\n\n\n<p><strong>13:18 Escoltado por una ambulancia<\/strong><\/p>\n\n\n\n<p>Tras el discurso improvisado, Pablo Moyano se subi\u00f3 a una combi blanca, que fue escalada por una ambulancia del gremio Camioneros, que le fue abriendo paso entre los manifestantes, para dirigirse hacia la sede de la CGT, donde los directivos cegetistas realizar\u00e1n finalmente una conferencia de prensa.<\/p>\n\n\n\n<p><strong>12:36 Acto oficial del Presidente en La Rioja<\/strong><\/p>\n\n\n\n<p>Mientras Pablo Moyano lanzaba su advertencia al Gobierno nacional y a los empresarios, el presidente Alberto Fern\u00e1ndez se preparaba para encabezar el homenaje oficial por el 172\u00b0 aniversario de la muerte del general Jos\u00e9 de San Mart\u00edn en Chilecito, La Rioja.<\/p>\n\n\n\n<p><strong>12:35 \u201cAlberto, pon\u00e9 lo que ten\u00e9s que poner\u201d<\/strong><\/p>\n\n\n\n<p>El l\u00edder del gremio de Camioneros, Pablo Moyano, mont\u00f3 su propio acto, apunt\u00f3 contra los empresarios nucleados en AEA y le reclam\u00f3 al presidente Alberto Fern\u00e1ndez que \u201cponga lo que tenga que poner\u201d ante los especuladores.<\/p>\n\n\n\n<p>\u201cAlberto, pon\u00e9 lo que ten\u00e9s que poner ante los especuladores. No podemos seguir con estos niveles de inflaci\u00f3n. Sent\u00e1 a estos tipos, pon\u00e9 las multas que tengas que poner que los trabajadores te vamos a bancar. Sac\u00e1 ese bono o la suma fija para los trabajadores que no llegan a fin de mes y manten\u00e9 las paritarias libres; que la asignaci\u00f3n llegue a todos los trabajadores\u201d, le reclam\u00f3 el dirigente sindical, en la previa a marchar hacia el Congreso de la Naci\u00f3n.<\/p>\n\n\n\n<p>Luego, el sindicalista, volvi\u00f3 a cargar contra los empresarios, a los que les dedic\u00f3 insultos y los acus\u00f3 de \u201crobarle la comida a la gente\u201d.<\/p>\n\n\n\n<p><strong>12:17 9 de Julio y Belgrano<\/strong><\/p>\n\n\n\n<p>Pablo Moyano lleg\u00f3 este mediod\u00eda al improvisado escenario que mont\u00f3 el gremio Camioneros sobre un cami\u00f3n de reparto de gaseosas.<\/p>\n\n\n\n<p><strong>11:40 Bombas de estruendo<\/strong><\/p>\n\n\n\n<p>Los morteros y las bombas de estruendo resuenan en medio del sonido de bombos, redoblantes y la arenga de los manifestantes. En la intersecci\u00f3n de Avenida de Mayo y 9 de Julio, un grupo de manifestantes del gremio de Luz y Fuerza hace detonar todo tipo de pirotecnia.<\/p>\n\n\n\n<p><strong>11:25 Sin atenci\u00f3n en los bancos estatales<\/strong><\/p>\n\n\n\n<p>La Bancaria, gremio que re\u00fane al personal de los bancos, dispuso un cese de actividades y de atenci\u00f3n en las sucursales porte\u00f1as y bonaerenses a partir de las 11 para que los trabajadores puedan asistir a la movilizaci\u00f3n.<\/p>\n\n\n\n<p><strong>11:00 El humo de los choripanes<\/strong><\/p>\n\n\n\n<p>A pesar de las malas condiciones clim\u00e1ticas, los puestos de comida callejera se instalaron igual a lo largo de la 9 de Julio.<\/p>\n\n\n\n<p>En una recorrida por los distintos puestos, se pudo comprobar que impacto de la inflaci\u00f3n tambi\u00e9n lleg\u00f3 al cl\u00e1sico chorip\u00e1n: el sandwich cuesta $500, 100 m\u00e1s que la semana pasada. En tanto, un vaso de gaseosa se puede conseguir desde 250 pesos.<\/p>\n\n\n\n<p><strong>10:31: No habr\u00e1 escenario ni oradores<\/strong><\/p>\n\n\n\n<p>La primera movilizaci\u00f3n cegetista desde 2019 comenzar\u00e1 a las 15 en el Obelisco y terminar\u00e1 en la Plaza de los Dos Congresos. Se sumar\u00e1n la CTA kirchnerista, movimientos sociales cercanos al oficialismo y La C\u00e1mpora. No habr\u00e1 escenario ni oradores. S\u00f3lo se leer\u00e1 un documento.<\/p>\n\n\n\n<p><strong>9:37 \u201cEl Gobierno es responsable\u201d<\/strong><\/p>\n\n\n\n<p>El ex diputado nacional y Secretario Adjunto de Sutpa, Facundo Moyano, asegur\u00f3 que \u201cel gobierno es responsable\u201d tambi\u00e9n de lo que ocurre en la Argentina. \u201cExisten formadores de precios, pero tambi\u00e9n existe un Estado con herramientas para controlarlos\u201d, enfatiz\u00f3.<\/p>\n\n\n\n<p>\u201cDisiento con los que dicen \u2018nuestro gobierno\u2019, yo soy peronista, pero hay peronistas por fuera y por dentro. Hay peronismo fuera del Frente de Todos. La propia Cristina (Kirchner) se viene quejando y forma parte del Gobierno\u201d, a\u00f1adi\u00f3.<\/p>\n\n\n\n<p><strong>9:01 \u201cOjal\u00e1 que el gobierno capitalice la marcha\u201d<\/strong><\/p>\n\n\n\n<p>El secretario general de UPCN y adjunto de la CGT, Andr\u00e9s Rodr\u00edguez, reiter\u00f3 que \u201cla marcha no es ni a favor ni en contra del Gobierno, es contra los que especulan para generar una devaluaci\u00f3n\u201d y asegur\u00f3 que \u201cel mensaje de la marcha es constructivo, para salir adelante. La grieta no va m\u00e1s\u201d.<\/p>\n\n\n\n<p>\u201cOjal\u00e1 que el gobierno capitalice la marcha\u201d, concluy\u00f3.<\/p>\n\n\n\n<p><strong>8:25 Incidentes por una bandera<\/strong><\/p>\n\n\n\n<p>Momentos tensos se vivieron esta ma\u00f1ana en un sector del \u201crulo de la 9 de Julio Sur\u201d, en la subida de la Avenida San Juan y Lima, por una bandera que coloc\u00f3 el gremio de Camioneros sobre ese lugar, que dificult\u00f3 la visibilidad y puso en peligro a los automovilistas.<\/p>\n\n\n\n<p>En la previa de la marcha, los manifestantes colgaron una bandera con los colores \u201cverde y blanco\u201d representativos del gremio, sobre el guardarrail de la Autopista 25 de Mayo. La Polic\u00eda se hizo presente y comenz\u00f3 una discusi\u00f3n que fue subiendo de tono. Se llegaron a ver algunos empujones y forcejeos entre los sindicalistas y los efectivos, quienes finalmente sacaron y se quedaron con la bandera.<\/p>\n\n\n\n<p>Finalmente, intervino la Guardia de Infanter\u00eda que logr\u00f3 persuadir a los manifestantes camioneros que finalmente depusieron su actitud y bajaron de la Autopista. Despu\u00e9s se movilizaron con otra bandera desde avenida 9 de Julio y San Juan hacia la zona del Obelisco al grito de \u00a1Aguante Camioneros!<\/p>\n\n\n\n<p><strong>7:46 \u201cDen la cara\u201d<\/strong><\/p>\n\n\n\n<p>El ministro de Justicia y Seguridad de la Ciudad, Marcelo D\u2019Alessandro, responsabiliz\u00f3 al Gobierno nacional por las marchas que habr\u00e1 hoy en el centro porte\u00f1o y asegur\u00f3: \u201cNo podemos dar respuestas con la polic\u00eda a las demandas que se les hacen a la pol\u00edtica y a la econom\u00eda\u201d.<\/p>\n\n\n\n<p>\u201cNecesitamos que se hagan cargo de la situaci\u00f3n y den la cara\u201d, enfatiz\u00f3 en declaraciones a Radio La Red.<\/p>\n","protected":false},"excerpt":{"rendered":"<p>En un escenario improvisado sobre la 9 de Julio, en el centro porte\u00f1o, el l\u00edder del gremio camionero le reclam\u00f3 al Presidente que mantenga las paritarias libres y que otorgue un bono o suma fija para los trabajadores. La Ciudad de Buenos Aires, principalmente el centro porte\u00f1o, vuelve este mi\u00e9rcoles a ser un caos de [&hellip;]<\/p>\n","protected":false},"author":49,"featured_media":350287,"comment_status":"open","ping_status":"open","sticky":false,"template":"","format":"standard","meta":{"_stopmodifiedupdate":false,"_modified_date":"","inline_featured_image":false,"spay_email":"","jetpack_publicize_message":""},"categories":[2,5],"tags":[],"jetpack_featured_media_url":"https:\/\/notinor.com\/jujuy\/wp-content\/uploads\/2022\/08\/pablo-moyano.jpg","jetpack_publicize_connections":[],"_links":{"self":[{"href":"https:\/\/notinor.com\/jujuy\/wp-json\/wp\/v2\/posts\/350285"}],"collection":[{"href":"https:\/\/notinor.com\/jujuy\/wp-json\/wp\/v2\/posts"}],"about":[{"href":"https:\/\/notinor.com\/jujuy\/wp-json\/wp\/v2\/types\/post"}],"author":[{"embeddable":true,"href":"https:\/\/notinor.com\/jujuy\/wp-json\/wp\/v2\/users\/49"}],"replies":[{"embeddable":true,"href":"https:\/\/notinor.com\/jujuy\/wp-json\/wp\/v2\/comments?post=350285"}],"version-history":[{"count":1,"href":"https:\/\/notinor.com\/jujuy\/wp-json\/wp\/v2\/posts\/350285\/revisions"}],"predecessor-version":[{"id":350288,"href":"https:\/\/notinor.com\/jujuy\/wp-json\/wp\/v2\/posts\/350285\/revisions\/350288"}],"wp:featuredmedia":[{"embeddable":true,"href":"https:\/\/notinor.com\/jujuy\/wp-json\/wp\/v2\/media\/350287"}],"wp:attachment":[{"href":"https:\/\/notinor.com\/jujuy\/wp-json\/wp\/v2\/media?parent=350285"}],"wp:term":[{"taxonomy":"category","embeddable":true,"href":"https:\/\/notinor.com\/jujuy\/wp-json\/wp\/v2\/categories?post=350285"},{"taxonomy":"post_tag","embeddable":true,"href":"https:\/\/notinor.com\/jujuy\/wp-json\/wp\/v2\/tags?post=350285"}],"curies":[{"name":"wp","href":"https:\/\/api.w.org\/{rel}","templated":true}]}}