{"id":350264,"date":"2022-08-17T15:16:20","date_gmt":"2022-08-17T18:16:20","guid":{"rendered":"https:\/\/notinor.com\/jujuy\/?p=350264"},"modified":"2022-08-17T15:16:25","modified_gmt":"2022-08-17T18:16:25","slug":"el-lobo-jugaria-un-amistoso-con-river-plate-en-el-estadio-23-de-agosto","status":"publish","type":"post","link":"https:\/\/notinor.com\/jujuy\/el-lobo-jugaria-un-amistoso-con-river-plate-en-el-estadio-23-de-agosto\/","title":{"rendered":"El \"Lobo\" jugar\u00eda un amistoso con River Plate en el Estadio \"23 de Agosto\""},"content":{"rendered":"\n<p><em>El Vicepresidente segundo de River Plate, Ignacio Villaroel, asegur\u00f3 que el Millonario llegar\u00e1 a la Tacita de Plata en septiembre u octubre \"si hay una provincia que es gallina, es Jujuy\" expres\u00f3.<\/em><\/p>\n\n\n\n<div class=\"wp-block-image\"><figure class=\"aligncenter size-large\"><img decoding=\"async\" loading=\"lazy\" width=\"840\" height=\"441\" src=\"https:\/\/notinor.com\/jujuy\/wp-content\/uploads\/2022\/08\/5460d139-916d-4854-91f9-9bcfa654a9f6-840x441.jpg\" alt=\"\" class=\"wp-image-350267\" srcset=\"https:\/\/notinor.com\/jujuy\/wp-content\/uploads\/2022\/08\/5460d139-916d-4854-91f9-9bcfa654a9f6-840x441.jpg 840w, https:\/\/notinor.com\/jujuy\/wp-content\/uploads\/2022\/08\/5460d139-916d-4854-91f9-9bcfa654a9f6-660x347.jpg 660w, https:\/\/notinor.com\/jujuy\/wp-content\/uploads\/2022\/08\/5460d139-916d-4854-91f9-9bcfa654a9f6-768x403.jpg 768w, https:\/\/notinor.com\/jujuy\/wp-content\/uploads\/2022\/08\/5460d139-916d-4854-91f9-9bcfa654a9f6-1536x806.jpg 1536w, https:\/\/notinor.com\/jujuy\/wp-content\/uploads\/2022\/08\/5460d139-916d-4854-91f9-9bcfa654a9f6-750x394.jpg 750w, https:\/\/notinor.com\/jujuy\/wp-content\/uploads\/2022\/08\/5460d139-916d-4854-91f9-9bcfa654a9f6-1140x599.jpg 1140w, https:\/\/notinor.com\/jujuy\/wp-content\/uploads\/2022\/08\/5460d139-916d-4854-91f9-9bcfa654a9f6.jpg 1600w\" sizes=\"(max-width: 840px) 100vw, 840px\" \/><\/figure><\/div>\n\n\n\n<p><em><a href=\"https:\/\/www.instagram.com\/rocioroj_\/\">Por Roc\u00edo Rojas<\/a><\/em><\/p>\n\n\n\n<p><strong>Gimnasia y Esgrima de Jujuy y River Plate podr\u00edan jugar un amistoso en el Estadio \"23 de Agosto\" antes de que termine el a\u00f1o,<\/strong> las tratativas ya se iniciaron y solo restar\u00eda encontrar una fecha en el calendario, ya que ambos equipos afrontan doble competencia entre Liga Profesional, Primera Nacional y Copa Argentina.<\/p>\n\n\n\n<p>El Vicepresidente segundo del \"Millonario\", Ignacio Villaroel, asegur\u00f3 que junto al presidente del \"Lobo\", Juan Brajcich, conjuntamente con la Gobernaci\u00f3n y la secretar\u00eda de Turismo y Deportes<strong>\u00a0<\/strong>est\u00e1n trabajando para concretar el partido.<\/p>\n\n\n\n<blockquote class=\"wp-block-quote\"><p><strong>\u00abestamos\u00a0trabajando en ello, buscando el hueco de la temporada para que River pueda venir<\/strong>, <strong>porque\u00a0si hay una provincia que es gallina, hincha de river, es Jujuy. Esperamos estar en breve con el equipo, ya que el objetivo es que nuestro primer amistoso fuera de Buenos Aires sea en San Salvador\u00bb<\/strong>.<\/p><\/blockquote>\n\n\n\n<p>Seg\u00fan trascendi\u00f3, desde el gobierno de la provincia <strong>se solicitar\u00e1 que el equipo de Marcelo Gallardo arribe a la provincia con varios jugadores titulares<\/strong>. <a href=\"https:\/\/notinor.com\/jujuy\/boca-y-river-jugarian-en-jujuy-en-el-2023\/\">Adem\u00e1s, tambi\u00e9n se habla de la posibilidad de que el a\u00f1o pr\u00f3ximo disputen una de las primeras llaves de la Copa Argentina.  <\/a><\/p>\n","protected":false},"excerpt":{"rendered":"<p>El Vicepresidente segundo de River Plate, Ignacio Villaroel, asegur\u00f3 que el Millonario llegar\u00e1 a la Tacita de Plata en septiembre u octubre \"si hay una provincia que es gallina, es Jujuy\" expres\u00f3. Por Roc\u00edo Rojas Gimnasia y Esgrima de Jujuy y River Plate podr\u00edan jugar un amistoso en el Estadio \"23 de Agosto\" antes de [&hellip;]<\/p>\n","protected":false},"author":37,"featured_media":350267,"comment_status":"open","ping_status":"open","sticky":false,"template":"","format":"standard","meta":{"_stopmodifiedupdate":false,"_modified_date":"","inline_featured_image":false,"spay_email":"","jetpack_publicize_message":""},"categories":[7],"tags":[],"jetpack_featured_media_url":"https:\/\/notinor.com\/jujuy\/wp-content\/uploads\/2022\/08\/5460d139-916d-4854-91f9-9bcfa654a9f6.jpg","jetpack_publicize_connections":[],"_links":{"self":[{"href":"https:\/\/notinor.com\/jujuy\/wp-json\/wp\/v2\/posts\/350264"}],"collection":[{"href":"https:\/\/notinor.com\/jujuy\/wp-json\/wp\/v2\/posts"}],"about":[{"href":"https:\/\/notinor.com\/jujuy\/wp-json\/wp\/v2\/types\/post"}],"author":[{"embeddable":true,"href":"https:\/\/notinor.com\/jujuy\/wp-json\/wp\/v2\/users\/37"}],"replies":[{"embeddable":true,"href":"https:\/\/notinor.com\/jujuy\/wp-json\/wp\/v2\/comments?post=350264"}],"version-history":[{"count":1,"href":"https:\/\/notinor.com\/jujuy\/wp-json\/wp\/v2\/posts\/350264\/revisions"}],"predecessor-version":[{"id":350279,"href":"https:\/\/notinor.com\/jujuy\/wp-json\/wp\/v2\/posts\/350264\/revisions\/350279"}],"wp:featuredmedia":[{"embeddable":true,"href":"https:\/\/notinor.com\/jujuy\/wp-json\/wp\/v2\/media\/350267"}],"wp:attachment":[{"href":"https:\/\/notinor.com\/jujuy\/wp-json\/wp\/v2\/media?parent=350264"}],"wp:term":[{"taxonomy":"category","embeddable":true,"href":"https:\/\/notinor.com\/jujuy\/wp-json\/wp\/v2\/categories?post=350264"},{"taxonomy":"post_tag","embeddable":true,"href":"https:\/\/notinor.com\/jujuy\/wp-json\/wp\/v2\/tags?post=350264"}],"curies":[{"name":"wp","href":"https:\/\/api.w.org\/{rel}","templated":true}]}}