{"id":350263,"date":"2022-08-17T15:08:12","date_gmt":"2022-08-17T18:08:12","guid":{"rendered":"https:\/\/notinor.com\/jujuy\/?p=350263"},"modified":"2022-08-17T15:14:47","modified_gmt":"2022-08-17T18:14:47","slug":"en-diciembre-comenzara-la-produccion-de-baterias-de-litio-en-el-pais","status":"publish","type":"post","link":"https:\/\/notinor.com\/jujuy\/en-diciembre-comenzara-la-produccion-de-baterias-de-litio-en-el-pais\/","title":{"rendered":"En diciembre, comenzar\u00e1 la producci\u00f3n de bater\u00edas de litio en el pa\u00eds"},"content":{"rendered":"\n<p class=\"has-medium-font-size\"><em><strong>El proyecto de YPF-Tecnolog\u00eda (Y-TEC) apunta a lograr un desarrollo \u201cdesde el salar hasta las bater\u00edas\u201d. La obra civil de la planta industrial ya est\u00e1 terminada y que lo que sigue es la puesta en marcha de la fabricaci\u00f3n.<\/strong><\/em><\/p>\n\n\n\n<p><strong>Por Agostina P\u00e9rez<\/strong><\/p>\n\n\n\n<div class=\"wp-block-image\"><figure class=\"aligncenter size-large\"><img decoding=\"async\" loading=\"lazy\" width=\"840\" height=\"472\" src=\"https:\/\/notinor.com\/jujuy\/wp-content\/uploads\/2022\/08\/60c7a4a37444f_900-840x472.jpg\" alt=\"\" class=\"wp-image-350270\" srcset=\"https:\/\/notinor.com\/jujuy\/wp-content\/uploads\/2022\/08\/60c7a4a37444f_900-840x472.jpg 840w, https:\/\/notinor.com\/jujuy\/wp-content\/uploads\/2022\/08\/60c7a4a37444f_900-649x365.jpg 649w, https:\/\/notinor.com\/jujuy\/wp-content\/uploads\/2022\/08\/60c7a4a37444f_900-500x280.jpg 500w, https:\/\/notinor.com\/jujuy\/wp-content\/uploads\/2022\/08\/60c7a4a37444f_900-768x432.jpg 768w, https:\/\/notinor.com\/jujuy\/wp-content\/uploads\/2022\/08\/60c7a4a37444f_900-750x422.jpg 750w, https:\/\/notinor.com\/jujuy\/wp-content\/uploads\/2022\/08\/60c7a4a37444f_900.jpg 900w\" sizes=\"(max-width: 840px) 100vw, 840px\" \/><\/figure><\/div>\n\n\n\n<p><strong>YPF-Tecnolog\u00eda (Y-TEC) comenzar\u00e1 en diciembre la producci\u00f3n de celdas para bater\u00edas de litio en la Argentina.<\/strong> As\u00ed lo anticip\u00f3 el presidente de la empresa, Roberto Salvarezza, quien afirm\u00f3 que el proyecto desplegado desde YPF <strong>apunta a un desarrollo \u201cdesde el salar hasta las bater\u00edas\u201d.<\/strong><\/p>\n\n\n\n<p><strong>\u201cEstamos avanzando r\u00e1pidamente\u201d,<\/strong> asegur\u00f3 Salvarezza, en el marco de la visita del presidente Alberto Fern\u00e1ndez a las instalaciones de Y-TEC, ubicadas en el partido bonaerense de Berisso. En este sentido, remarc\u00f3 que<strong>&nbsp;la obra civil de la planta industrial ya est\u00e1 terminada <\/strong>y que <strong>lo que sigue es la puesta en marcha de la fabricaci\u00f3n.<\/strong> \u201c<strong>En octubre estar\u00e1n llegando los equipos y en diciembre daremos inicio a la producci\u00f3n de las celdas para las bater\u00edas de litio<\/strong>\u201d, adelant\u00f3. <\/p>\n\n\n\n<p>Seg\u00fan estimaciones oficiales,<strong> la producci\u00f3n anual alcanzar\u00e1 las 1000 bater\u00edas para almacenamiento estacionario de energ\u00edas renovables o unas 50 para colectivos el\u00e9ctricos. La planta generar\u00e1 50 puestos de trabajo directos.<\/strong><\/p>\n\n\n\n<blockquote class=\"wp-block-quote\"><p><strong>Y-TEC tiene una planta piloto que est\u00e1 funcionando y produciendo prototipos de celdas con materiales que se generan en el pa\u00eds<\/strong>.<\/p><\/blockquote>\n\n\n\n<p>Al ser consultado sobre el&nbsp;<strong>actual proceso de producci\u00f3n de litio en la Argentina<\/strong>, Salvarezza coment\u00f3 que, desde hace a\u00f1os, <strong>Y-TEC tiene una planta piloto que est\u00e1 funcionando y produciendo prototipos de celdas con materiales que se generan en el pa\u00eds<\/strong>, como el carbonato de litio, que se extrae de fuentes locales.<\/p>\n\n\n\n<p>\u201cA su vez,<strong> YPF est\u00e1 desplegando un proyecto, a trav\u00e9s de YPF Litio, creada el a\u00f1o pasado <\/strong>por el presidente de la empresa, Pablo Gonz\u00e1lez, <strong>que se va a dedicar a la extracci\u00f3n en salares y a la producci\u00f3n de carbonato de litio<\/strong>\u201d, record\u00f3 Salvarezza. Ese proyecto, seg\u00fan indic\u00f3, apunta a&nbsp;<strong>una producci\u00f3n completa \u201cdesde el salar hasta las bater\u00edas\u201d<\/strong>, con el cuidado del medioambiente y la articulaci\u00f3n social de la comunidad como premisas. <\/p>\n\n\n\n<div class=\"wp-block-image\"><figure class=\"aligncenter size-large\"><img decoding=\"async\" loading=\"lazy\" width=\"693\" height=\"480\" src=\"https:\/\/notinor.com\/jujuy\/wp-content\/uploads\/2022\/08\/FaT9FtWWYAAVR0d-1-693x480.jpg\" alt=\"\" class=\"wp-image-350269\" srcset=\"https:\/\/notinor.com\/jujuy\/wp-content\/uploads\/2022\/08\/FaT9FtWWYAAVR0d-1-693x480.jpg 693w, https:\/\/notinor.com\/jujuy\/wp-content\/uploads\/2022\/08\/FaT9FtWWYAAVR0d-1-527x365.jpg 527w, https:\/\/notinor.com\/jujuy\/wp-content\/uploads\/2022\/08\/FaT9FtWWYAAVR0d-1-768x532.jpg 768w, https:\/\/notinor.com\/jujuy\/wp-content\/uploads\/2022\/08\/FaT9FtWWYAAVR0d-1-1536x1064.jpg 1536w, https:\/\/notinor.com\/jujuy\/wp-content\/uploads\/2022\/08\/FaT9FtWWYAAVR0d-1-750x519.jpg 750w, https:\/\/notinor.com\/jujuy\/wp-content\/uploads\/2022\/08\/FaT9FtWWYAAVR0d-1-1140x789.jpg 1140w, https:\/\/notinor.com\/jujuy\/wp-content\/uploads\/2022\/08\/FaT9FtWWYAAVR0d-1.jpg 2048w\" sizes=\"(max-width: 693px) 100vw, 693px\" \/><\/figure><\/div>\n\n\n\n<p>\u201cYPF extrae gas y petr\u00f3leo, pero tambi\u00e9n produce, procesa e industrializa lubricantes, naftas, combustibles en el pa\u00eds\u201d. Lo mismo estamos pensando para el litio\u201d, se\u00f1al\u00f3.<strong> YPF estar\u00e1 en el salar extrayendo salmuera, pero a su vez proces\u00e1ndola para dar con el carbonato de litio\u201d<\/strong>, proyect\u00f3.<\/p>\n\n\n\n<p class=\"has-medium-font-size\"><strong>El acuerdo con&nbsp;Yacimientos de Litio Bolivianos<\/strong><\/p>\n\n\n\n<p>De igual modo, <strong>Salvarezza se refiri\u00f3 al acuerdo de cooperaci\u00f3n cient\u00edfico-tecnol\u00f3gica entre Y-TEC y Yacimientos de Litio Bolivianos (YLB) para la producci\u00f3n de celdas y bater\u00edas de ion litio<\/strong>, celebrado el pasado 28 de julio.<\/p>\n\n\n\n<p>\u201c<strong>Con Bolivia compartimos todos los desaf\u00edos de industrializar el litio,<\/strong> tenemos mucho inter\u00e9s en el desarrollo y la tecnolog\u00eda de distintos materiales que se usan en las bater\u00edas. <strong>Tambi\u00e9n estamos muy interesados en poder llegar a emplear m\u00e9todos de extracci\u00f3n directa, que evite la p\u00e9rdida excesiva de agua<\/strong>\u201d, recalc\u00f3 en ese sentido.<\/p>\n\n\n\n<blockquote class=\"twitter-tweet\"><p lang=\"es\" dir=\"ltr\">Seguimos impulsando el desarrollo integral de la cadena de valor del litio en Argentina. En esta oportunidad, firmamos un convenio de colaboraci\u00f3n cient\u00edfico-tecnol\u00f3gico con <a href=\"https:\/\/twitter.com\/litio_boliviano?ref_src=twsrc%5Etfw\">@litio_boliviano<\/a> para la producci\u00f3n de celdas y bater\u00edas de ion litio con tecnolog\u00eda aut\u00f3noma. <a href=\"https:\/\/t.co\/Va477MSaIe\">pic.twitter.com\/Va477MSaIe<\/a><\/p>\u2014 ypfoficial (@YPFoficial) <a href=\"https:\/\/twitter.com\/YPFoficial\/status\/1552747528684277760?ref_src=twsrc%5Etfw\">July 28, 2022<\/a><\/blockquote> <script async=\"\" src=\"https:\/\/platform.twitter.com\/widgets.js\" charset=\"utf-8\"><\/script>\n\n\n\n<p><strong>\u201cEl litio tiene una importancia enorme y tenemos una disputa geopol\u00edtica por hacerse de este recurso, una puja que se da a nivel Latinoam\u00e9rica, <\/strong>regi\u00f3n que alberga al tri\u00e1ngulo del litio. Tenemos que ser jugadores\u201d, enfatiz\u00f3 el titular de Y-TEC, y manifest\u00f3: \"Estamos en un camino que lleva su tiempo, pero que implica desde el conocimiento a las aplicaciones tecnol\u00f3gicas y a la soberan\u00eda tecnol\u00f3gica\u201d.<\/p>\n\n\n\n<p class=\"has-medium-font-size\"><strong>Industria con potencial<\/strong><\/p>\n\n\n\n<p><strong>\u201cLa Argentina es la segunda reserva m\u00e1s importante en el mundo, por lo que&nbsp;no solamente tenemos que exportar el mineral, sino tambi\u00e9n industrializarlo\u201d<\/strong>, afirm\u00f3 Alberto Fern\u00e1ndez al visitar las obras. \u201c<strong>He visto c\u00f3mo el mundo reclama el litio como energ\u00eda y tenemos la oportunidad de brindarlo<\/strong>\u201d, expres\u00f3 el mandatario, y destac\u00f3 que \u201c<strong>el potencial se multiplica enormemente si lo industrializamos<\/strong>\u201d.&nbsp;<\/p>\n\n\n\n<p><strong>\u201cEl litio tiene un valor muy distinto si se exporta como mineral que si se lo exporta como bater\u00eda\u201d<\/strong>, puntualiz\u00f3, y a\u00f1adi\u00f3 que \u201ceso no solo supone f\u00e1bricas que se montan, o nuevos puestos de trabajo, sino que tambi\u00e9n implica multiplicar su precio\u201d.<\/p>\n\n\n\n<div class=\"wp-block-image\"><figure class=\"aligncenter size-large\"><img decoding=\"async\" loading=\"lazy\" width=\"840\" height=\"445\" src=\"https:\/\/notinor.com\/jujuy\/wp-content\/uploads\/2022\/07\/lYqsbsagJViQhnskBuuqEyhXGZSTOMQZnEubVRNGhkeObQdKfivOwRQmkqeFXqbG-1-840x445.jpg\" alt=\"\" class=\"wp-image-346099\" srcset=\"https:\/\/notinor.com\/jujuy\/wp-content\/uploads\/2022\/07\/lYqsbsagJViQhnskBuuqEyhXGZSTOMQZnEubVRNGhkeObQdKfivOwRQmkqeFXqbG-1-840x445.jpg 840w, https:\/\/notinor.com\/jujuy\/wp-content\/uploads\/2022\/07\/lYqsbsagJViQhnskBuuqEyhXGZSTOMQZnEubVRNGhkeObQdKfivOwRQmkqeFXqbG-1-660x350.jpg 660w, https:\/\/notinor.com\/jujuy\/wp-content\/uploads\/2022\/07\/lYqsbsagJViQhnskBuuqEyhXGZSTOMQZnEubVRNGhkeObQdKfivOwRQmkqeFXqbG-1-768x407.jpg 768w, https:\/\/notinor.com\/jujuy\/wp-content\/uploads\/2022\/07\/lYqsbsagJViQhnskBuuqEyhXGZSTOMQZnEubVRNGhkeObQdKfivOwRQmkqeFXqbG-1-750x398.jpg 750w, https:\/\/notinor.com\/jujuy\/wp-content\/uploads\/2022\/07\/lYqsbsagJViQhnskBuuqEyhXGZSTOMQZnEubVRNGhkeObQdKfivOwRQmkqeFXqbG-1.jpg 1000w\" sizes=\"(max-width: 840px) 100vw, 840px\" \/><\/figure><\/div>\n\n\n\n<p>La Argentina apunta a convertirse en el mayor productor de litio del mundo. Con el \u201coro blanco\u201d como estrella de la miner\u00eda,&nbsp;<strong>el pa\u00eds tiene en marcha 12 proyectos y espera duplicar la producci\u00f3n este a\u00f1o.<\/strong><\/p>\n\n\n\n<p><strong>Jujuy, Salta y Catamarca&nbsp;concentran los desarrollos, con inversiones por m\u00e1s de 5.000 millones de d\u00f3lares&nbsp;<\/strong>repartidos entre las tres provincias, seg\u00fan&nbsp;<a href=\"https:\/\/notinor.com\/jujuy\/crece-la-fiebre-del-oro-blanco-en-el-pais-ya-hay-12-proyectos-de-litio-en-marcha\/\" target=\"_blank\" rel=\"noreferrer noopener\">un informe elaborado por la C\u00e1mara Argentina de Empresarios Mineros (CAEM),<\/a>&nbsp;al que accedi\u00f3 NOTINOR.COM. La Argentina, Chile y Bolivia -pa\u00edses que forman el llamado \u201ctri\u00e1ngulo del litio\u201d- concentran el 58% de los recursos de este metal en el mundo. <\/p>\n","protected":false},"excerpt":{"rendered":"<p>El proyecto de YPF-Tecnolog\u00eda (Y-TEC) apunta a lograr un desarrollo \u201cdesde el salar hasta las bater\u00edas\u201d. La obra civil de la planta industrial ya est\u00e1 terminada y que lo que sigue es la puesta en marcha de la fabricaci\u00f3n. Por Agostina P\u00e9rez YPF-Tecnolog\u00eda (Y-TEC) comenzar\u00e1 en diciembre la producci\u00f3n de celdas para bater\u00edas de litio [&hellip;]<\/p>\n","protected":false},"author":51,"featured_media":350270,"comment_status":"open","ping_status":"open","sticky":false,"template":"","format":"standard","meta":{"_stopmodifiedupdate":false,"_modified_date":"","inline_featured_image":false,"spay_email":"","jetpack_publicize_message":""},"categories":[2,1158],"tags":[634,1249,1205,1727],"jetpack_featured_media_url":"https:\/\/notinor.com\/jujuy\/wp-content\/uploads\/2022\/08\/60c7a4a37444f_900.jpg","jetpack_publicize_connections":[],"_links":{"self":[{"href":"https:\/\/notinor.com\/jujuy\/wp-json\/wp\/v2\/posts\/350263"}],"collection":[{"href":"https:\/\/notinor.com\/jujuy\/wp-json\/wp\/v2\/posts"}],"about":[{"href":"https:\/\/notinor.com\/jujuy\/wp-json\/wp\/v2\/types\/post"}],"author":[{"embeddable":true,"href":"https:\/\/notinor.com\/jujuy\/wp-json\/wp\/v2\/users\/51"}],"replies":[{"embeddable":true,"href":"https:\/\/notinor.com\/jujuy\/wp-json\/wp\/v2\/comments?post=350263"}],"version-history":[{"count":9,"href":"https:\/\/notinor.com\/jujuy\/wp-json\/wp\/v2\/posts\/350263\/revisions"}],"predecessor-version":[{"id":350277,"href":"https:\/\/notinor.com\/jujuy\/wp-json\/wp\/v2\/posts\/350263\/revisions\/350277"}],"wp:featuredmedia":[{"embeddable":true,"href":"https:\/\/notinor.com\/jujuy\/wp-json\/wp\/v2\/media\/350270"}],"wp:attachment":[{"href":"https:\/\/notinor.com\/jujuy\/wp-json\/wp\/v2\/media?parent=350263"}],"wp:term":[{"taxonomy":"category","embeddable":true,"href":"https:\/\/notinor.com\/jujuy\/wp-json\/wp\/v2\/categories?post=350263"},{"taxonomy":"post_tag","embeddable":true,"href":"https:\/\/notinor.com\/jujuy\/wp-json\/wp\/v2\/tags?post=350263"}],"curies":[{"name":"wp","href":"https:\/\/api.w.org\/{rel}","templated":true}]}}