{"id":350232,"date":"2022-08-17T11:30:51","date_gmt":"2022-08-17T14:30:51","guid":{"rendered":"https:\/\/notinor.com\/jujuy\/?p=350232"},"modified":"2022-08-17T11:30:56","modified_gmt":"2022-08-17T14:30:56","slug":"el-consejo-de-la-mujer-denuncio-a-milagro-sala-por-violencia-de-genero","status":"publish","type":"post","link":"https:\/\/notinor.com\/jujuy\/el-consejo-de-la-mujer-denuncio-a-milagro-sala-por-violencia-de-genero\/","title":{"rendered":"El Consejo de la Mujer denunci\u00f3 a Milagro Sala por violencia de g\u00e9nero"},"content":{"rendered":"\n<p class=\"has-medium-font-size\"><strong><em>En el marco de la Ley N\u00ba 26.485, el Consejo Provincial de la Mujer e Igualdad de G\u00e9nero resolvi\u00f3 denunciar a Milagro Sala ante Fiscal\u00eda Especializada de Violencia de G\u00e9nero, con motivo de las acusaciones p\u00fablicas formuladas por Mirta Guerrero sobre violencia f\u00edsica, psicol\u00f3gica e institucional.<\/em><\/strong><\/p>\n\n\n\n<figure class=\"is-layout-flex wp-block-gallery-1 wp-block-gallery aligncenter columns-1 is-cropped\"><ul class=\"blocks-gallery-grid\"><li class=\"blocks-gallery-item\"><figure><img decoding=\"async\" loading=\"lazy\" width=\"720\" height=\"480\" src=\"https:\/\/notinor.com\/jujuy\/wp-content\/uploads\/2022\/08\/WhatsApp-Image-2022-08-17-at-11.19.27-AM-720x480.jpeg\" alt=\"\" data-id=\"350235\" data-full-url=\"https:\/\/notinor.com\/jujuy\/wp-content\/uploads\/2022\/08\/WhatsApp-Image-2022-08-17-at-11.19.27-AM.jpeg\" data-link=\"https:\/\/notinor.com\/jujuy\/?attachment_id=350235\" class=\"wp-image-350235\" srcset=\"https:\/\/notinor.com\/jujuy\/wp-content\/uploads\/2022\/08\/WhatsApp-Image-2022-08-17-at-11.19.27-AM-720x480.jpeg 720w, https:\/\/notinor.com\/jujuy\/wp-content\/uploads\/2022\/08\/WhatsApp-Image-2022-08-17-at-11.19.27-AM-547x365.jpeg 547w, https:\/\/notinor.com\/jujuy\/wp-content\/uploads\/2022\/08\/WhatsApp-Image-2022-08-17-at-11.19.27-AM-768x512.jpeg 768w, https:\/\/notinor.com\/jujuy\/wp-content\/uploads\/2022\/08\/WhatsApp-Image-2022-08-17-at-11.19.27-AM-750x500.jpeg 750w, https:\/\/notinor.com\/jujuy\/wp-content\/uploads\/2022\/08\/WhatsApp-Image-2022-08-17-at-11.19.27-AM.jpeg 1012w\" sizes=\"(max-width: 720px) 100vw, 720px\" \/><\/figure><\/li><\/ul><\/figure>\n\n\n\n<p>El <strong>Consejo Provincial de la Mujer radic\u00f3 una denuncia en contra de Milagro Sala y otras personas a establecer ante Fiscal\u00eda Especializada de Violencia de G\u00e9nero, a partir de las revelaciones que hizo p\u00fablicas <a href=\"https:\/\/notinor.com\/jujuy\/mirta-shakira-guerrero-pidio-custodia-hago-responsable-a-milagro-sala-si-me-pasa-algo\/\">Mirta Guerrero<\/a>,<\/strong> las cuales dan cuenta de reiterados hechos de violencia f\u00edsica, psicol\u00f3gica e institucional perpetrados por orden de la l\u00edder de la Tupac Amaru y en su presencia.<\/p>\n\n\n\n<p>As\u00ed lo hicieron saber los doctores Leila Rodr\u00edguez, directora de Abordaje Integral de las Violencias; y Agust\u00edn Garlatti, secretario de Equidad y Promoci\u00f3n de Derechos; ambos del Consejo Provincial de la Mujer e Igualdad de G\u00e9nero, <strong>quienes precisaron que la intervenci\u00f3n de la citada instituci\u00f3n se encuadra en la Ley N\u00ba 26.485 de protecci\u00f3n integral para prevenir, sancionar y erradicar la violencia contra las mujeres en los \u00e1mbitos en que desarrollen sus relaciones interpersonales.<\/strong><\/p>\n\n\n\n<p><strong>\u201c<a href=\"https:\/\/notinor.com\/jujuy\/mirta-shakira-guerrero-milagro-sala-es-un-monstruo-disfrazada-de-dirigente\/\">Guerrero <\/a>denunci\u00f3 hechos de gran violencia a partir de \u00f3rdenes impartidas por Milagro Sala\u201d,<\/strong> indic\u00f3 Garlatti, quien adem\u00e1s consider\u00f3 que la decidida intervenci\u00f3n del Consejo de la Mujer e Igualdad de G\u00e9nero permitir\u00e1 que otras v\u00edctimas de Sala aporten sus testimonios a favor de la verdad y la justicia.<strong> \u201cLo denunciado es muy grave\u201d<\/strong>, advirti\u00f3.<\/p>\n\n\n\n<p><strong>\u201cEsta instituci\u00f3n cuenta con recursos y equipos profesionales para acompa\u00f1ar a la mujer en situaci\u00f3n de vulnerabilidad\u201d<\/strong>, remarc\u00f3 y apunt\u00f3 que la l\u00ednea gratuita 0800 888 4363 est\u00e1 disponible las 24 horas para recibir denuncias y activar mecanismos de asistencia.<\/p>\n\n\n\n<p>Por su parte, Rodr\u00edguez se\u00f1al\u00f3 que <strong>\u201cla denuncia del Consejo de la Mujer es para la investigaci\u00f3n de <a href=\"https:\/\/notinor.com\/jujuy\/mirta-shakira-guerrero-milagro-sala-es-un-monstruo-disfrazada-de-dirigente\/\">hechos de violencia<\/a> que a\u00fan no salieron a la luz, como as\u00ed tambi\u00e9n solicitar medidas de protecci\u00f3n y garant\u00edas para las v\u00edctimas\u201d<\/strong>.<\/p>\n","protected":false},"excerpt":{"rendered":"<p>En el marco de la Ley N\u00ba 26.485, el Consejo Provincial de la Mujer e Igualdad de G\u00e9nero resolvi\u00f3 denunciar a Milagro Sala ante Fiscal\u00eda Especializada de Violencia de G\u00e9nero, con motivo de las acusaciones p\u00fablicas formuladas por Mirta Guerrero sobre violencia f\u00edsica, psicol\u00f3gica e institucional. El Consejo Provincial de la Mujer radic\u00f3 una denuncia [&hellip;]<\/p>\n","protected":false},"author":52,"featured_media":350235,"comment_status":"open","ping_status":"open","sticky":false,"template":"","format":"standard","meta":{"_stopmodifiedupdate":false,"_modified_date":"","inline_featured_image":false,"spay_email":"","jetpack_publicize_message":""},"categories":[2,490,514],"tags":[1712,1144,152],"jetpack_featured_media_url":"https:\/\/notinor.com\/jujuy\/wp-content\/uploads\/2022\/08\/WhatsApp-Image-2022-08-17-at-11.19.27-AM.jpeg","jetpack_publicize_connections":[],"_links":{"self":[{"href":"https:\/\/notinor.com\/jujuy\/wp-json\/wp\/v2\/posts\/350232"}],"collection":[{"href":"https:\/\/notinor.com\/jujuy\/wp-json\/wp\/v2\/posts"}],"about":[{"href":"https:\/\/notinor.com\/jujuy\/wp-json\/wp\/v2\/types\/post"}],"author":[{"embeddable":true,"href":"https:\/\/notinor.com\/jujuy\/wp-json\/wp\/v2\/users\/52"}],"replies":[{"embeddable":true,"href":"https:\/\/notinor.com\/jujuy\/wp-json\/wp\/v2\/comments?post=350232"}],"version-history":[{"count":1,"href":"https:\/\/notinor.com\/jujuy\/wp-json\/wp\/v2\/posts\/350232\/revisions"}],"predecessor-version":[{"id":350237,"href":"https:\/\/notinor.com\/jujuy\/wp-json\/wp\/v2\/posts\/350232\/revisions\/350237"}],"wp:featuredmedia":[{"embeddable":true,"href":"https:\/\/notinor.com\/jujuy\/wp-json\/wp\/v2\/media\/350235"}],"wp:attachment":[{"href":"https:\/\/notinor.com\/jujuy\/wp-json\/wp\/v2\/media?parent=350232"}],"wp:term":[{"taxonomy":"category","embeddable":true,"href":"https:\/\/notinor.com\/jujuy\/wp-json\/wp\/v2\/categories?post=350232"},{"taxonomy":"post_tag","embeddable":true,"href":"https:\/\/notinor.com\/jujuy\/wp-json\/wp\/v2\/tags?post=350232"}],"curies":[{"name":"wp","href":"https:\/\/api.w.org\/{rel}","templated":true}]}}