{"id":350229,"date":"2022-08-17T11:15:07","date_gmt":"2022-08-17T14:15:07","guid":{"rendered":"https:\/\/notinor.com\/jujuy\/?p=350229"},"modified":"2022-08-17T11:15:11","modified_gmt":"2022-08-17T14:15:11","slug":"ernestina-pais-choco-a-una-camioneta-intento-escapar-y-la-detuvo-la-policia","status":"publish","type":"post","link":"https:\/\/notinor.com\/jujuy\/ernestina-pais-choco-a-una-camioneta-intento-escapar-y-la-detuvo-la-policia\/","title":{"rendered":"Ernestina Pais choc\u00f3 a una camioneta, intent\u00f3 escapar y la detuvo la Polic\u00eda"},"content":{"rendered":"\n<p><strong><em>Una testigo del hecho cont\u00f3 que la periodista embisti\u00f3 a una camioneta y no quiso detenerse ante el pedido del otro conductor.<\/em><\/strong><\/p>\n\n\n\n<figure class=\"wp-block-image size-large\"><img decoding=\"async\" loading=\"lazy\" width=\"640\" height=\"480\" src=\"https:\/\/notinor.com\/jujuy\/wp-content\/uploads\/2022\/08\/ernestina-640x480.jpg\" alt=\"\" class=\"wp-image-350231\" srcset=\"https:\/\/notinor.com\/jujuy\/wp-content\/uploads\/2022\/08\/ernestina-640x480.jpg 640w, https:\/\/notinor.com\/jujuy\/wp-content\/uploads\/2022\/08\/ernestina-487x365.jpg 487w, https:\/\/notinor.com\/jujuy\/wp-content\/uploads\/2022\/08\/ernestina-768x576.jpg 768w, https:\/\/notinor.com\/jujuy\/wp-content\/uploads\/2022\/08\/ernestina-750x563.jpg 750w, https:\/\/notinor.com\/jujuy\/wp-content\/uploads\/2022\/08\/ernestina.jpg 1024w\" sizes=\"(max-width: 640px) 100vw, 640px\" \/><\/figure>\n\n\n\n<p><strong>Ernestina Pais embisti\u00f3 a un veh\u00edculo, intent\u00f3 escapar y fue detenida por la Polic\u00eda.<\/strong> El accidente fue leve, pero el hombre que conduc\u00eda la camioneta le solicit\u00f3 a la conductora los datos de su seguro para hacerse cargo de los da\u00f1os.<\/p>\n\n\n\n<p>El siniestro fue informado por el programa LAM (Am\u00e9rica), a partir de los datos que aport\u00f3 una testigo del accidente vial. <strong>\"El s\u00e1bado por la tarde, en Palermo, ven\u00eda por una cuadra Ernestina Pais, entonces quiso pasar a una camioneta y la choc\u00f3\"<\/strong>, comenz\u00f3 contando.<\/p>\n\n\n\n<p><strong>\"En lugar de pararse avanz\u00f3, pero la par\u00f3 justo el sem\u00e1foro que cort\u00f3. Entonces el se\u00f1or par\u00f3 atr\u00e1s, se baj\u00f3 muy amablemente y ella subi\u00f3 la ventanilla\", detall\u00f3 la mujer que presenci\u00f3 el accidente<\/strong>.<\/p>\n\n\n\n<p>Sobre lo que sucedi\u00f3 despu\u00e9s, <strong>la testigo coment\u00f3: \"El se\u00f1or le ped\u00eda que por favor baje la ventanilla y se parara a un costado porque hab\u00edan chocado y que necesitaba la documentaci\u00f3n del auto. Ella le dijo que no con la cabeza, volvi\u00f3 a cortar el sem\u00e1foro y avanz\u00f3, con la mala suerte de que justo dobl\u00f3 un m\u00f3vil policial y el se\u00f1or empez\u00f3 a los bocinazos. Ah\u00ed ella qued\u00f3 entre el m\u00f3vil policial y la camioneta que hab\u00eda chocado. Bastante horrible lo que hizo porque la polic\u00eda le pidi\u00f3 que bajara la ventanilla y ella empez\u00f3 a re\u00edrse, desagradable el tema\".<\/strong><\/p>\n\n\n\n<p><strong>\"El choque fue menor. Fue una raspadita. Es un baj\u00f3n, pero bueno, si alguien te choca, quer\u00e9s que te lo arregle el seguro del otro, que es lo que corresponde\", contextualiz\u00f3 \u00c1ngel de Brito, al frente de LAM.<\/strong><\/p>\n\n\n\n<p>A su vez, <strong>la panelista Yanina Latorre reaccion\u00f3 filosa ante este hecho y record\u00f3 que cuando Pais choc\u00f3 en 2019 tambi\u00e9n fue un momento escandaloso: \"Se calent\u00f3 con todos, una noche fat\u00eddica en su vida. Lo de ella es escaparse\".<\/strong><\/p>\n","protected":false},"excerpt":{"rendered":"<p>Una testigo del hecho cont\u00f3 que la periodista embisti\u00f3 a una camioneta y no quiso detenerse ante el pedido del otro conductor. Ernestina Pais embisti\u00f3 a un veh\u00edculo, intent\u00f3 escapar y fue detenida por la Polic\u00eda. El accidente fue leve, pero el hombre que conduc\u00eda la camioneta le solicit\u00f3 a la conductora los datos de [&hellip;]<\/p>\n","protected":false},"author":5,"featured_media":350231,"comment_status":"open","ping_status":"open","sticky":false,"template":"","format":"standard","meta":{"_stopmodifiedupdate":false,"_modified_date":"","inline_featured_image":false,"spay_email":"","jetpack_publicize_message":""},"categories":[21],"tags":[1369,1711],"jetpack_featured_media_url":"https:\/\/notinor.com\/jujuy\/wp-content\/uploads\/2022\/08\/ernestina.jpg","jetpack_publicize_connections":[],"_links":{"self":[{"href":"https:\/\/notinor.com\/jujuy\/wp-json\/wp\/v2\/posts\/350229"}],"collection":[{"href":"https:\/\/notinor.com\/jujuy\/wp-json\/wp\/v2\/posts"}],"about":[{"href":"https:\/\/notinor.com\/jujuy\/wp-json\/wp\/v2\/types\/post"}],"author":[{"embeddable":true,"href":"https:\/\/notinor.com\/jujuy\/wp-json\/wp\/v2\/users\/5"}],"replies":[{"embeddable":true,"href":"https:\/\/notinor.com\/jujuy\/wp-json\/wp\/v2\/comments?post=350229"}],"version-history":[{"count":1,"href":"https:\/\/notinor.com\/jujuy\/wp-json\/wp\/v2\/posts\/350229\/revisions"}],"predecessor-version":[{"id":350233,"href":"https:\/\/notinor.com\/jujuy\/wp-json\/wp\/v2\/posts\/350229\/revisions\/350233"}],"wp:featuredmedia":[{"embeddable":true,"href":"https:\/\/notinor.com\/jujuy\/wp-json\/wp\/v2\/media\/350231"}],"wp:attachment":[{"href":"https:\/\/notinor.com\/jujuy\/wp-json\/wp\/v2\/media?parent=350229"}],"wp:term":[{"taxonomy":"category","embeddable":true,"href":"https:\/\/notinor.com\/jujuy\/wp-json\/wp\/v2\/categories?post=350229"},{"taxonomy":"post_tag","embeddable":true,"href":"https:\/\/notinor.com\/jujuy\/wp-json\/wp\/v2\/tags?post=350229"}],"curies":[{"name":"wp","href":"https:\/\/api.w.org\/{rel}","templated":true}]}}