{"id":350204,"date":"2022-08-17T10:18:57","date_gmt":"2022-08-17T13:18:57","guid":{"rendered":"https:\/\/notinor.com\/jujuy\/?p=350204"},"modified":"2022-08-17T10:19:01","modified_gmt":"2022-08-17T13:19:01","slug":"el-gobierno-promete-100-000-millones-de-dolares-por-exportaciones-pero-aun-asi-las-divisas-no-alcanzan","status":"publish","type":"post","link":"https:\/\/notinor.com\/jujuy\/el-gobierno-promete-100-000-millones-de-dolares-por-exportaciones-pero-aun-asi-las-divisas-no-alcanzan\/","title":{"rendered":"El Gobierno promete 100.000 millones de d\u00f3lares por exportaciones, pero a\u00fan as\u00ed las divisas no alcanzan"},"content":{"rendered":"\n<p class=\"has-medium-font-size\"><strong><em>Mientras luchan por conseguir m\u00e1s d\u00f3lares, desde el Gobierno destacan que este a\u00f1o habr\u00e1 un nuevo r\u00e9cord de ventas externas.<\/em><\/strong><\/p>\n\n\n\n<div class=\"wp-block-image\"><figure class=\"aligncenter size-large is-resized\"><img decoding=\"async\" loading=\"lazy\" src=\"https:\/\/notinor.com\/jujuy\/wp-content\/uploads\/2022\/08\/Dise\u00f1o-sin-t\u00edtulo-37.jpg\" alt=\"\" class=\"wp-image-350205\" width=\"866\" height=\"433\" srcset=\"https:\/\/notinor.com\/jujuy\/wp-content\/uploads\/2022\/08\/Dise\u00f1o-sin-t\u00edtulo-37.jpg 600w, https:\/\/notinor.com\/jujuy\/wp-content\/uploads\/2022\/08\/Dise\u00f1o-sin-t\u00edtulo-37-360x180.jpg 360w\" sizes=\"(max-width: 866px) 100vw, 866px\" \/><\/figure><\/div>\n\n\n\n<p><strong>El dato positivo muestra\u00a0que finalmente se logr\u00f3 quebrar el pico de exportaciones anterior cuando en 2011 se hab\u00edan vendido al exterior\u00a0US$ 97,477 millones.<\/strong> Pero el costado sombr\u00edo es que\u00a0a\u00fan con r\u00e9cord, los d\u00f3lares en Argentina siguen faltando. Un informe de la Canciller\u00eda puntualiza que las exportaciones en el primer semestre alcanzaron los\u00a0US$ 44.377 millones,\u00a012% m\u00e1s que el m\u00e1ximo valor alcanzado en 2011.\u00a0<\/p>\n\n\n\n<p><strong>\u201cLas estimaciones para el a\u00f1o 2022 indican que las exportaciones de bienes alcanzar\u00e1n los\u00a0US$\u00a090.000 millones,\u00a0y sumadas las exportaciones de servicios, el a\u00f1o cerrar\u00e1 con un r\u00e9cord cercano a los\u00a0US$ 100.000 millones\u201d,\u00a0indican desde el Palacio San Mart\u00edn. <\/strong>Gracias a este salto de las exportaciones, el 2022 terminar\u00e1 con\u00a0un super\u00e1vit\u00a0comercial de US$ 10.000 millones, seg\u00fan las estimaciones de los analistas privados. Este resultado positivo marca que pese a las denuncias del kirchnerismo\u00a0acerca de que en el pa\u00eds hay un\u00a0\u201cfestival\u00a0de importaciones\u201d, el saldo sigue siendo favorable.<\/p>\n\n\n\n<p>El informe oficial detallo que las exportaciones de&nbsp;<strong>manufacturas de origen industrial (MOI) alcanzaron los USD 11.088 millones, el valor m\u00e1s alto desde 2013,&nbsp;<\/strong>con un incremento en las cantidades exportadas superior al 6% respecto al primer semestre de 2021. Entre ellas se destacan los veh\u00edculos, con un importante crecimiento en valor y cantidad: en los primeros seis mes del a\u00f1o se comercializaron al mundo 140.049 autom\u00f3viles y utilitarios livianos, 32.000 unidades m\u00e1s que en 2019.<\/p>\n\n\n\n<p><strong>\u201cLas exportaciones crecieron a un mayor ritmo que la producci\u00f3n, que se mantuvo operando en niveles superiores a los de prepandemia. Como resultado, la relaci\u00f3n entre exportaci\u00f3n\/producci\u00f3n lleg\u00f3 a 57% en el primer semestre de este a\u00f1o, m\u00e1s de 7 puntos por encima del nivel de 2018\u2033<\/strong>, detall\u00f3 el relevamiento. Adem\u00e1s se plante\u00f3 que si bien \u201clos precios internacionales son claves para explicar la din\u00e1mica exportadora, el crecimiento en las cantidades exportadas tambi\u00e9n es relevante\u201d. Al respecto, se inform\u00f3 que\u00a0<strong>el segundo trimestre de 2022 representa el registro m\u00e1s alto en cantidades exportadas para ese per\u00edodo desde 2013<\/strong>.<\/p>\n\n\n\n<p>En el relevamiento oficial se resalt\u00f3\u00a0<strong>el aporte que realiz\u00f3 la exportaci\u00f3n de productos farmac\u00e9uticos, la cual registr\u00f3 un crecimiento interanual del 27% y superior al 50% en comparaci\u00f3n con el 2019. De esta manera marcaron el mayor nivel de ventas al mercado internacional de los \u00faltimos 12 a\u00f1os.<\/strong><\/p>\n","protected":false},"excerpt":{"rendered":"<p>Mientras luchan por conseguir m\u00e1s d\u00f3lares, desde el Gobierno destacan que este a\u00f1o habr\u00e1 un nuevo r\u00e9cord de ventas externas. El dato positivo muestra\u00a0que finalmente se logr\u00f3 quebrar el pico de exportaciones anterior cuando en 2011 se hab\u00edan vendido al exterior\u00a0US$ 97,477 millones. Pero el costado sombr\u00edo es que\u00a0a\u00fan con r\u00e9cord, los d\u00f3lares en Argentina [&hellip;]<\/p>\n","protected":false},"author":40,"featured_media":350205,"comment_status":"open","ping_status":"open","sticky":false,"template":"","format":"standard","meta":{"_stopmodifiedupdate":false,"_modified_date":"","inline_featured_image":false,"spay_email":"","jetpack_publicize_message":""},"categories":[676],"tags":[696,1209,565],"jetpack_featured_media_url":"https:\/\/notinor.com\/jujuy\/wp-content\/uploads\/2022\/08\/Dise\u00f1o-sin-t\u00edtulo-37.jpg","jetpack_publicize_connections":[],"_links":{"self":[{"href":"https:\/\/notinor.com\/jujuy\/wp-json\/wp\/v2\/posts\/350204"}],"collection":[{"href":"https:\/\/notinor.com\/jujuy\/wp-json\/wp\/v2\/posts"}],"about":[{"href":"https:\/\/notinor.com\/jujuy\/wp-json\/wp\/v2\/types\/post"}],"author":[{"embeddable":true,"href":"https:\/\/notinor.com\/jujuy\/wp-json\/wp\/v2\/users\/40"}],"replies":[{"embeddable":true,"href":"https:\/\/notinor.com\/jujuy\/wp-json\/wp\/v2\/comments?post=350204"}],"version-history":[{"count":1,"href":"https:\/\/notinor.com\/jujuy\/wp-json\/wp\/v2\/posts\/350204\/revisions"}],"predecessor-version":[{"id":350208,"href":"https:\/\/notinor.com\/jujuy\/wp-json\/wp\/v2\/posts\/350204\/revisions\/350208"}],"wp:featuredmedia":[{"embeddable":true,"href":"https:\/\/notinor.com\/jujuy\/wp-json\/wp\/v2\/media\/350205"}],"wp:attachment":[{"href":"https:\/\/notinor.com\/jujuy\/wp-json\/wp\/v2\/media?parent=350204"}],"wp:term":[{"taxonomy":"category","embeddable":true,"href":"https:\/\/notinor.com\/jujuy\/wp-json\/wp\/v2\/categories?post=350204"},{"taxonomy":"post_tag","embeddable":true,"href":"https:\/\/notinor.com\/jujuy\/wp-json\/wp\/v2\/tags?post=350204"}],"curies":[{"name":"wp","href":"https:\/\/api.w.org\/{rel}","templated":true}]}}