{"id":350177,"date":"2022-08-17T09:46:07","date_gmt":"2022-08-17T12:46:07","guid":{"rendered":"https:\/\/notinor.com\/jujuy\/?p=350177"},"modified":"2022-08-17T09:50:43","modified_gmt":"2022-08-17T12:50:43","slug":"la-cgt-marchara-esta-tarde-contra-la-inflacion-intolerable-y-los-empresarios","status":"publish","type":"post","link":"https:\/\/notinor.com\/jujuy\/la-cgt-marchara-esta-tarde-contra-la-inflacion-intolerable-y-los-empresarios\/","title":{"rendered":"La CGT marchar\u00e1 esta tarde contra la \u201cinflaci\u00f3n intolerable\u201d y los empresarios"},"content":{"rendered":"\n<p class=\"has-medium-font-size\"><strong><em>La primera movilizaci\u00f3n cegetista desde 2019 comenzar\u00e1 a las 15 horas en el Obelisco porte\u00f1o y terminar\u00e1 en la Plaza de los Dos Congresos. Se sumar\u00e1n la CTA kirchnerista, movimientos sociales cercanos al oficialismo y La C\u00e1mpora.<\/em><\/strong><\/p>\n\n\n\n<div class=\"wp-block-image\"><figure class=\"aligncenter size-large is-resized\"><img decoding=\"async\" loading=\"lazy\" src=\"https:\/\/notinor.com\/jujuy\/wp-content\/uploads\/2022\/08\/SEE2K2RQKVGKHEIDQ7UUKRJNXA-840x473.jpg\" alt=\"\" class=\"wp-image-350193\" width=\"885\" height=\"498\" srcset=\"https:\/\/notinor.com\/jujuy\/wp-content\/uploads\/2022\/08\/SEE2K2RQKVGKHEIDQ7UUKRJNXA-840x473.jpg 840w, https:\/\/notinor.com\/jujuy\/wp-content\/uploads\/2022\/08\/SEE2K2RQKVGKHEIDQ7UUKRJNXA-649x365.jpg 649w, https:\/\/notinor.com\/jujuy\/wp-content\/uploads\/2022\/08\/SEE2K2RQKVGKHEIDQ7UUKRJNXA-500x280.jpg 500w, https:\/\/notinor.com\/jujuy\/wp-content\/uploads\/2022\/08\/SEE2K2RQKVGKHEIDQ7UUKRJNXA-768x432.jpg 768w, https:\/\/notinor.com\/jujuy\/wp-content\/uploads\/2022\/08\/SEE2K2RQKVGKHEIDQ7UUKRJNXA-1536x864.jpg 1536w, https:\/\/notinor.com\/jujuy\/wp-content\/uploads\/2022\/08\/SEE2K2RQKVGKHEIDQ7UUKRJNXA-750x422.jpg 750w, https:\/\/notinor.com\/jujuy\/wp-content\/uploads\/2022\/08\/SEE2K2RQKVGKHEIDQ7UUKRJNXA-1140x641.jpg 1140w, https:\/\/notinor.com\/jujuy\/wp-content\/uploads\/2022\/08\/SEE2K2RQKVGKHEIDQ7UUKRJNXA.jpg 1920w\" sizes=\"(max-width: 885px) 100vw, 885px\" \/><\/figure><\/div>\n\n\n\n<p><strong>Previo a <a href=\"https:\/\/notinor.com\/jujuy\/el-gobierno-no-logro-desactivar-la-marcha-de-la-cgt-preparan-una-movilizacion-masiva\/\" target=\"_blank\" aria-label=\"undefined (abre en una nueva pesta\u00f1a)\" rel=\"noreferrer noopener\">la marcha que se desarrollar\u00e1 este mi\u00e9rcoles<\/a>, la CGT emiti\u00f3 un comunicado donde apunt\u00f3 a la responsabilidad empresaria ante la ca\u00edda del salario y la disparada de la inflaci\u00f3n.<\/strong> Adem\u00e1s, la central obrera remarc\u00f3 la necesidad de concretar un consenso multisectorial para evitar una profundizaci\u00f3n de una crisis que calificaron como \u201cdram\u00e1tica\u201d.<\/p>\n\n\n\n<p><strong>\u201cLa gravedad de la crisis econ\u00f3mica y social, de origen multicausal, que atraviesa la Argentina por estas horas nos convoca a todos aquellos que integramos y nos sentimos parte del Movimiento Obrero Organizado, a marchar reiterando nuestra exigencia de protecci\u00f3n integral para todos los trabajadores ocupados, desocupados y jubilados\u201d<\/strong>, comenz\u00f3 el comunicado. Inmediatamente, el documento direccion\u00f3 las cr\u00edticas al rol empresario: \u201cLa inflaci\u00f3n ha alcanzado niveles intolerables que pulverizan el poder de compra de todos los trabajadores. Mucha de la responsabilidad depende de sectores que se han apropiado de ganancias en tiempo de p\u00e9rdidas para los trabajadores\u201d.<\/p>\n\n\n\n<p><strong>En ese sentido, ampli\u00f3: \u201cNo es ajeno a esto la irresponsabilidad econ\u00f3mica de los grandes formadores de precios que remarcan el valor de los productos esenciales para mejorar los m\u00e1rgenes de ganancias\u201d. <\/strong>Y sum\u00f3: \u201cComo tampoco la especulaci\u00f3n financiera en b\u00fasqueda de una devaluaci\u00f3n que s\u00f3lo favorece a los grupos econ\u00f3micos concentrados y empobrece a la gran mayor\u00eda de los argentinos\u201d.<\/p>\n\n\n\n<div class=\"wp-block-image\"><figure class=\"aligncenter is-resized\"><img decoding=\"async\" loading=\"lazy\" src=\"https:\/\/www.labrujula24.com\/wp-content\/uploads\/2022\/05\/cgt.jpg\" alt=\"\" width=\"905\" height=\"543\"\/><\/figure><\/div>\n\n\n\n<p><strong>La movilizaci\u00f3n, que ser\u00e1 la primera que realiza la central obrera durante el gobierno de Alberto Fern\u00e1ndez, comenzar\u00e1 a las 15 en la Plaza de la Rep\u00fablica<\/strong>, recorrer\u00e1 la Avenida 9 de Julio y luego Avenida de Mayo hasta Luis S\u00e1enz Pe\u00f1a, en la Plaza de los Dos Congresos. No habr\u00e1 escenario ni oradores. S\u00f3lo se leer\u00e1 el documento de la CGT y luego finalizar\u00e1 la protesta. <\/p>\n\n\n\n<p>A la misma hora, por su parte, marchar\u00e1n hacia la Plaza de Mayo partidos y movimientos sociales de\u00a0izquierda\u00a0y el sindicalismo combativo en reclamo de un \u201cinmediato aumento de salarios, jubilaciones y ayuda social\u201d y de un paro general de la CGT contra \u201clas pol\u00edticas de ajuste del Gobierno\u201d. En las \u00faltimas horas, el Movimiento Evita\u00a0negoci\u00f3\u00a0con dirigentes de izquierda que las columnas de una y otra movilizaci\u00f3n\u00a0no se cruzar\u00e1n\u00a0para evitar la posibilidad de incidentes,\u00a0aunque de todas formas tendr\u00e1n recorridos diferentes. <strong>El ministro de Econom\u00eda,\u00a0Sergio Massa,\u00a0hizo un intento de que la CGT levantara la marcha para dar una se\u00f1al de pacificaci\u00f3n que ayudar\u00eda al comienzo de su gesti\u00f3n, pero los sindicalistas\u00a0se negaron.\u00a0El\u00a0emisario\u00a0fue Acu\u00f1a, enrolado en el Frente Renovador.<\/strong><\/p>\n","protected":false},"excerpt":{"rendered":"<p>La primera movilizaci\u00f3n cegetista desde 2019 comenzar\u00e1 a las 15 horas en el Obelisco porte\u00f1o y terminar\u00e1 en la Plaza de los Dos Congresos. Se sumar\u00e1n la CTA kirchnerista, movimientos sociales cercanos al oficialismo y La C\u00e1mpora. Previo a la marcha que se desarrollar\u00e1 este mi\u00e9rcoles, la CGT emiti\u00f3 un comunicado donde apunt\u00f3 a la [&hellip;]<\/p>\n","protected":false},"author":40,"featured_media":350192,"comment_status":"open","ping_status":"open","sticky":false,"template":"","format":"standard","meta":{"_stopmodifiedupdate":false,"_modified_date":"","inline_featured_image":false,"spay_email":"","jetpack_publicize_message":""},"categories":[5],"tags":[573,1680,1706,1302],"jetpack_featured_media_url":"https:\/\/notinor.com\/jujuy\/wp-content\/uploads\/2022\/08\/Dise\u00f1o-sin-t\u00edtulo-36.jpg","jetpack_publicize_connections":[],"_links":{"self":[{"href":"https:\/\/notinor.com\/jujuy\/wp-json\/wp\/v2\/posts\/350177"}],"collection":[{"href":"https:\/\/notinor.com\/jujuy\/wp-json\/wp\/v2\/posts"}],"about":[{"href":"https:\/\/notinor.com\/jujuy\/wp-json\/wp\/v2\/types\/post"}],"author":[{"embeddable":true,"href":"https:\/\/notinor.com\/jujuy\/wp-json\/wp\/v2\/users\/40"}],"replies":[{"embeddable":true,"href":"https:\/\/notinor.com\/jujuy\/wp-json\/wp\/v2\/comments?post=350177"}],"version-history":[{"count":3,"href":"https:\/\/notinor.com\/jujuy\/wp-json\/wp\/v2\/posts\/350177\/revisions"}],"predecessor-version":[{"id":350196,"href":"https:\/\/notinor.com\/jujuy\/wp-json\/wp\/v2\/posts\/350177\/revisions\/350196"}],"wp:featuredmedia":[{"embeddable":true,"href":"https:\/\/notinor.com\/jujuy\/wp-json\/wp\/v2\/media\/350192"}],"wp:attachment":[{"href":"https:\/\/notinor.com\/jujuy\/wp-json\/wp\/v2\/media?parent=350177"}],"wp:term":[{"taxonomy":"category","embeddable":true,"href":"https:\/\/notinor.com\/jujuy\/wp-json\/wp\/v2\/categories?post=350177"},{"taxonomy":"post_tag","embeddable":true,"href":"https:\/\/notinor.com\/jujuy\/wp-json\/wp\/v2\/tags?post=350177"}],"curies":[{"name":"wp","href":"https:\/\/api.w.org\/{rel}","templated":true}]}}