{"id":350011,"date":"2022-08-16T09:23:23","date_gmt":"2022-08-16T12:23:23","guid":{"rendered":"https:\/\/notinor.com\/jujuy\/?p=350011"},"modified":"2022-08-16T09:23:30","modified_gmt":"2022-08-16T12:23:30","slug":"la-feria-del-libro-jujuy-abre-sus-puertas-el-viernes-19-de-agosto","status":"publish","type":"post","link":"https:\/\/notinor.com\/jujuy\/la-feria-del-libro-jujuy-abre-sus-puertas-el-viernes-19-de-agosto\/","title":{"rendered":"La Feria del Libro Jujuy abre sus puertas el viernes 19 de agosto"},"content":{"rendered":"\n<p class=\"has-medium-font-size\"><strong><em>Se concret\u00f3 el lanzamiento oficial de la 18\u00b0 Edici\u00f3n de la Feria del Libro Jujuy 2022 bajo el lema \u201cEn nuestro \u00fanico planeta, otro mundo es posible\u201d, que se desarrollar\u00e1 desde el 19 al 28 de agosto en el predio del Rectorado de la UNJu, ubicado en Av. Bolivia 1239 de la Capital juje\u00f1a. Estuvieron presentes miembros de la Comisi\u00f3n Organizadora y autoridades de organismos que auspician la Feria.<\/em><\/strong><\/p>\n\n\n\n<figure class=\"is-layout-flex wp-block-gallery-1 wp-block-gallery aligncenter columns-1 is-cropped\"><ul class=\"blocks-gallery-grid\"><li class=\"blocks-gallery-item\"><figure><img decoding=\"async\" loading=\"lazy\" width=\"720\" height=\"480\" src=\"https:\/\/notinor.com\/jujuy\/wp-content\/uploads\/2022\/08\/WhatsApp-Image-2022-08-16-at-9.22.22-AM-720x480.jpeg\" alt=\"\" data-id=\"350017\" data-full-url=\"https:\/\/notinor.com\/jujuy\/wp-content\/uploads\/2022\/08\/WhatsApp-Image-2022-08-16-at-9.22.22-AM.jpeg\" data-link=\"https:\/\/notinor.com\/jujuy\/?attachment_id=350017\" class=\"wp-image-350017\" srcset=\"https:\/\/notinor.com\/jujuy\/wp-content\/uploads\/2022\/08\/WhatsApp-Image-2022-08-16-at-9.22.22-AM-720x480.jpeg 720w, https:\/\/notinor.com\/jujuy\/wp-content\/uploads\/2022\/08\/WhatsApp-Image-2022-08-16-at-9.22.22-AM-548x365.jpeg 548w, https:\/\/notinor.com\/jujuy\/wp-content\/uploads\/2022\/08\/WhatsApp-Image-2022-08-16-at-9.22.22-AM-768x512.jpeg 768w, https:\/\/notinor.com\/jujuy\/wp-content\/uploads\/2022\/08\/WhatsApp-Image-2022-08-16-at-9.22.22-AM-750x500.jpeg 750w, https:\/\/notinor.com\/jujuy\/wp-content\/uploads\/2022\/08\/WhatsApp-Image-2022-08-16-at-9.22.22-AM-1140x760.jpeg 1140w, https:\/\/notinor.com\/jujuy\/wp-content\/uploads\/2022\/08\/WhatsApp-Image-2022-08-16-at-9.22.22-AM.jpeg 1280w\" sizes=\"(max-width: 720px) 100vw, 720px\" \/><\/figure><\/li><\/ul><\/figure>\n\n\n\n<p>El lanzamiento oficial de la 18\u00ba Edici\u00f3n de la <a href=\"https:\/\/notinor.com\/jujuy\/preparan-una-modalidad-novedosa-para-la-feria-del-libro-jujuy-2022\/\">Feria <\/a>se realiz\u00f3 a trav\u00e9s de una conferencia de prensa en el espacio sociocultural \u201cJuan Moreno\u201d de la UNJu, estuvieron presentes <strong>Mar\u00eda Eugenia Jaldin, Rodolfo Pacheco e In\u00e9s Pemberton, de la Comisi\u00f3n Organizadora de la Feria; junto a la ministra de Educaci\u00f3n, Mar\u00eda Teresa Bovi; la vicerrectora de la Universidad Nacional de Jujuy (UNJu), Liliana Bergesio; y Sebasti\u00e1n S\u00e1nchez de Bustamante, coordinador de Industrias culturales del ministerio de Cultura y Turismo.<\/strong><\/p>\n\n\n\n<p>Mar\u00eda Eugenia Jald\u00edn, de la Comisi\u00f3n Organizadora, expres\u00f3 que<strong> \u201cestamos felices de poder lanzar la 18\u00b0 Edici\u00f3n de la <a href=\"https:\/\/notinor.com\/jujuy\/la-edicion-no17-de-la-feria-del-libro-y-la-1a-edicion-del-libro-vidas-paralelas-manuel-eduardo-arias-declarados-de-interes-municipal\/\">Feria del Libro<\/a>, que va a empezar el 19 de agosto a las 17 horas, como todos los a\u00f1os con el sonido de los erkes a cargo del Grupo de cajas y vientos juje\u00f1os, para luego arrancar con una variedad de actividades\u201d.<\/strong><\/p>\n\n\n\n<p>Adem\u00e1s, indic\u00f3 que es una <strong>\u201cFeria independiente que no podr\u00eda funcionar si no fuera por el acompa\u00f1amiento de las instituciones p\u00fablicas y privadas\u201d, y resalt\u00f3 que \u201cestamos muy contentos de poder hacer nuevamente la Feria en el predio del Rectorado de la UNJu\u201d.<\/strong><\/p>\n\n\n\n<p>Tambi\u00e9n, Jald\u00edn remarc\u00f3 que este a\u00f1o el lema es En nuestro \u00fanico planeta, otro mundo es posible,<strong> \u201cporque tenemos muchas ganas de que entre todos trabajemos y veamos en qu\u00e9 nos equivocamos, y podamos arreglarlo, por lo menos con un granito de arena de cada uno, y todos juntos\u201d<\/strong>, asegur\u00f3.<\/p>\n\n\n\n<p>Por su parte, In\u00e9s Pemberton expres\u00f3 que <strong>\u201cla programaci\u00f3n y todas las propuestas estar\u00e1n disponible en las redes sociales de la Feria del Libro Jujuy, y se van a comunicar d\u00eda a d\u00eda, estamos prepar\u00e1ndonos para que puedan disfrutar de todas las actividades\u201d<\/strong>.<\/p>\n\n\n\n<p>En este sentido, Rodolfo Pacheco adelant\u00f3 que <strong>\u201cla Feria va a contar con m\u00e1s de 200 actividades: 35 talleres, 10 espect\u00e1culos de danza, se presentan 66 libros, 41 presentaciones de teatro, 25 charlas, 14 espect\u00e1culos de m\u00fasica, 6 de poes\u00edas, 2 homenajes, 1 muestra de fotograf\u00eda y dos de pl\u00e1stica\u201d<\/strong>, entre muchas actividades m\u00e1s, detall\u00f3.<\/p>\n\n\n\n<p>A su turno, la titular de la cartera Educativa, Mar\u00eda Tersa Bovi, indic\u00f3 que tanto el ministerio de Educaci\u00f3n, como el ministerio de Turismo y Cultura, y Ambiente y Cambio Clim\u00e1tico, van a estar representando al Gobierno de la Provincia en esta 18\u00b0 Edici\u00f3n de la Feria del Libro Jujuy<strong> \u201cun pedido que siempre realiza el se\u00f1or gobernador, Gerardo Morales, que es el de acompa\u00f1ar estas iniciativas<\/strong>\u201d, expres\u00f3 la ministra.<\/p>\n\n\n\n<p>Asimismo, agradeci\u00f3 a la organizaci\u00f3n de la Feria del Libro y destac\u00f3 el trabajo que llevan realizando hace 18 a\u00f1os. En este sentido, dijo que <strong>\u201crealmente es una gran puesta a la industria cultural que hace todo un grupo de profesionales y aficionados que, a pesar de transitar una pandemia en el a\u00f1o 2020, nunca dejaron de ofrecer esta propuesta a la comunidad\u201d. Adem\u00e1s, Bovi se\u00f1al\u00f3 que \u201ca\u00f1o tras a\u00f1o fue creciendo, y cuando algo crece es porque tiene mucha demanda y si tiene demanda es porque tiene un inter\u00e9s cultural que es para el bien com\u00fan de todos\u201d.<\/strong><\/p>\n\n\n\n<p>Por otra parte, adelant\u00f3 que <strong>\u201cel ministerio de Educaci\u00f3n contar\u00e1 con un stand, en el cual cada d\u00eda, los niveles del sistema educativo y las distintas modalidades ofrecer\u00e1n diversas actividades con alg\u00fan proyecto que est\u00e9 vinculado a incentivar a la lectura\u201d<\/strong>, concluy\u00f3.<\/p>\n\n\n\n<p>La vicerrectora de la UNJu, Liliana Bergesio manifest\u00f3 que<strong> \u201cseguimos renovando el compromiso, porque es muy valorado el v\u00ednculo entre los organizadores de la Feria y los distintos organismos del Estado\u201d e invit\u00f3 a la comunidad en general \u201ca acercarse a la Universidad, para acercarse al libro y a la lectura, con las propuestas de la Feria del Libro\u201d.<\/strong><\/p>\n\n\n\n<p>Por su parte, el coordinador provincial de Industrias Culturales, Sebasti\u00e1n S\u00e1nchez de Bustamante, expres\u00f3 que <strong>\u201cen nombre del secretario de Cultura Luis Medina Zar, queremos felicitar a la organizaci\u00f3n por esta nueva edici\u00f3n, que la secretar\u00eda apoya cada a\u00f1o, la cual viene siendo cada vez m\u00e1s grande\u201d<\/strong>.<\/p>\n\n\n\n<p>Como cada edici\u00f3n, el p\u00fablico podr\u00e1 recorrer los stands de editoriales y librer\u00edas de la provincia y el pa\u00eds; y reencontrarse con escritores y escritoras de <strong>Jujuy, Salta, Tucum\u00e1n, Catamarca, Santiago del Estero, La Rioja, Chaco, C\u00f3rdoba, Santa Fe y Buenos Aires.<\/strong><\/p>\n\n\n\n<p>En su<strong> 18\u00ba Edici\u00f3n la Feria del Libro Jujuy 2022<\/strong> es auspiciada por el Ministerio de Cultura y Turismo de la Provincia; el Ministerio de Educaci\u00f3n; la Universidad Nacional de Jujuy; la Municipalidad de San Salvador de Jujuy; el Ministerio de Ambiente y Cambio Clim\u00e1tico; el Instituto Nacional de Teatro (INT); el Concejo Deliberante de la ciudad de San Salvador de Jujuy, y Empresas y personas del \u00e1mbito privado sin quienes ser\u00eda imposible la realizaci\u00f3n de un evento de tal magnitud.<\/p>\n","protected":false},"excerpt":{"rendered":"<p>Se concret\u00f3 el lanzamiento oficial de la 18\u00b0 Edici\u00f3n de la Feria del Libro Jujuy 2022 bajo el lema \u201cEn nuestro \u00fanico planeta, otro mundo es posible\u201d, que se desarrollar\u00e1 desde el 19 al 28 de agosto en el predio del Rectorado de la UNJu, ubicado en Av. Bolivia 1239 de la Capital juje\u00f1a. Estuvieron [&hellip;]<\/p>\n","protected":false},"author":52,"featured_media":350017,"comment_status":"open","ping_status":"open","sticky":false,"template":"","format":"standard","meta":{"_stopmodifiedupdate":false,"_modified_date":"","inline_featured_image":false,"spay_email":"","jetpack_publicize_message":""},"categories":[490,13,832],"tags":[1674,1675],"jetpack_featured_media_url":"https:\/\/notinor.com\/jujuy\/wp-content\/uploads\/2022\/08\/WhatsApp-Image-2022-08-16-at-9.22.22-AM.jpeg","jetpack_publicize_connections":[],"_links":{"self":[{"href":"https:\/\/notinor.com\/jujuy\/wp-json\/wp\/v2\/posts\/350011"}],"collection":[{"href":"https:\/\/notinor.com\/jujuy\/wp-json\/wp\/v2\/posts"}],"about":[{"href":"https:\/\/notinor.com\/jujuy\/wp-json\/wp\/v2\/types\/post"}],"author":[{"embeddable":true,"href":"https:\/\/notinor.com\/jujuy\/wp-json\/wp\/v2\/users\/52"}],"replies":[{"embeddable":true,"href":"https:\/\/notinor.com\/jujuy\/wp-json\/wp\/v2\/comments?post=350011"}],"version-history":[{"count":1,"href":"https:\/\/notinor.com\/jujuy\/wp-json\/wp\/v2\/posts\/350011\/revisions"}],"predecessor-version":[{"id":350018,"href":"https:\/\/notinor.com\/jujuy\/wp-json\/wp\/v2\/posts\/350011\/revisions\/350018"}],"wp:featuredmedia":[{"embeddable":true,"href":"https:\/\/notinor.com\/jujuy\/wp-json\/wp\/v2\/media\/350017"}],"wp:attachment":[{"href":"https:\/\/notinor.com\/jujuy\/wp-json\/wp\/v2\/media?parent=350011"}],"wp:term":[{"taxonomy":"category","embeddable":true,"href":"https:\/\/notinor.com\/jujuy\/wp-json\/wp\/v2\/categories?post=350011"},{"taxonomy":"post_tag","embeddable":true,"href":"https:\/\/notinor.com\/jujuy\/wp-json\/wp\/v2\/tags?post=350011"}],"curies":[{"name":"wp","href":"https:\/\/api.w.org\/{rel}","templated":true}]}}