{"id":350009,"date":"2022-08-16T10:02:15","date_gmt":"2022-08-16T13:02:15","guid":{"rendered":"https:\/\/notinor.com\/jujuy\/?p=350009"},"modified":"2022-08-16T10:02:20","modified_gmt":"2022-08-16T13:02:20","slug":"el-gobierno-convoco-a-la-mesa-de-enlace-a-una-nueva-reunion-y-busca-avanzar-con-cambios-en-el-dolar-soja","status":"publish","type":"post","link":"https:\/\/notinor.com\/jujuy\/el-gobierno-convoco-a-la-mesa-de-enlace-a-una-nueva-reunion-y-busca-avanzar-con-cambios-en-el-dolar-soja\/","title":{"rendered":"El Gobierno convoc\u00f3 a la Mesa de Enlace a una nueva reuni\u00f3n y busca avanzar con cambios en el \u201cd\u00f3lar soja\u201d"},"content":{"rendered":"\n<p class=\"has-medium-font-size\"><strong><em>Lo anunci\u00f3 el secretario de Agricultura, Juan Jos\u00e9 Bahillo. La reuni\u00f3n ser\u00e1 con los equipos t\u00e9cnicos, para comenzar \u201ca resolver temas de la hoja de ruta definida el viernes\u201d pasado.<\/em><\/strong><\/p>\n\n\n\n<div class=\"wp-block-image\"><figure class=\"aligncenter size-large is-resized\"><img decoding=\"async\" loading=\"lazy\" src=\"https:\/\/notinor.com\/jujuy\/wp-content\/uploads\/2022\/08\/Dise\u00f1o-sin-t\u00edtulo-26-2.jpg\" alt=\"\" class=\"wp-image-350032\" width=\"795\" height=\"398\" srcset=\"https:\/\/notinor.com\/jujuy\/wp-content\/uploads\/2022\/08\/Dise\u00f1o-sin-t\u00edtulo-26-2.jpg 600w, https:\/\/notinor.com\/jujuy\/wp-content\/uploads\/2022\/08\/Dise\u00f1o-sin-t\u00edtulo-26-2-360x180.jpg 360w\" sizes=\"(max-width: 795px) 100vw, 795px\" \/><\/figure><\/div>\n\n\n\n<p><strong>El secretario de Agricultura, Juan Jos\u00e9 Bahillo, anunci\u00f3 este lunes que habr\u00e1 una reuni\u00f3n de equipos t\u00e9cnicos del Gobierno y la Mesa de Enlace, en la que comenzar\u00e1n \u201ca resolver temas de la hoja de ruta definida el viernes\u201d <\/strong>en el encuentro que el ministro de Econom\u00eda, Sergio Massa, mantuvo con la dirigencia de las organizaciones que integran ese espacio, y remarc\u00f3 \u201cla necesidad de obtener un mayor nivel de liquidaci\u00f3n de divisas\u201d del sector.<\/p>\n\n\n\n<p><strong>Lo hizo v\u00eda Twitter, como viene haciendo la gesti\u00f3n encabezada<\/strong><\/p>\n\n\n\n<figure class=\"wp-block-embed-twitter wp-block-embed is-type-rich is-provider-twitter\"><div class=\"wp-block-embed__wrapper\">\n<blockquote class=\"twitter-tweet\" data-width=\"500\" data-dnt=\"true\"><p lang=\"es\" dir=\"ltr\">Siguiendo el lineamiento planteado por <a href=\"https:\/\/twitter.com\/SergioMassa?ref_src=twsrc%5Etfw\">@SergioMassa<\/a>, hemos convocado a los equipos t\u00e9cnicos de la Mesa de Enlace a una reuni\u00f3n de trabajo con los de <a href=\"https:\/\/twitter.com\/AgriculturaAR?ref_src=twsrc%5Etfw\">@AgriculturaAR<\/a> en nuestra secretar\u00eda ma\u00f1ana a las 17:30Hs, y as\u00ed comenzar a resolver temas de la hoja de ruta definida el viernes<\/p>&mdash; Juan Jos\u00e9 Bahillo (@JuanjoBahillo) <a href=\"https:\/\/twitter.com\/JuanjoBahillo\/status\/1559140428338847744?ref_src=twsrc%5Etfw\">August 15, 2022<\/a><\/blockquote><script async src=\"https:\/\/platform.twitter.com\/widgets.js\" charset=\"utf-8\"><\/script>\n<\/div><\/figure>\n\n\n\n<p><strong>Luego, Bahillo se\u00f1al\u00f3 que, en el encuentro, se enmarca en \u201clas mesas de trabajo\u201d acordadas en el di\u00e1logo del viernes, tendientes a \u201cavanzar en los acuerdos y consensos\u201d.<\/strong> La idea, continu\u00f3 el funcionario, es, a partir de esos entendimientos, \u201dir tomando esas medidas e implement\u00e1ndolas, para dar respuesta a estos sectores y para que puedan desarrollar todo su potencial productivo\u201d.<\/p>\n\n\n\n<p><strong>En ese marco, Bahillo subray\u00f3 que es inter\u00e9s del Gobierno que se puedan \u201cr\u00e1pidamente dar respuestas y generar las condiciones (para que eso se produzca)<\/strong>, ya que estos sectores productivos son muy importantes, no s\u00f3lo por lo que significan para la econom\u00eda en su movimiento econ\u00f3mico por el dinamismo que le dan a la misma en la generaci\u00f3n de divisas, que son tan importante para nuestro pa\u00eds, sino tambi\u00e9n por todo lo que significan para la vida econ\u00f3mica en el interior del pa\u00eds\u201d.<\/p>\n\n\n\n<h2><strong><a href=\"https:\/\/notinor.com\/jujuy\/el-banco-central-creo-un-dolar-especial-mixto-para-el-campo\/\" target=\"_blank\" aria-label=\"undefined (abre en una nueva pesta\u00f1a)\" rel=\"noreferrer noopener\">D\u00f3lar soja<\/a> y econom\u00edas regionales<\/strong><\/h2>\n\n\n\n<p>El Secretario de Agricultura especific\u00f3 su postura sobre el denominado \u201c<strong>d\u00f3lar soja<\/strong>\u201d, el instrumento financiero que el Banco Central dise\u00f1\u00f3 para acelerar la comercializaci\u00f3n de la \u00faltima cosecha de la oleaginosa por parte de los productores. El funcionario reconoci\u00f3 que la medida \u201cno genera confianza e incentivos\u201d, y se\u00f1al\u00f3:\u00a0<strong>\u201cMi responsabilidad m\u00e1s all\u00e1 de analizar la conducta de los productores, que no me corresponde, es trabajar para que los productores liquiden, y para que los productores tengan buenas condiciones, con el limitante en las necesidades que tiene el gobierno. Es por eso que estamos analizando mejorar el esquema\u201d.<\/strong><\/p>\n\n\n\n<p>\u201cUno tiene que analizar la medida por su efectividad. Si vemos que la medida est\u00e1 vigente desde hace ya varias semanas, con algunas semanas de julio con inestabilidad econ\u00f3mica, se podr\u00eda evaluar porque no liquidaba el productor. Si era que la herramienta no era accesible o por las condiciones macro. Bueno las condiciones macro fueron mejorando, tras las \u00faltimas tres semanas, hay otro horizonte, y estamos trabajando junto al equipo de Econom\u00eda fuertemente para que este horizonte siga mejorando.\u00a0<strong>Si ya con mejores condiciones de estabilidad, la herramienta no empieza a ser efectiva e incorporada por los productores, es porque realmente la herramienta est\u00e1 teniendo un problema<\/strong>\u201d, agreg\u00f3.<\/p>\n\n\n\n<p class=\"has-medium-font-size\"><strong>Trascendi\u00f3 que en la reuni\u00f3n habr\u00e1 una agenda con cinco puntos a tratar:<\/strong><\/p>\n\n\n\n<p><strong>Por un lado, se hablar\u00e1 de las exportaciones de carne. <\/strong>El Gobierno nacional buscar\u00e1 avanzar con el Plan Ganar, que busca aumentar la producci\u00f3n en el pa\u00eds. Se mantendr\u00edan las restricciones para la venta al exterior.<\/p>\n\n\n\n<p><strong>Tambi\u00e9n abordar\u00e1n el \u201cd\u00f3lar soja\u201d, lanzado semanas atr\u00e1s para motivas a los productores para liquidar sus cosechas. <\/strong>El Gobierno propondr\u00eda una serie de cambios para mejorar el procedimiento. No se sabe qu\u00e9 tipo de alternativa se pondr\u00e1 en la mesa.<\/p>\n\n\n\n<p><strong>Tambi\u00e9n habr\u00e1 lugar para discutir la compra de fertilizantes. <\/strong>La secretar\u00eda de Agricultura -ante el problema para acceder al producto (por la guerra y la restricci\u00f3n de d\u00f3lares)- buscar\u00e1 facilitar el acceso a las divisas para que el campo pueda importar.<\/p>\n\n\n\n<p><strong>Tambi\u00e9n se discutir\u00e1 un pedido de la Mesa de Enlace el viernes pasado: <\/strong>la posibilidad de aumentar el corte de biodi\u00e9sel para evitar inconvenientes como los que se generaron en diferentes sectores de la producci\u00f3n y el transporte de carga por el faltante de gasoil. <strong>Por \u00faltimo, abordar\u00e1n la crisis de las econom\u00edas regionales, donde se determinar\u00e1n cu\u00e1les son las situaciones \u201cm\u00e1s angustiantes\u201d.<\/strong><\/p>\n","protected":false},"excerpt":{"rendered":"<p>Lo anunci\u00f3 el secretario de Agricultura, Juan Jos\u00e9 Bahillo. La reuni\u00f3n ser\u00e1 con los equipos t\u00e9cnicos, para comenzar \u201ca resolver temas de la hoja de ruta definida el viernes\u201d pasado. El secretario de Agricultura, Juan Jos\u00e9 Bahillo, anunci\u00f3 este lunes que habr\u00e1 una reuni\u00f3n de equipos t\u00e9cnicos del Gobierno y la Mesa de Enlace, en [&hellip;]<\/p>\n","protected":false},"author":40,"featured_media":350032,"comment_status":"open","ping_status":"open","sticky":false,"template":"","format":"standard","meta":{"_stopmodifiedupdate":false,"_modified_date":"","inline_featured_image":false,"spay_email":"","jetpack_publicize_message":""},"categories":[501],"tags":[1679,1678,1385],"jetpack_featured_media_url":"https:\/\/notinor.com\/jujuy\/wp-content\/uploads\/2022\/08\/Dise\u00f1o-sin-t\u00edtulo-26-2.jpg","jetpack_publicize_connections":[],"_links":{"self":[{"href":"https:\/\/notinor.com\/jujuy\/wp-json\/wp\/v2\/posts\/350009"}],"collection":[{"href":"https:\/\/notinor.com\/jujuy\/wp-json\/wp\/v2\/posts"}],"about":[{"href":"https:\/\/notinor.com\/jujuy\/wp-json\/wp\/v2\/types\/post"}],"author":[{"embeddable":true,"href":"https:\/\/notinor.com\/jujuy\/wp-json\/wp\/v2\/users\/40"}],"replies":[{"embeddable":true,"href":"https:\/\/notinor.com\/jujuy\/wp-json\/wp\/v2\/comments?post=350009"}],"version-history":[{"count":1,"href":"https:\/\/notinor.com\/jujuy\/wp-json\/wp\/v2\/posts\/350009\/revisions"}],"predecessor-version":[{"id":350036,"href":"https:\/\/notinor.com\/jujuy\/wp-json\/wp\/v2\/posts\/350009\/revisions\/350036"}],"wp:featuredmedia":[{"embeddable":true,"href":"https:\/\/notinor.com\/jujuy\/wp-json\/wp\/v2\/media\/350032"}],"wp:attachment":[{"href":"https:\/\/notinor.com\/jujuy\/wp-json\/wp\/v2\/media?parent=350009"}],"wp:term":[{"taxonomy":"category","embeddable":true,"href":"https:\/\/notinor.com\/jujuy\/wp-json\/wp\/v2\/categories?post=350009"},{"taxonomy":"post_tag","embeddable":true,"href":"https:\/\/notinor.com\/jujuy\/wp-json\/wp\/v2\/tags?post=350009"}],"curies":[{"name":"wp","href":"https:\/\/api.w.org\/{rel}","templated":true}]}}