{"id":350004,"date":"2022-08-16T08:53:03","date_gmt":"2022-08-16T11:53:03","guid":{"rendered":"https:\/\/notinor.com\/jujuy\/?p=350004"},"modified":"2022-08-16T09:14:05","modified_gmt":"2022-08-16T12:14:05","slug":"jujuy-en-la-voz-argentina-leo-jurado-paso-a-los-play-off","status":"publish","type":"post","link":"https:\/\/notinor.com\/jujuy\/jujuy-en-la-voz-argentina-leo-jurado-paso-a-los-play-off\/","title":{"rendered":"Jujuy en la Voz Argentina: Leo Jurado pas\u00f3 a los play off"},"content":{"rendered":"\n<p class=\"has-medium-font-size\"><strong><em>Se enfrent\u00f3 al sanjuanino Andr\u00e9s Cantos y tras su interpretaci\u00f3n \"Luc\u00eda\", un tema de Joan Manuel Serrat logr\u00f3 pasar a la siguiente instancia.<\/em><\/strong><\/p>\n\n\n\n<figure class=\"is-layout-flex wp-block-gallery-1 wp-block-gallery aligncenter columns-1 is-cropped\"><ul class=\"blocks-gallery-grid\"><li class=\"blocks-gallery-item\"><figure><img decoding=\"async\" loading=\"lazy\" width=\"561\" height=\"480\" src=\"https:\/\/notinor.com\/jujuy\/wp-content\/uploads\/2022\/08\/WhatsApp-Image-2022-08-16-at-8.45.00-AM-561x480.jpeg\" alt=\"\" data-id=\"350006\" data-full-url=\"https:\/\/notinor.com\/jujuy\/wp-content\/uploads\/2022\/08\/WhatsApp-Image-2022-08-16-at-8.45.00-AM.jpeg\" data-link=\"https:\/\/notinor.com\/jujuy\/jujuy-en-la-voz-argentina-leo-jurado-paso-a-los-play-off\/whatsapp-image-2022-08-16-at-8-45-00-am\/\" class=\"wp-image-350006\" srcset=\"https:\/\/notinor.com\/jujuy\/wp-content\/uploads\/2022\/08\/WhatsApp-Image-2022-08-16-at-8.45.00-AM-561x480.jpeg 561w, https:\/\/notinor.com\/jujuy\/wp-content\/uploads\/2022\/08\/WhatsApp-Image-2022-08-16-at-8.45.00-AM-427x365.jpeg 427w, https:\/\/notinor.com\/jujuy\/wp-content\/uploads\/2022\/08\/WhatsApp-Image-2022-08-16-at-8.45.00-AM-750x641.jpeg 750w, https:\/\/notinor.com\/jujuy\/wp-content\/uploads\/2022\/08\/WhatsApp-Image-2022-08-16-at-8.45.00-AM.jpeg 759w\" sizes=\"(max-width: 561px) 100vw, 561px\" \/><\/figure><\/li><\/ul><\/figure>\n\n\n\n<p><strong>Leonardo Jurado contin\u00faa en&nbsp; <a href=\"https:\/\/notinor.com\/jujuy\/la-jujena-lu-araya-gano-y-continua-su-camino-en-la-voz-argentina\/\">La Voz Argentina<\/a><\/strong>. Se enfrent\u00f3 al <strong>sanjuanino Andr\u00e9s Cantos<\/strong> logr\u00f3 avanzar a una nueva instancia de reality: \"Los Playoffs\".<\/p>\n\n\n\n<p>Integra al <strong>Team Ricardo Montaner<\/strong> y desde su primera vez en el escenario del certamen, donde cant\u00f3 \u201cTarot\u201d de Arjona&nbsp; conquist\u00f3 a todo.<\/p>\n\n\n\n<p>En una nueva gala, <strong><a href=\"https:\/\/notinor.com\/jujuy\/jujuy-presente-el-jujeno-leo-jurado-gano-en-la-batalla-de-la-voz-argentina\/\">el juje\u00f1o <\/a>interpret\u00f3 \"Luc\u00eda\", un tema de Joan Manuel Serrat<\/strong>, mientras que su compa\u00f1ero cant\u00f3 \"Ahora Qui\u00e9n\" de Marc Anthony. En la decisi\u00f3n final, Montaner eligi\u00f3 a Leo, pero su contraticante fue robado por \"Lali\".<\/p>\n\n\n\n<figure><iframe loading=\"lazy\" src=\"https:\/\/www.facebook.com\/plugins\/video.php?height=476&amp;href=https%3A%2F%2Fwww.facebook.com%2Fdiarionotinor%2Fvideos%2F545751293992967%2F&amp;show_text=false&amp;width=267&amp;t=0\" width=\"267\" height=\"476\" allowfullscreen=\"true\"><\/iframe><\/figure>\n","protected":false},"excerpt":{"rendered":"<p>Se enfrent\u00f3 al sanjuanino Andr\u00e9s Cantos y tras su interpretaci\u00f3n \"Luc\u00eda\", un tema de Joan Manuel Serrat logr\u00f3 pasar a la siguiente instancia. Leonardo Jurado contin\u00faa en&nbsp; La Voz Argentina. Se enfrent\u00f3 al sanjuanino Andr\u00e9s Cantos logr\u00f3 avanzar a una nueva instancia de reality: \"Los Playoffs\". Integra al Team Ricardo Montaner y desde su primera [&hellip;]<\/p>\n","protected":false},"author":52,"featured_media":350006,"comment_status":"open","ping_status":"open","sticky":false,"template":"","format":"standard","meta":{"_stopmodifiedupdate":false,"_modified_date":"","inline_featured_image":false,"spay_email":"","jetpack_publicize_message":""},"categories":[21],"tags":[1397,1395,1673],"jetpack_featured_media_url":"https:\/\/notinor.com\/jujuy\/wp-content\/uploads\/2022\/08\/WhatsApp-Image-2022-08-16-at-8.45.00-AM.jpeg","jetpack_publicize_connections":[],"_links":{"self":[{"href":"https:\/\/notinor.com\/jujuy\/wp-json\/wp\/v2\/posts\/350004"}],"collection":[{"href":"https:\/\/notinor.com\/jujuy\/wp-json\/wp\/v2\/posts"}],"about":[{"href":"https:\/\/notinor.com\/jujuy\/wp-json\/wp\/v2\/types\/post"}],"author":[{"embeddable":true,"href":"https:\/\/notinor.com\/jujuy\/wp-json\/wp\/v2\/users\/52"}],"replies":[{"embeddable":true,"href":"https:\/\/notinor.com\/jujuy\/wp-json\/wp\/v2\/comments?post=350004"}],"version-history":[{"count":3,"href":"https:\/\/notinor.com\/jujuy\/wp-json\/wp\/v2\/posts\/350004\/revisions"}],"predecessor-version":[{"id":350014,"href":"https:\/\/notinor.com\/jujuy\/wp-json\/wp\/v2\/posts\/350004\/revisions\/350014"}],"wp:featuredmedia":[{"embeddable":true,"href":"https:\/\/notinor.com\/jujuy\/wp-json\/wp\/v2\/media\/350006"}],"wp:attachment":[{"href":"https:\/\/notinor.com\/jujuy\/wp-json\/wp\/v2\/media?parent=350004"}],"wp:term":[{"taxonomy":"category","embeddable":true,"href":"https:\/\/notinor.com\/jujuy\/wp-json\/wp\/v2\/categories?post=350004"},{"taxonomy":"post_tag","embeddable":true,"href":"https:\/\/notinor.com\/jujuy\/wp-json\/wp\/v2\/tags?post=350004"}],"curies":[{"name":"wp","href":"https:\/\/api.w.org\/{rel}","templated":true}]}}