{"id":349587,"date":"2022-08-12T10:42:11","date_gmt":"2022-08-12T13:42:11","guid":{"rendered":"https:\/\/notinor.com\/jujuy\/?p=349587"},"modified":"2022-08-12T10:42:15","modified_gmt":"2022-08-12T13:42:15","slug":"el-relato-de-la-abuela-de-uno-de-los-bebes-muertos-en-cordoba-tenia-sus-manitos-frias-y-no-queria-la-teta","status":"publish","type":"post","link":"https:\/\/notinor.com\/jujuy\/el-relato-de-la-abuela-de-uno-de-los-bebes-muertos-en-cordoba-tenia-sus-manitos-frias-y-no-queria-la-teta\/","title":{"rendered":"El relato de la abuela de uno de los beb\u00e9s muertos en C\u00f3rdoba: \u201cTen\u00eda sus manitos fr\u00edas y no quer\u00eda la teta\u201d"},"content":{"rendered":"\n<p>Mientras sigue la conmoci\u00f3n por las muertes de beb\u00e9s en el Hospital Materno Neonatal de C\u00f3rdoba, el ministro de Salud de esa provincia, Diego Cardozo, decidi\u00f3 apartar de sus cargos a la directora y a la subdirectora del centro m\u00e9dico hasta tanto se esclarezca su situaci\u00f3n.<\/p>\n\n\n\n<div class=\"wp-block-image\"><figure class=\"aligncenter size-large\"><img decoding=\"async\" loading=\"lazy\" width=\"676\" height=\"379\" src=\"https:\/\/notinor.com\/jujuy\/wp-content\/uploads\/2022\/08\/abuela.png\" alt=\"\" class=\"wp-image-349588\" srcset=\"https:\/\/notinor.com\/jujuy\/wp-content\/uploads\/2022\/08\/abuela.png 676w, https:\/\/notinor.com\/jujuy\/wp-content\/uploads\/2022\/08\/abuela-651x365.png 651w, https:\/\/notinor.com\/jujuy\/wp-content\/uploads\/2022\/08\/abuela-500x280.png 500w\" sizes=\"(max-width: 676px) 100vw, 676px\" \/><\/figure><\/div>\n\n\n\n<p>En tanto, la abuela de una de las v\u00edctimas, Romina Ceja, habl\u00f3 con Telenoche (El Doce) sobre lo que ocurri\u00f3 con su nieta y fue tambi\u00e9n quien realiz\u00f3 la primera denuncia p\u00fablica del caso.<\/p>\n\n\n\n<p>\u201cTipo 4 de la ma\u00f1ana nos avisan que hab\u00eda nacido una hermosa beb\u00e9\u201d, cont\u00f3 la mujer. Todav\u00eda no hab\u00edan pasado ni 24 horas cuando todo cambi\u00f3. En la madrugada del 7 de junio dieron un vuelco inesperado e inexplicable hacia el horror.<\/p>\n\n\n\n<p>&nbsp;\u201cNos dijeron que le hab\u00eda dado dos paros cardiorrespiratorios, no sab\u00edan decirnos qu\u00e9 pas\u00f3 ni explicarnos\u201d, record\u00f3 Romina. No obstante, supieron despu\u00e9s, su nieta hab\u00eda muerto a las 22.45 del d\u00eda 6. Es decir, unas seis horas antes de que ellas fueran notificadas.<\/p>\n\n\n\n<p>\u201cLa beba ten\u00eda manchas rojas en su cara y una perforaci\u00f3n al lado de la nariz. A mi hija le dijeron que era algo normal del trabajo de parto y que iban a desaparecer con el correr de las horas\u201d, agreg\u00f3 la abuela. Pero no mejor\u00f3, sino todo lo contrario.<\/p>\n\n\n\n<p>Romina dio aviso al hospital que la reci\u00e9n nacida ten\u00eda las manos fr\u00edas y que no quer\u00eda tomar la teta. Tres horas m\u00e1s tarde, ya ni siquiera pod\u00edan despertarla. \u201cLa revisaron a la beb\u00e9 y se la llevaron. Antes de hacerlo, nos hab\u00edan asegurado que la situaci\u00f3n era normal\u201d, cuestion\u00f3 angustiada.<\/p>\n\n\n\n<p>Pero ya no volvi\u00f3 a ver a su nieta. Apenas un rato m\u00e1s tarde \u201cmi hija estaba con una crisis de nervios y mi nieta estaba bajo cuidados\u201d. Seg\u00fan la autopsia que le entregaron, la beba hizo dos paros card\u00edacos y no pudieron sacarla. \u201cNos quitaron un \u00e1ngel y la pieza donde iba a dormir sigue vac\u00eda y cerrada\u201d, dijo en otra entrevista, con el diario La Voz.<\/p>\n\n\n\n<p>Por qu\u00e9 sospechan que las muertes fueron intencionales<\/p>\n\n\n\n<p>La investigaci\u00f3n por los cinco beb\u00e9s que murieron y los por lo menos otros ocho intoxicados en el Neonatal entre marzo y junio de este a\u00f1o ya lleva tres meses abierta y 25 empleados apartados. No resulta un dato menor que, desde que estas personas se encuentran dispensadas, no hubo m\u00e1s casos.<\/p>\n\n\n\n<p>\u201cHemos apartado a 14 agentes, luego a 9 m\u00e1s y seguimos en investigaci\u00f3n\u201d, detall\u00f3 Mariana Figueroa, directora del \u00e1rea de Legales del Ministerio de Salud provincial, aunque aclar\u00f3 que estos apartamientos no son suspensiones ni licencias, sino dispensas.<\/p>\n\n\n\n<p>El relato de la abuela de uno de los beb\u00e9s muertos en C\u00f3rdoba: \u201cTen\u00eda sus manitos fr\u00edas y no quer\u00eda la teta\u201d<\/p>\n\n\n\n<p>\u201cSon beb\u00e9s que nacieron sanos, sin factores de riesgo, y de un momento a otro tuvieron complicaciones\u201d, se\u00f1alaron por su parte desde el Ministerio de Salud a trav\u00e9s de un comunicado oficial.<\/p>\n\n\n\n<p>De acuerdo a las autopsias que se hicieron a algunos de los reci\u00e9n nacidos que murieron, estos mostraron signos de algunas sustancias elevadas en sangre. Tambi\u00e9n se detectaron pinchazos, no compatibles con pr\u00e1cticas habituales.<\/p>\n\n\n\n<p>Por \u00faltimo, el ministro de Salud provincial, Diego Cardozo, decidi\u00f3 apartar a la directora del hospital Materno Neonatal, Liliana As\u00eds, y a la subdirectora Claudia Ringelheim, hasta que se esclarezcan los hechos.<\/p>\n","protected":false},"excerpt":{"rendered":"<p>Mientras sigue la conmoci\u00f3n por las muertes de beb\u00e9s en el Hospital Materno Neonatal de C\u00f3rdoba, el ministro de Salud de esa provincia, Diego Cardozo, decidi\u00f3 apartar de sus cargos a la directora y a la subdirectora del centro m\u00e9dico hasta tanto se esclarezca su situaci\u00f3n. En tanto, la abuela de una de las v\u00edctimas, [&hellip;]<\/p>\n","protected":false},"author":5,"featured_media":349588,"comment_status":"open","ping_status":"open","sticky":false,"template":"","format":"standard","meta":{"_stopmodifiedupdate":false,"_modified_date":"","inline_featured_image":false,"spay_email":"","jetpack_publicize_message":""},"categories":[5],"tags":[],"jetpack_featured_media_url":"https:\/\/notinor.com\/jujuy\/wp-content\/uploads\/2022\/08\/abuela.png","jetpack_publicize_connections":[],"_links":{"self":[{"href":"https:\/\/notinor.com\/jujuy\/wp-json\/wp\/v2\/posts\/349587"}],"collection":[{"href":"https:\/\/notinor.com\/jujuy\/wp-json\/wp\/v2\/posts"}],"about":[{"href":"https:\/\/notinor.com\/jujuy\/wp-json\/wp\/v2\/types\/post"}],"author":[{"embeddable":true,"href":"https:\/\/notinor.com\/jujuy\/wp-json\/wp\/v2\/users\/5"}],"replies":[{"embeddable":true,"href":"https:\/\/notinor.com\/jujuy\/wp-json\/wp\/v2\/comments?post=349587"}],"version-history":[{"count":1,"href":"https:\/\/notinor.com\/jujuy\/wp-json\/wp\/v2\/posts\/349587\/revisions"}],"predecessor-version":[{"id":349591,"href":"https:\/\/notinor.com\/jujuy\/wp-json\/wp\/v2\/posts\/349587\/revisions\/349591"}],"wp:featuredmedia":[{"embeddable":true,"href":"https:\/\/notinor.com\/jujuy\/wp-json\/wp\/v2\/media\/349588"}],"wp:attachment":[{"href":"https:\/\/notinor.com\/jujuy\/wp-json\/wp\/v2\/media?parent=349587"}],"wp:term":[{"taxonomy":"category","embeddable":true,"href":"https:\/\/notinor.com\/jujuy\/wp-json\/wp\/v2\/categories?post=349587"},{"taxonomy":"post_tag","embeddable":true,"href":"https:\/\/notinor.com\/jujuy\/wp-json\/wp\/v2\/tags?post=349587"}],"curies":[{"name":"wp","href":"https:\/\/api.w.org\/{rel}","templated":true}]}}