{"id":349578,"date":"2022-08-12T09:39:25","date_gmt":"2022-08-12T12:39:25","guid":{"rendered":"https:\/\/notinor.com\/jujuy\/?p=349578"},"modified":"2022-08-12T09:39:29","modified_gmt":"2022-08-12T12:39:29","slug":"hospital-en-la-mira-por-la-muerte-de-al-menos-cinco-bebes-recien-nacidos","status":"publish","type":"post","link":"https:\/\/notinor.com\/jujuy\/hospital-en-la-mira-por-la-muerte-de-al-menos-cinco-bebes-recien-nacidos\/","title":{"rendered":"Hospital en la mira por la muerte de al menos cinco beb\u00e9s reci\u00e9n nacidos"},"content":{"rendered":"\n<p>En C\u00f3rdoba Capital se investiga la muerte de al menos cinco beb\u00e9s nacidos entre marzo y junio en el Hospital Materno Neonatal Dr. Ram\u00f3n Carrillo de la mencionada ciudad. El fiscal Ra\u00fal Garz\u00f3n investiga si se les suministr\u00f3 alguna sustancia que les caus\u00f3 el deceso. Las hip\u00f3tesis son mala praxis u homicidio. Por esta situaci\u00f3n, 25 empleados de diferentes \u00e1reas fueron separados del cargo.<\/p>\n\n\n\n<div class=\"wp-block-image\"><figure class=\"aligncenter size-large is-resized\"><img decoding=\"async\" loading=\"lazy\" src=\"https:\/\/notinor.com\/jujuy\/wp-content\/uploads\/2022\/08\/HOSPITAL-1.jpg\" alt=\"\" class=\"wp-image-349579\" width=\"700\" height=\"398\" srcset=\"https:\/\/notinor.com\/jujuy\/wp-content\/uploads\/2022\/08\/HOSPITAL-1.jpg 725w, https:\/\/notinor.com\/jujuy\/wp-content\/uploads\/2022\/08\/HOSPITAL-1-642x365.jpg 642w\" sizes=\"(max-width: 700px) 100vw, 700px\" \/><\/figure><\/div>\n\n\n\n<p>Asimismo, Garz\u00f3n manifest\u00f3 que se trata de un episodio de \"enorme gravedad\" y que la cifra podr\u00eda superar los diez beb\u00e9s fallecidos. \"Se allan\u00f3 el hospital durante varios d\u00edas, se secuestraron las historias cl\u00ednicas y est\u00e1n en manos de especialistas para que las analicen\", expres\u00f3 sumamente consternado, como el resto de la poblaci\u00f3n cordobesa. Cabe destacar que desde el Ministerio de Salud indicaron que tienen registradas cinco muertes de \"etiolog\u00eda dudosa\" entre marzo y junio.<\/p>\n\n\n\n<p>\"\u00bfQu\u00e9 dicen desde el nosocomio? La directora del hospital, Liliana As\u00eds, declar\u00f3 que \"no solo est\u00e1 en manos de la Justicia; tambi\u00e9n hay un trabajo administrativo\" y que los empleados que fueron apartados aclar\u00f3 que \"son investigados, pero no hay culpables\".<\/p>\n\n\n\n<p>Sin embargo, desde el departamento de Salud provincial sostienen que son cinco los beb\u00e9s fallecidos. Seg\u00fan detall\u00f3 Mariana Figueroa, directora de Asuntos Legales del Ministerio de Salud provincial, desde su cartera se tom\u00f3 conocimiento de 13 beb\u00e9s que no presentaron una evoluci\u00f3n \"esperable\" despu\u00e9s de nacer de \"mam\u00e1s sanas\" y que de ellos, \"cinco murieron y ocho est\u00e1n vivos\".<\/p>\n\n\n\n<p>Figueroa cont\u00f3 que fueron \"profesionales\" del hospital los que dieron la voz de alerta por una situaci\u00f3n que no es \"normal o habitual en la evoluci\u00f3n de los pacientes\".<\/p>\n\n\n\n<p>La respuesta del hospital<\/p>\n\n\n\n<p>Las declaraciones de la funcionaria fueron respaldadas m\u00e1s adelante por el \u00faltimo comunicado oficial de la cartera de Salud de la provincia con respecto a \"una serie de inconsistencias en la evoluci\u00f3n de pacientes del nosocomio\".<\/p>\n\n\n\n<p>\"Observando factores adversos en com\u00fan y\/o muy similares, los que no coinciden con el diagn\u00f3stico y las caracter\u00edsticas de la madre y el reci\u00e9n nacido, se inici\u00f3 una investigaci\u00f3n administrativa a los fines de esclarecer los hechos y determinar la posible causal, y en caso de corresponder la efectiva atribuci\u00f3n de responsabilidades\", indica el comunicado.<\/p>\n\n\n\n<p>El fiscal Garz\u00f3n desliz\u00f3 que la principal sospecha apunta al suministro de alguna sustancia \"por mala praxis o intencionalmente\". Asever\u00f3 que \"son casos puntuales en una franja de tiempo precisa\", y que no volvi\u00f3 a suceder. Adem\u00e1s, apunt\u00f3 a la principal preocupaci\u00f3n de los investigadores, que indicar\u00eda que las v\u00edctimas fatales \"no ten\u00edan factores de riesgo\".<\/p>\n\n\n\n<p>Sobre las cinco defunciones, Garz\u00f3n detall\u00f3 que \"se peritaron con autopsia dos de los reci\u00e9n nacidos porque fueron motivo de denuncia\". En este sentido, expres\u00f3 que fue un ciudadano \u2014no familiar de los beb\u00e9s\u2014 el que hizo la denuncia que impuls\u00f3 la investigaci\u00f3n.<\/p>\n","protected":false},"excerpt":{"rendered":"<p>En C\u00f3rdoba Capital se investiga la muerte de al menos cinco beb\u00e9s nacidos entre marzo y junio en el Hospital Materno Neonatal Dr. Ram\u00f3n Carrillo de la mencionada ciudad. El fiscal Ra\u00fal Garz\u00f3n investiga si se les suministr\u00f3 alguna sustancia que les caus\u00f3 el deceso. Las hip\u00f3tesis son mala praxis u homicidio. Por esta situaci\u00f3n, [&hellip;]<\/p>\n","protected":false},"author":5,"featured_media":349579,"comment_status":"open","ping_status":"open","sticky":false,"template":"","format":"standard","meta":{"_stopmodifiedupdate":false,"_modified_date":"","inline_featured_image":false,"spay_email":"","jetpack_publicize_message":""},"categories":[5],"tags":[],"jetpack_featured_media_url":"https:\/\/notinor.com\/jujuy\/wp-content\/uploads\/2022\/08\/HOSPITAL-1.jpg","jetpack_publicize_connections":[],"_links":{"self":[{"href":"https:\/\/notinor.com\/jujuy\/wp-json\/wp\/v2\/posts\/349578"}],"collection":[{"href":"https:\/\/notinor.com\/jujuy\/wp-json\/wp\/v2\/posts"}],"about":[{"href":"https:\/\/notinor.com\/jujuy\/wp-json\/wp\/v2\/types\/post"}],"author":[{"embeddable":true,"href":"https:\/\/notinor.com\/jujuy\/wp-json\/wp\/v2\/users\/5"}],"replies":[{"embeddable":true,"href":"https:\/\/notinor.com\/jujuy\/wp-json\/wp\/v2\/comments?post=349578"}],"version-history":[{"count":1,"href":"https:\/\/notinor.com\/jujuy\/wp-json\/wp\/v2\/posts\/349578\/revisions"}],"predecessor-version":[{"id":349580,"href":"https:\/\/notinor.com\/jujuy\/wp-json\/wp\/v2\/posts\/349578\/revisions\/349580"}],"wp:featuredmedia":[{"embeddable":true,"href":"https:\/\/notinor.com\/jujuy\/wp-json\/wp\/v2\/media\/349579"}],"wp:attachment":[{"href":"https:\/\/notinor.com\/jujuy\/wp-json\/wp\/v2\/media?parent=349578"}],"wp:term":[{"taxonomy":"category","embeddable":true,"href":"https:\/\/notinor.com\/jujuy\/wp-json\/wp\/v2\/categories?post=349578"},{"taxonomy":"post_tag","embeddable":true,"href":"https:\/\/notinor.com\/jujuy\/wp-json\/wp\/v2\/tags?post=349578"}],"curies":[{"name":"wp","href":"https:\/\/api.w.org\/{rel}","templated":true}]}}