{"id":349572,"date":"2022-08-12T09:34:55","date_gmt":"2022-08-12T12:34:55","guid":{"rendered":"https:\/\/notinor.com\/jujuy\/?p=349572"},"modified":"2022-08-12T09:51:37","modified_gmt":"2022-08-12T12:51:37","slug":"gerardo-morales-llamo-a-sostener-el-camino-de-la-consolidacion-de-juntos-por-el-cambio","status":"publish","type":"post","link":"https:\/\/notinor.com\/jujuy\/gerardo-morales-llamo-a-sostener-el-camino-de-la-consolidacion-de-juntos-por-el-cambio\/","title":{"rendered":"Gerardo Morales llam\u00f3 a \u201csostener el camino de la consolidaci\u00f3n\u201d de Juntos por el Cambio"},"content":{"rendered":"\n<p class=\"has-medium-font-size\"><strong><em>\u201cHay que seguir construyendo Juntos por el Cambio para fortalecerlo como alternativa para los argentinos y como herramienta de transformaci\u00f3n social, econ\u00f3mica, pol\u00edtica e institucional del pa\u00eds\u201d, expres\u00f3 el presidente del Comit\u00e9 Nacional de la UCR y gobernador de Jujuy, Gerardo Morales, en conferencia de prensa realizada en Santa Fe, junto a la senadora nacional Carolina Losada, el diputado nacional Mario Barletta y el senador nacional Dionisio Scarpin, entre otros.<\/em><\/strong><\/p>\n\n\n\n<div class=\"wp-block-image\"><figure class=\"aligncenter size-large\"><img decoding=\"async\" loading=\"lazy\" width=\"800\" height=\"450\" src=\"https:\/\/notinor.com\/jujuy\/wp-content\/uploads\/2022\/08\/gerardo-morales-en-santa-fe.jpg\" alt=\"\" class=\"wp-image-349576\" srcset=\"https:\/\/notinor.com\/jujuy\/wp-content\/uploads\/2022\/08\/gerardo-morales-en-santa-fe.jpg 800w, https:\/\/notinor.com\/jujuy\/wp-content\/uploads\/2022\/08\/gerardo-morales-en-santa-fe-649x365.jpg 649w, https:\/\/notinor.com\/jujuy\/wp-content\/uploads\/2022\/08\/gerardo-morales-en-santa-fe-500x280.jpg 500w, https:\/\/notinor.com\/jujuy\/wp-content\/uploads\/2022\/08\/gerardo-morales-en-santa-fe-768x432.jpg 768w, https:\/\/notinor.com\/jujuy\/wp-content\/uploads\/2022\/08\/gerardo-morales-en-santa-fe-750x422.jpg 750w\" sizes=\"(max-width: 800px) 100vw, 800px\" \/><\/figure><\/div>\n\n\n\n<p>En estos t\u00e9rminos se pronunci\u00f3, previo al <strong>foro<\/strong><a href=\"https:\/\/notinor.com\/jujuy\/gerardo-morales-lo-que-paso-con-esta-pelea-de-poder-en-la-calle-es-que-degrado-la-cultura-del-trabajo-y-el-esfuerzo\/\" target=\"_blank\" aria-label=\"undefined (abre en una nueva pesta\u00f1a)\" rel=\"noreferrer noopener\"><strong> \u201cPlanes sociales y asistencialismo. An\u00e1lisis y Propuestas\u201d,<\/strong> <\/a>programado en dicha provincia con las disertaciones a cargo de Jorge \u00c1lvarez, ex ministro de Desarrollo Social y referente de la UCR; Sebasti\u00e1n Mastropaolo, concejal del PRO; y Josefina del R\u00edo, subsecretaria de H\u00e1bitat de Rosario y miembro del partido CREO.<\/p>\n\n\n\n<p>Advirti\u00f3 que <strong>\u201cpara un gobierno loteado por peleas internas del Frente de Todos, es imposible una unidad de acci\u00f3n que facilite la implementaci\u00f3n efectiva de pol\u00edticas sociales <\/strong>que aborden los problemas vinculados a la pobreza\u201d y resalt\u00f3 que \u201cqueda claro entonces que la crisis social y econ\u00f3mica tiene origen en un problema pol\u00edtico, cuya exclusiva responsabilidad es del Frente de Todos en ejercicio del gobierno nacional\u201d.<\/p>\n\n\n\n<p>\u201cAnte este escenario -prosigui\u00f3- <strong>el desaf\u00edo es consolidar Juntos por el Cambio, para lo cual es necesario evitar sembrar sospechas entre dirigentes de los partidos pol\u00edticos que integran la coalici\u00f3n\u201d.<\/strong><\/p>\n\n\n\n<p>Consider\u00f3 que <strong>el camino que propone Elisa Carri\u00f3 \u201cno es el adecuado para construir\u201d,<\/strong> puesto que \u201clos adversarios no est\u00e1n dentro de Juntos por el Cambio, sino en el Frente de Todos y son los que pusieron al pa\u00eds y a los argentinos al borde del abismo\u201d.<\/p>\n\n\n\n<p>Morales ampli\u00f3 su an\u00e1lisis, se\u00f1alando que Juntos por el Cambio, a trav\u00e9s de sus fundaciones, avanza en la elaboraci\u00f3n de un <strong>plan de gobierno de cara a 2023, cuya caracter\u00edstica saliente sea \u201cdesarrollar las econom\u00edas regionales\u201d, <\/strong>poniendo punto final a gobiernos que \u201csolo gestionan para 10 manzanas\u201d.<\/p>\n\n\n\n<p>Barletta, en tanto, <strong>dio un fuerte respaldo a la figura de autoridad y liderazgo de Gerardo Morales,<\/strong> afirmando que \u201ctuvo lo que hay que tener\u201d para solucionar el serio problema del manejo discrecional de los planes sociales en Jujuy.<\/p>\n","protected":false},"excerpt":{"rendered":"<p>\u201cHay que seguir construyendo Juntos por el Cambio para fortalecerlo como alternativa para los argentinos y como herramienta de transformaci\u00f3n social, econ\u00f3mica, pol\u00edtica e institucional del pa\u00eds\u201d, expres\u00f3 el presidente del Comit\u00e9 Nacional de la UCR y gobernador de Jujuy, Gerardo Morales, en conferencia de prensa realizada en Santa Fe, junto a la senadora nacional [&hellip;]<\/p>\n","protected":false},"author":49,"featured_media":349576,"comment_status":"open","ping_status":"open","sticky":false,"template":"","format":"standard","meta":{"_stopmodifiedupdate":false,"_modified_date":"","inline_featured_image":false,"spay_email":"","jetpack_publicize_message":""},"categories":[2,501],"tags":[],"jetpack_featured_media_url":"https:\/\/notinor.com\/jujuy\/wp-content\/uploads\/2022\/08\/gerardo-morales-en-santa-fe.jpg","jetpack_publicize_connections":[],"_links":{"self":[{"href":"https:\/\/notinor.com\/jujuy\/wp-json\/wp\/v2\/posts\/349572"}],"collection":[{"href":"https:\/\/notinor.com\/jujuy\/wp-json\/wp\/v2\/posts"}],"about":[{"href":"https:\/\/notinor.com\/jujuy\/wp-json\/wp\/v2\/types\/post"}],"author":[{"embeddable":true,"href":"https:\/\/notinor.com\/jujuy\/wp-json\/wp\/v2\/users\/49"}],"replies":[{"embeddable":true,"href":"https:\/\/notinor.com\/jujuy\/wp-json\/wp\/v2\/comments?post=349572"}],"version-history":[{"count":2,"href":"https:\/\/notinor.com\/jujuy\/wp-json\/wp\/v2\/posts\/349572\/revisions"}],"predecessor-version":[{"id":349581,"href":"https:\/\/notinor.com\/jujuy\/wp-json\/wp\/v2\/posts\/349572\/revisions\/349581"}],"wp:featuredmedia":[{"embeddable":true,"href":"https:\/\/notinor.com\/jujuy\/wp-json\/wp\/v2\/media\/349576"}],"wp:attachment":[{"href":"https:\/\/notinor.com\/jujuy\/wp-json\/wp\/v2\/media?parent=349572"}],"wp:term":[{"taxonomy":"category","embeddable":true,"href":"https:\/\/notinor.com\/jujuy\/wp-json\/wp\/v2\/categories?post=349572"},{"taxonomy":"post_tag","embeddable":true,"href":"https:\/\/notinor.com\/jujuy\/wp-json\/wp\/v2\/tags?post=349572"}],"curies":[{"name":"wp","href":"https:\/\/api.w.org\/{rel}","templated":true}]}}