{"id":349550,"date":"2022-08-11T23:16:00","date_gmt":"2022-08-12T02:16:00","guid":{"rendered":"https:\/\/notinor.com\/jujuy\/?p=349550"},"modified":"2022-08-12T11:14:09","modified_gmt":"2022-08-12T14:14:09","slug":"representante-del-ministerio-de-mujeres-de-nacion-brindo-una-conferencia-a-legisladoras-del-norte-grande","status":"publish","type":"post","link":"https:\/\/notinor.com\/jujuy\/representante-del-ministerio-de-mujeres-de-nacion-brindo-una-conferencia-a-legisladoras-del-norte-grande\/","title":{"rendered":"Representante del Ministerio de Mujeres  de Naci\u00f3n brind\u00f3 una conferencia a legisladoras del Norte Grande"},"content":{"rendered":"\n<p class=\"has-medium-font-size\"><strong><em>Se lleva a cabo en nuestra capital provincial la \u201cPrimera Reuni\u00f3n Plenaria del Parlamento Del Norte Grande\u201d. En este evento se concreta la incorporaci\u00f3n de las provincias del NEA (Chaco, Formosa, Corrientes y Misiones), que permite la ampliaci\u00f3n del Parlamento del NOA a Norte Grande.<\/em><\/strong><\/p>\n\n\n\n<div class=\"wp-block-image\"><figure class=\"aligncenter size-large is-resized\"><img decoding=\"async\" loading=\"lazy\" src=\"https:\/\/notinor.com\/jujuy\/wp-content\/uploads\/2022\/08\/Dise\u00f1o-sin-t\u00edtulo-6.png\" alt=\"\" class=\"wp-image-349599\" width=\"755\" height=\"378\" srcset=\"https:\/\/notinor.com\/jujuy\/wp-content\/uploads\/2022\/08\/Dise\u00f1o-sin-t\u00edtulo-6.png 600w, https:\/\/notinor.com\/jujuy\/wp-content\/uploads\/2022\/08\/Dise\u00f1o-sin-t\u00edtulo-6-360x180.png 360w\" sizes=\"(max-width: 755px) 100vw, 755px\" \/><\/figure><\/div>\n\n\n\n<p>En el marco del &nbsp;Primer Encuentro del Parlamento del Norte Grande, <strong>Marita Perceval, Secretaria de Pol\u00edticas de Igualdad y Diversidad en el Ministerio de &nbsp;Mujeres de Naci\u00f3n<\/strong>, brind\u00f3 una conferencia &nbsp;sobre la relaci\u00f3n entre &nbsp;sistema de cuidados, protecci\u00f3n social y sistema tributario en Am\u00e9rica Latina. Durante la ponencia se expuso la idea que las crisis econ\u00f3micas y sociales repercuten fuertemente en las mujeres, los ni\u00f1os y las ni\u00f1as.<\/p>\n\n\n\n<p><strong>La funcionaria afirm\u00f3 en primer lugar que uno de los temas que se asignan a la mujer es el cuidado de personas y que esta situaci\u00f3n debe ser revisada desde un enfoque no sexista<\/strong>. \u201cEn este aspecto es necesario instalar en la agenda pol\u00edtica algunas tem\u00e1ticas que son de tratamiento inexorable, desde una mirada respetuosa, reflexiva ya plural, en entre estas tem\u00e1ticas est\u00e1 el sistema de cuidado, la protecci\u00f3n social y el sistema tributario\u201d.<\/p>\n\n\n\n<div class=\"wp-block-image\"><figure class=\"aligncenter size-large\"><img decoding=\"async\" loading=\"lazy\" width=\"800\" height=\"450\" src=\"https:\/\/notinor.com\/jujuy\/wp-content\/uploads\/2022\/08\/ministerio-de-mujeres-2.jpeg\" alt=\"\" class=\"wp-image-349551\" srcset=\"https:\/\/notinor.com\/jujuy\/wp-content\/uploads\/2022\/08\/ministerio-de-mujeres-2.jpeg 800w, https:\/\/notinor.com\/jujuy\/wp-content\/uploads\/2022\/08\/ministerio-de-mujeres-2-649x365.jpeg 649w, https:\/\/notinor.com\/jujuy\/wp-content\/uploads\/2022\/08\/ministerio-de-mujeres-2-500x280.jpeg 500w, https:\/\/notinor.com\/jujuy\/wp-content\/uploads\/2022\/08\/ministerio-de-mujeres-2-768x432.jpeg 768w, https:\/\/notinor.com\/jujuy\/wp-content\/uploads\/2022\/08\/ministerio-de-mujeres-2-750x422.jpeg 750w\" sizes=\"(max-width: 800px) 100vw, 800px\" \/><\/figure><\/div>\n\n\n\n<p>Por otra parte afirm\u00f3 que se debe avanzar hacia un orden m\u00e1s justo y equitativo ya que los efectos de la pandemia han sido devastadores, sobre todo para las mujeres y las infancias. \u201cDebe haber una respuesta al conflicto globalizado que hoy vivimos que se desarrolla entre Ucrania y Rusia, pero que viene de una crisis de 2008 generada por Lehman Brothers y que marc\u00f3 el fin de una etapa econ\u00f3mica\u201d.<\/p>\n\n\n\n<p><strong>La especialista indic\u00f3 que en Am\u00e9rica Latina ten\u00edan antes de la pandemia un proceso de cinco a\u00f1os de crecimiento econ\u00f3mico con la disminuci\u00f3n de la pobreza y de la desigualdad<\/strong>. \u201cSe hab\u00eda reactivado el aparato productivo que posteriormente se fren\u00f3, hubo un escenario de fuerte disputa entre EEUU y China, cuya crisis la pagan las mujeres y los ni\u00f1os en situaci\u00f3n de vulnerabilidad<strong>, ah<\/strong><strong>\u00ed debe estar el feminismo que no debe ser solamente hablar con la e y contar cuantas somos<\/strong>\u201d.<\/p>\n\n\n\n<div class=\"wp-block-image\"><figure class=\"aligncenter size-large\"><img decoding=\"async\" loading=\"lazy\" width=\"800\" height=\"450\" src=\"https:\/\/notinor.com\/jujuy\/wp-content\/uploads\/2022\/08\/ministerio-de-mujeres.jpeg\" alt=\"\" class=\"wp-image-349552\" srcset=\"https:\/\/notinor.com\/jujuy\/wp-content\/uploads\/2022\/08\/ministerio-de-mujeres.jpeg 800w, https:\/\/notinor.com\/jujuy\/wp-content\/uploads\/2022\/08\/ministerio-de-mujeres-649x365.jpeg 649w, https:\/\/notinor.com\/jujuy\/wp-content\/uploads\/2022\/08\/ministerio-de-mujeres-500x280.jpeg 500w, https:\/\/notinor.com\/jujuy\/wp-content\/uploads\/2022\/08\/ministerio-de-mujeres-768x432.jpeg 768w, https:\/\/notinor.com\/jujuy\/wp-content\/uploads\/2022\/08\/ministerio-de-mujeres-750x422.jpeg 750w\" sizes=\"(max-width: 800px) 100vw, 800px\" \/><\/figure><\/div>\n\n\n\n<p><strong>Perceval afirm\u00f3 que es necesario construir un mundo en clave de igualdad<\/strong>&nbsp;porque en este escenario de disputa la guerra se disputa por otros medios fundamentalmente en el dominio del mercado de tecnolog\u00eda de punta. \u201cEsto empez\u00f3 a impactar en pa\u00edses de renta media como el nuestro, aqu\u00ed lleg\u00f3 la pandemia, cuando la globalizaci\u00f3n que necesita de la movilidad de las personas para precarizar los salarios, las empresas generan trabajo esclavo en los pa\u00edses perif\u00e9ricos sin generar cadenas de valor, frente a esto la pandemia gener\u00f3 un cuadro peor\u201d.<\/p>\n\n\n\n<p>Para ma\u00f1ana 12 de Agosto se prev\u00e9 la presencia de los vicegobernadores Carlos Silva Neder (Santiago del Estero), Rub\u00e9n Dusso (Catamarca), Antonio Marocco (Salta), Sergio Francisco Mansilla (Tucum\u00e1n), Anal\u00eda Rach Quiroga (Chaco), Eber Wilson Sol\u00eds (Formosa) y Florencia L\u00f3pez (La Rioja)<\/p>\n","protected":false},"excerpt":{"rendered":"<p>Se lleva a cabo en nuestra capital provincial la \u201cPrimera Reuni\u00f3n Plenaria del Parlamento Del Norte Grande\u201d. En este evento se concreta la incorporaci\u00f3n de las provincias del NEA (Chaco, Formosa, Corrientes y Misiones), que permite la ampliaci\u00f3n del Parlamento del NOA a Norte Grande. En el marco del &nbsp;Primer Encuentro del Parlamento del Norte [&hellip;]<\/p>\n","protected":false},"author":49,"featured_media":349599,"comment_status":"open","ping_status":"open","sticky":false,"template":"","format":"standard","meta":{"_stopmodifiedupdate":false,"_modified_date":"","inline_featured_image":false,"spay_email":"","jetpack_publicize_message":""},"categories":[2,514],"tags":[],"jetpack_featured_media_url":"https:\/\/notinor.com\/jujuy\/wp-content\/uploads\/2022\/08\/Dise\u00f1o-sin-t\u00edtulo-6.png","jetpack_publicize_connections":[],"_links":{"self":[{"href":"https:\/\/notinor.com\/jujuy\/wp-json\/wp\/v2\/posts\/349550"}],"collection":[{"href":"https:\/\/notinor.com\/jujuy\/wp-json\/wp\/v2\/posts"}],"about":[{"href":"https:\/\/notinor.com\/jujuy\/wp-json\/wp\/v2\/types\/post"}],"author":[{"embeddable":true,"href":"https:\/\/notinor.com\/jujuy\/wp-json\/wp\/v2\/users\/49"}],"replies":[{"embeddable":true,"href":"https:\/\/notinor.com\/jujuy\/wp-json\/wp\/v2\/comments?post=349550"}],"version-history":[{"count":2,"href":"https:\/\/notinor.com\/jujuy\/wp-json\/wp\/v2\/posts\/349550\/revisions"}],"predecessor-version":[{"id":349600,"href":"https:\/\/notinor.com\/jujuy\/wp-json\/wp\/v2\/posts\/349550\/revisions\/349600"}],"wp:featuredmedia":[{"embeddable":true,"href":"https:\/\/notinor.com\/jujuy\/wp-json\/wp\/v2\/media\/349599"}],"wp:attachment":[{"href":"https:\/\/notinor.com\/jujuy\/wp-json\/wp\/v2\/media?parent=349550"}],"wp:term":[{"taxonomy":"category","embeddable":true,"href":"https:\/\/notinor.com\/jujuy\/wp-json\/wp\/v2\/categories?post=349550"},{"taxonomy":"post_tag","embeddable":true,"href":"https:\/\/notinor.com\/jujuy\/wp-json\/wp\/v2\/tags?post=349550"}],"curies":[{"name":"wp","href":"https:\/\/api.w.org\/{rel}","templated":true}]}}