{"id":349369,"date":"2022-08-10T10:17:29","date_gmt":"2022-08-10T13:17:29","guid":{"rendered":"https:\/\/notinor.com\/jujuy\/?p=349369"},"modified":"2022-08-10T10:17:34","modified_gmt":"2022-08-10T13:17:34","slug":"morales-inaugurara-el-edificio-del-secundario-39-de-campo-verde","status":"publish","type":"post","link":"https:\/\/notinor.com\/jujuy\/morales-inaugurara-el-edificio-del-secundario-39-de-campo-verde\/","title":{"rendered":"Morales inaugurar\u00e1 el edificio del Secundario 39 de Campo Verde"},"content":{"rendered":"\n<p class=\"has-medium-font-size\"><strong><em>El Gobernador de la Provincia encabezar\u00e1 el acto inaugural del edificio correspondiente al Secundario N\u00ba 39 del barrio Campo Verde en la capital juje\u00f1a, previsto para hoy. Acompa\u00f1ar\u00e1n a Gerardo Morales familias y vecinos de dicho sector y alrededores, que ahora cuentan con un espacio digno para la formaci\u00f3n y educaci\u00f3n de cientos de j\u00f3venes en situaci\u00f3n de vulnerabilidad. Cabe destacar, que se trata de un nuevo establecimiento educativo construido con la renta de Cauchari, en el marco de PROMACE.<\/em><\/strong><\/p>\n\n\n\n<figure class=\"is-layout-flex wp-block-gallery-1 wp-block-gallery aligncenter columns-1 is-cropped\"><ul class=\"blocks-gallery-grid\"><li class=\"blocks-gallery-item\"><figure><img decoding=\"async\" loading=\"lazy\" width=\"779\" height=\"480\" src=\"https:\/\/notinor.com\/jujuy\/wp-content\/uploads\/2022\/08\/WhatsApp-Image-2022-08-10-at-10.16.11-AM-779x480.jpeg\" alt=\"\" data-id=\"349375\" data-full-url=\"https:\/\/notinor.com\/jujuy\/wp-content\/uploads\/2022\/08\/WhatsApp-Image-2022-08-10-at-10.16.11-AM.jpeg\" data-link=\"https:\/\/notinor.com\/jujuy\/?attachment_id=349375\" class=\"wp-image-349375\" srcset=\"https:\/\/notinor.com\/jujuy\/wp-content\/uploads\/2022\/08\/WhatsApp-Image-2022-08-10-at-10.16.11-AM-779x480.jpeg 779w, https:\/\/notinor.com\/jujuy\/wp-content\/uploads\/2022\/08\/WhatsApp-Image-2022-08-10-at-10.16.11-AM-593x365.jpeg 593w, https:\/\/notinor.com\/jujuy\/wp-content\/uploads\/2022\/08\/WhatsApp-Image-2022-08-10-at-10.16.11-AM-768x473.jpeg 768w, https:\/\/notinor.com\/jujuy\/wp-content\/uploads\/2022\/08\/WhatsApp-Image-2022-08-10-at-10.16.11-AM-750x462.jpeg 750w, https:\/\/notinor.com\/jujuy\/wp-content\/uploads\/2022\/08\/WhatsApp-Image-2022-08-10-at-10.16.11-AM-1140x702.jpeg 1140w, https:\/\/notinor.com\/jujuy\/wp-content\/uploads\/2022\/08\/WhatsApp-Image-2022-08-10-at-10.16.11-AM.jpeg 1200w\" sizes=\"(max-width: 779px) 100vw, 779px\" \/><\/figure><\/li><\/ul><\/figure>\n\n\n\n<p><strong>Hoy al mediod\u00eda, <a href=\"https:\/\/notinor.com\/jujuy\/gerardo-morales-aseguro-que-el-frente-de-todos-esta-terminado\/\">Gerardo Morales<\/a> inaugurar\u00e1 el moderno edificio del Secundario N\u00ba 39 para j\u00f3venes del barrio Campo Verde y sectores vecinos de la capital juje\u00f1a<\/strong>, obra que se realiz\u00f3 dentro del programa de Mejora del Acceso y la Calidad Educativa (PROMACE), el cual <strong>se ejecuta y financia con la renta que obtenida de la venta de energ\u00eda renovable que genera la planta solar Cauchari.<\/strong><\/p>\n\n\n\n<p><strong>De esta manera, desde la raz\u00f3n y el compromiso con la escuela p\u00fablica y el futuro, la educaci\u00f3n se impuso a las corrientes de violencia que expresa una min\u00fascula facci\u00f3n pol\u00edtica movilizada por la mezquindad, el revanchismo y el desinter\u00e9s por los j\u00f3venes.<\/strong><\/p>\n\n\n\n<p><strong>El colegio es producto de la firme decisi\u00f3n del <a href=\"https:\/\/notinor.com\/jujuy\/gerardo-morales-hoy-el-presidente-no-tiene-autoridad\/\">gobernador Morales<\/a> de levantar un edificio educativo en una zona barrial que contaba con apenas un solo colegio de nivel medio y de gesti\u00f3n estatal,<\/strong> el cual con serias limitaciones atend\u00eda la demanda de j\u00f3venes de Alto La Vi\u00f1a, Campo Verde, Chijra, Bajo La Vi\u00f1a e inclusive de Los Perales.<\/p>\n\n\n\n<p><strong>A pesar de la evidente necesidad, un reducido grupo de vecinos inducidos y obligados por una facci\u00f3n pol\u00edtica de matriz corrupta y violenta, se opuso a la obra, esgrimiendo como inconsistente argumento la intenci\u00f3n de contar con una cancha de f\u00fatbol y priorizar un espacio deportivo por sobre la educaci\u00f3n, planteo que se diluy\u00f3 ante la nueva realidad de Campo Verde, barrio que con el nuevo secundario y al amparo de a educaci\u00f3n p\u00fablica transita la senda de la transformaci\u00f3n, el progreso y la igualdad de oportunidades.<\/strong><\/p>\n","protected":false},"excerpt":{"rendered":"<p>El Gobernador de la Provincia encabezar\u00e1 el acto inaugural del edificio correspondiente al Secundario N\u00ba 39 del barrio Campo Verde en la capital juje\u00f1a, previsto para hoy. Acompa\u00f1ar\u00e1n a Gerardo Morales familias y vecinos de dicho sector y alrededores, que ahora cuentan con un espacio digno para la formaci\u00f3n y educaci\u00f3n de cientos de j\u00f3venes [&hellip;]<\/p>\n","protected":false},"author":52,"featured_media":349375,"comment_status":"open","ping_status":"open","sticky":false,"template":"","format":"standard","meta":{"_stopmodifiedupdate":false,"_modified_date":"","inline_featured_image":false,"spay_email":"","jetpack_publicize_message":""},"categories":[2,490,514],"tags":[],"jetpack_featured_media_url":"https:\/\/notinor.com\/jujuy\/wp-content\/uploads\/2022\/08\/WhatsApp-Image-2022-08-10-at-10.16.11-AM.jpeg","jetpack_publicize_connections":[],"_links":{"self":[{"href":"https:\/\/notinor.com\/jujuy\/wp-json\/wp\/v2\/posts\/349369"}],"collection":[{"href":"https:\/\/notinor.com\/jujuy\/wp-json\/wp\/v2\/posts"}],"about":[{"href":"https:\/\/notinor.com\/jujuy\/wp-json\/wp\/v2\/types\/post"}],"author":[{"embeddable":true,"href":"https:\/\/notinor.com\/jujuy\/wp-json\/wp\/v2\/users\/52"}],"replies":[{"embeddable":true,"href":"https:\/\/notinor.com\/jujuy\/wp-json\/wp\/v2\/comments?post=349369"}],"version-history":[{"count":1,"href":"https:\/\/notinor.com\/jujuy\/wp-json\/wp\/v2\/posts\/349369\/revisions"}],"predecessor-version":[{"id":349376,"href":"https:\/\/notinor.com\/jujuy\/wp-json\/wp\/v2\/posts\/349369\/revisions\/349376"}],"wp:featuredmedia":[{"embeddable":true,"href":"https:\/\/notinor.com\/jujuy\/wp-json\/wp\/v2\/media\/349375"}],"wp:attachment":[{"href":"https:\/\/notinor.com\/jujuy\/wp-json\/wp\/v2\/media?parent=349369"}],"wp:term":[{"taxonomy":"category","embeddable":true,"href":"https:\/\/notinor.com\/jujuy\/wp-json\/wp\/v2\/categories?post=349369"},{"taxonomy":"post_tag","embeddable":true,"href":"https:\/\/notinor.com\/jujuy\/wp-json\/wp\/v2\/tags?post=349369"}],"curies":[{"name":"wp","href":"https:\/\/api.w.org\/{rel}","templated":true}]}}