{"id":349352,"date":"2022-08-10T09:57:51","date_gmt":"2022-08-10T12:57:51","guid":{"rendered":"https:\/\/notinor.com\/jujuy\/?p=349352"},"modified":"2022-08-10T09:58:56","modified_gmt":"2022-08-10T12:58:56","slug":"inclusion-accesibilidad-a-la-informacion-por-medio-de-la-carteleria","status":"publish","type":"post","link":"https:\/\/notinor.com\/jujuy\/inclusion-accesibilidad-a-la-informacion-por-medio-de-la-carteleria\/","title":{"rendered":"Inclusi\u00f3n: Accesibilidad a la informaci\u00f3n por medio de la carteler\u00eda"},"content":{"rendered":"\n<p>El Ministerio de Desarrollo Humano, a trav\u00e9s de la Direcci\u00f3n Provincial de Inclusi\u00f3n de Personas con Discapacidad, realiz\u00f3 la entrega de \"Carteler\u00eda Accesible\" &nbsp;a la Casa de la Historia y la Cultura \"Jorge Cafrune\", trabajo realizado en los formatos Macrotipo, Pictograma y Sistema Braille.<\/p>\n\n\n\n<figure class=\"is-layout-flex wp-block-gallery-1 wp-block-gallery aligncenter columns-1 is-cropped\"><ul class=\"blocks-gallery-grid\"><li class=\"blocks-gallery-item\"><figure><img decoding=\"async\" loading=\"lazy\" width=\"640\" height=\"480\" src=\"https:\/\/notinor.com\/jujuy\/wp-content\/uploads\/2022\/08\/WhatsApp-Image-2022-08-10-at-9.51.46-AM-640x480.jpeg\" alt=\"\" data-id=\"349361\" data-full-url=\"https:\/\/notinor.com\/jujuy\/wp-content\/uploads\/2022\/08\/WhatsApp-Image-2022-08-10-at-9.51.46-AM.jpeg\" data-link=\"https:\/\/notinor.com\/jujuy\/?attachment_id=349361\" class=\"wp-image-349361\" srcset=\"https:\/\/notinor.com\/jujuy\/wp-content\/uploads\/2022\/08\/WhatsApp-Image-2022-08-10-at-9.51.46-AM-640x480.jpeg 640w, https:\/\/notinor.com\/jujuy\/wp-content\/uploads\/2022\/08\/WhatsApp-Image-2022-08-10-at-9.51.46-AM-487x365.jpeg 487w, https:\/\/notinor.com\/jujuy\/wp-content\/uploads\/2022\/08\/WhatsApp-Image-2022-08-10-at-9.51.46-AM-768x576.jpeg 768w, https:\/\/notinor.com\/jujuy\/wp-content\/uploads\/2022\/08\/WhatsApp-Image-2022-08-10-at-9.51.46-AM-750x563.jpeg 750w, https:\/\/notinor.com\/jujuy\/wp-content\/uploads\/2022\/08\/WhatsApp-Image-2022-08-10-at-9.51.46-AM-1140x855.jpeg 1140w, https:\/\/notinor.com\/jujuy\/wp-content\/uploads\/2022\/08\/WhatsApp-Image-2022-08-10-at-9.51.46-AM.jpeg 1200w\" sizes=\"(max-width: 640px) 100vw, 640px\" \/><\/figure><\/li><\/ul><\/figure>\n\n\n\n<p>La Directora de Inclusi\u00f3n, Yamila Guti\u00e9rrez, resalt\u00f3 el trabajo realizado desde la cartera ministerial con diferentes instituciones en materia de inclusi\u00f3n, a trav\u00e9s de las diferentes capacitaciones al personal, y puso de relieve \"la accesibilidad a la informaci\u00f3n por medio de la carteler\u00eda, que conduce a una mayor inclusi\u00f3n y a un pleno goce de derechos de las personas con discapacidad\".<\/p>\n\n\n\n<p>Por su parte, el Coordinador de Inclusi\u00f3n Social y Accesibilidad, Marcelo Guti\u00e9rrez, acot\u00f3 que \u201cel trabajo realizado en la carteler\u00eda en los formatos Macrotipo, Pictograma y Sistema Braille, sirven para la orientaci\u00f3n de los visitantes, y no est\u00e1 restringido solo a personas con discapacidad\u201d ,e hizo referencia a la proyecci\u00f3n de actividades en conjunto con la Coordinadora Mar\u00eda Isabel \u00c1lvarez Ulrich, en pos de la inclusi\u00f3n, teniendo en cuenta la importante afluencia que genera la prestigiosa instituci\u00f3n cultural.<\/p>\n","protected":false},"excerpt":{"rendered":"<p>El Ministerio de Desarrollo Humano, a trav\u00e9s de la Direcci\u00f3n Provincial de Inclusi\u00f3n de Personas con Discapacidad, realiz\u00f3 la entrega de \"Carteler\u00eda Accesible\" &nbsp;a la Casa de la Historia y la Cultura \"Jorge Cafrune\", trabajo realizado en los formatos Macrotipo, Pictograma y Sistema Braille. La Directora de Inclusi\u00f3n, Yamila Guti\u00e9rrez, resalt\u00f3 el trabajo realizado desde [&hellip;]<\/p>\n","protected":false},"author":52,"featured_media":349361,"comment_status":"open","ping_status":"open","sticky":false,"template":"","format":"standard","meta":{"_stopmodifiedupdate":false,"_modified_date":"","inline_featured_image":false,"spay_email":"","jetpack_publicize_message":""},"categories":[490,514],"tags":[1547,1546,627,1403],"jetpack_featured_media_url":"https:\/\/notinor.com\/jujuy\/wp-content\/uploads\/2022\/08\/WhatsApp-Image-2022-08-10-at-9.51.46-AM.jpeg","jetpack_publicize_connections":[],"_links":{"self":[{"href":"https:\/\/notinor.com\/jujuy\/wp-json\/wp\/v2\/posts\/349352"}],"collection":[{"href":"https:\/\/notinor.com\/jujuy\/wp-json\/wp\/v2\/posts"}],"about":[{"href":"https:\/\/notinor.com\/jujuy\/wp-json\/wp\/v2\/types\/post"}],"author":[{"embeddable":true,"href":"https:\/\/notinor.com\/jujuy\/wp-json\/wp\/v2\/users\/52"}],"replies":[{"embeddable":true,"href":"https:\/\/notinor.com\/jujuy\/wp-json\/wp\/v2\/comments?post=349352"}],"version-history":[{"count":2,"href":"https:\/\/notinor.com\/jujuy\/wp-json\/wp\/v2\/posts\/349352\/revisions"}],"predecessor-version":[{"id":349366,"href":"https:\/\/notinor.com\/jujuy\/wp-json\/wp\/v2\/posts\/349352\/revisions\/349366"}],"wp:featuredmedia":[{"embeddable":true,"href":"https:\/\/notinor.com\/jujuy\/wp-json\/wp\/v2\/media\/349361"}],"wp:attachment":[{"href":"https:\/\/notinor.com\/jujuy\/wp-json\/wp\/v2\/media?parent=349352"}],"wp:term":[{"taxonomy":"category","embeddable":true,"href":"https:\/\/notinor.com\/jujuy\/wp-json\/wp\/v2\/categories?post=349352"},{"taxonomy":"post_tag","embeddable":true,"href":"https:\/\/notinor.com\/jujuy\/wp-json\/wp\/v2\/tags?post=349352"}],"curies":[{"name":"wp","href":"https:\/\/api.w.org\/{rel}","templated":true}]}}