{"id":349194,"date":"2022-08-09T12:15:06","date_gmt":"2022-08-09T15:15:06","guid":{"rendered":"https:\/\/notinor.com\/jujuy\/?p=349194"},"modified":"2022-08-09T12:15:12","modified_gmt":"2022-08-09T15:15:12","slug":"todavia-no-la-absolvio-la-historia-y-nada-indica-que-vaya-a-hacerlo","status":"publish","type":"post","link":"https:\/\/notinor.com\/jujuy\/todavia-no-la-absolvio-la-historia-y-nada-indica-que-vaya-a-hacerlo\/","title":{"rendered":"Todav\u00eda no la absolvi\u00f3 la historia y nada indica que vaya a hacerlo"},"content":{"rendered":"\n<p class=\"has-medium-font-size\"><strong><em>A apenas una semana del inicio de las audiencias de alegatos por la Causa Vialidad, la defensa de la principal procesada, la vicepresidente Cristina Fern\u00e1ndez de Kirchner, present\u00f3 una recusaci\u00f3n contra el fiscal Diego Luciani y el juez Rodrigo Gim\u00e9nez Uriburu que integra el Tribunal Federal Oral N\u00b0 2 que entiende en dicho proceso.<\/em><\/strong><\/p>\n\n\n\n<div class=\"wp-block-image\"><figure class=\"aligncenter size-large is-resized\"><img decoding=\"async\" loading=\"lazy\" src=\"https:\/\/notinor.com\/jujuy\/wp-content\/uploads\/2022\/08\/Dise\u00f1o-sin-t\u00edtulo-8-6.jpg\" alt=\"\" class=\"wp-image-349210\" width=\"866\" height=\"434\" srcset=\"https:\/\/notinor.com\/jujuy\/wp-content\/uploads\/2022\/08\/Dise\u00f1o-sin-t\u00edtulo-8-6.jpg 600w, https:\/\/notinor.com\/jujuy\/wp-content\/uploads\/2022\/08\/Dise\u00f1o-sin-t\u00edtulo-8-6-360x180.jpg 360w\" sizes=\"(max-width: 866px) 100vw, 866px\" \/><\/figure><\/div>\n\n\n\n<p><br><strong>Sustanciando como prueba la \u00faltima tapa de la edici\u00f3n dominical del diario P\u00e1gina 12, donde aparecen publicadas fotograf\u00edas de los funcionarios judiciales participando de un evento deportivo en lo que aparenta ser la quinta Los Abrojos<\/strong>, perteneciente al expresidente Mauricio Macri, la defensa de la principal acusada de liderar la asociaci\u00f3n il\u00edcita responsable de la comisi\u00f3n de una serie de delitos y maniobras fraudulentas con la obra p\u00fablica de Santa Cruz, reaviva la ins\u00f3lita teor\u00eda conspirativa sobre el armado de causas en una connivencia entre una parte del Poder Judicial y la Oposici\u00f3n, para proscribirla electoral y pol\u00edticamente, ampliamente conocida como Lawfare.<\/p>\n\n\n\n<p><strong>Evidentemente se trata de una estratagema judicial dilatoria sobre un hecho de escasa relevancia que podr\u00eda no prosperar<\/strong>, ya que los recusados seguramente rechazar\u00e1n el recurso sin m\u00e1s tr\u00e1mite que la debida respuesta procesal. Por lo pronto el fiscal Diego Luciani, lejos de amedrentarse ante semejante ocurrencia, adelant\u00f3 que esperar\u00e1 el correspondiente traslado para contestar de manera oral, llegando a ofrecerse a hacerlo, sin mayor dilaci\u00f3n, en ese mismo momento.<\/p>\n\n\n\n<p>Si de algo puede servir, este desesperado manotazo de ahogado frente a la contundencia de las pruebas que se vinieron ventilando en las tres primeras de nueve audiencias que solicit\u00f3 el Ministerio P\u00fablico para presentar su alegato, no es para otro fin que no sea el de ganar tiempo y generar esc\u00e1ndalo. <strong>Un modus operandi que se repite en toda causa judicial politizada con la finalidad de estirar los plazos hasta que se produzca la prescripci\u00f3n de los delitos, asegurando la impunidad para los acusados.<\/strong><\/p>\n\n\n\n<p><strong>El caso que nos ocupa es una de las pocas causas que logr\u00f3 sobrevivir a la bater\u00eda de medidas dilatorias y obstaculizaciones variopintas, y a las ins\u00f3litas y vergonzosas renuncias a querellas que deb\u00edan continuar organismos p\u00fablicos, como la AFIP o la UIF, que cayeron en manos de militantes una vez operado el cambio de color pol\u00edtico del partido gobernante. <\/strong>La contundencia del alegato de Fiscal\u00eda, solventado por un impresionante c\u00famulo de pruebas, parece encaminar la causa a una inminente condena de la ex presidente de la Naci\u00f3n y de los otros doce procesados con distinto grado de participaci\u00f3n criminal. En el caso de confirmarse una condena, estar\u00edamos hablando de 16 a\u00f1os de prisi\u00f3n como m\u00e1ximo para la jefa de la asociaci\u00f3n il\u00edcita.<\/p>\n\n\n\n<p><br><strong>Claro que de producirse dicho desenlace, la condena no ser\u00eda firme<\/strong> porque restar\u00edan las etapas de apelaci\u00f3n e instancias superiores donde, muy seguramente, las defensas continuar\u00e1n buscando alargar los tiempos lo m\u00e1ximo posible.<\/p>\n\n\n\n<p><strong>Evitar las sentencias firmes es algo perfectamente factible en nuestro pa\u00eds. Llegar a una puede demandar largu\u00edsimos per\u00edodos de 20 o m\u00e1s a\u00f1os.<\/strong> Carecer de una condena firme es algo que muchos condenados en primera o segunda instancia suelen esgrimir como prueba de inocencia, y as\u00ed parece estar instalado en la sociedad en general.<\/p>\n\n\n\n<p>Lo que sumado al hecho de que en la pr\u00e1ctica, para quien tiene recursos suficientes para afrontar una campa\u00f1a de judicializaci\u00f3n de sentencias adversas, estar condenado no parece tener mayores efectos que los de una quiebra comercial y por ah\u00ed andan los condenados plenamente habilitados, sin cumplir los tiempos de pena, con toda impunidad, sacando pecho de que todav\u00eda<strong> \u201cno tienen una condena firme\u201d, tal como se suele escuchar argumentar a los partidarios de Milagro Sala.<\/strong><\/p>\n\n\n\n<p>Es decir que, aun con una condena, que m\u00e1s o menos podr\u00edamos estar esperando reci\u00e9n para el a\u00f1o entrante, ya que despu\u00e9s del alegato de los fiscales sigue el turno de las defensas de los trece acusados, Cristina Kirchner podr\u00eda presentarse como candidata a lo que quiera en el 2023.<\/p>\n\n\n\n<p><strong>M\u00e1s all\u00e1 de las defensas esgrimidas por los fan\u00e1ticos y ac\u00e9rrimos, ni Alberto Fern\u00e1ndez ni Sergio Massa salieron a manifestarse por la inocencia de Cristina Fern\u00e1ndez de Kirchner. <\/strong>Parecen, incluso, haberse despegado del operativo clamor, montado por ese c\u00edrculo de incondicionales, desplegado mediante pintadas en las calles y publicaciones en redes sociales, como ese video intimidatorio que reproduce la diatriba pronunciada por la expresidente en la misma causa ante el juez Bonad\u00edo, en la que aseguraba que la \"absolvi\u00f3 la historia\".<\/p>\n\n\n\n<p><strong>La ex presidente no estuvo presente, ni presencial ni virtualmente, en las audiencias y todo indica que continuar\u00e1 con su estrategia de ausencia como desaf\u00edo a la Justicia.<\/strong> Con este tipo de maniobras -las dilaciones y los desacatos- ni siquiera ella misma contribuye a limpiar su imagen ante una sociedad que observa atentamente.<\/p>\n\n\n\n<p><strong>Conocido es su encono contra la Justicia por lo que no sorprende su accionar<\/strong> y, por ello, quiz\u00e1s ser\u00eda saludable que, en un gesto hacia esa sociedad que quiere ver revitalizadas y fortalecidas a las instituciones, sea obligada a comparecer, ya que es su obligaci\u00f3n estar presente, aun con el auxilio de la fuerza p\u00fablica si fuera necesario.<\/p>\n","protected":false},"excerpt":{"rendered":"<p>A apenas una semana del inicio de las audiencias de alegatos por la Causa Vialidad, la defensa de la principal procesada, la vicepresidente Cristina Fern\u00e1ndez de Kirchner, present\u00f3 una recusaci\u00f3n contra el fiscal Diego Luciani y el juez Rodrigo Gim\u00e9nez Uriburu que integra el Tribunal Federal Oral N\u00b0 2 que entiende en dicho proceso. Sustanciando [&hellip;]<\/p>\n","protected":false},"author":40,"featured_media":349210,"comment_status":"open","ping_status":"open","sticky":false,"template":"","format":"standard","meta":{"_stopmodifiedupdate":false,"_modified_date":"","inline_featured_image":false,"spay_email":"","jetpack_publicize_message":""},"categories":[1127,1161],"tags":[1534,1211,1302],"jetpack_featured_media_url":"https:\/\/notinor.com\/jujuy\/wp-content\/uploads\/2022\/08\/Dise\u00f1o-sin-t\u00edtulo-8-6.jpg","jetpack_publicize_connections":[],"_links":{"self":[{"href":"https:\/\/notinor.com\/jujuy\/wp-json\/wp\/v2\/posts\/349194"}],"collection":[{"href":"https:\/\/notinor.com\/jujuy\/wp-json\/wp\/v2\/posts"}],"about":[{"href":"https:\/\/notinor.com\/jujuy\/wp-json\/wp\/v2\/types\/post"}],"author":[{"embeddable":true,"href":"https:\/\/notinor.com\/jujuy\/wp-json\/wp\/v2\/users\/40"}],"replies":[{"embeddable":true,"href":"https:\/\/notinor.com\/jujuy\/wp-json\/wp\/v2\/comments?post=349194"}],"version-history":[{"count":12,"href":"https:\/\/notinor.com\/jujuy\/wp-json\/wp\/v2\/posts\/349194\/revisions"}],"predecessor-version":[{"id":349213,"href":"https:\/\/notinor.com\/jujuy\/wp-json\/wp\/v2\/posts\/349194\/revisions\/349213"}],"wp:featuredmedia":[{"embeddable":true,"href":"https:\/\/notinor.com\/jujuy\/wp-json\/wp\/v2\/media\/349210"}],"wp:attachment":[{"href":"https:\/\/notinor.com\/jujuy\/wp-json\/wp\/v2\/media?parent=349194"}],"wp:term":[{"taxonomy":"category","embeddable":true,"href":"https:\/\/notinor.com\/jujuy\/wp-json\/wp\/v2\/categories?post=349194"},{"taxonomy":"post_tag","embeddable":true,"href":"https:\/\/notinor.com\/jujuy\/wp-json\/wp\/v2\/tags?post=349194"}],"curies":[{"name":"wp","href":"https:\/\/api.w.org\/{rel}","templated":true}]}}