{"id":349136,"date":"2022-08-09T13:28:34","date_gmt":"2022-08-09T16:28:34","guid":{"rendered":"https:\/\/notinor.com\/jujuy\/?p=349136"},"modified":"2022-08-09T13:28:39","modified_gmt":"2022-08-09T16:28:39","slug":"dia-de-la-educacion-especial-compromiso-y-amor-por-la-profesion-dedicada-a-las-personas-con-discapacidad","status":"publish","type":"post","link":"https:\/\/notinor.com\/jujuy\/dia-de-la-educacion-especial-compromiso-y-amor-por-la-profesion-dedicada-a-las-personas-con-discapacidad\/","title":{"rendered":"D\u00eda de la Educaci\u00f3n Especial: Compromiso y amor por la profesi\u00f3n dedicada a las personas con discapacidad"},"content":{"rendered":"\n<p class=\"has-medium-font-size\"><strong><em>El 9 de agosto se conmemora el D\u00eda de la Educaci\u00f3n Especial, la fecha ha sido establecida, a partir de que, en el a\u00f1o 1949, se creara la Direcci\u00f3n de Educaci\u00f3n Especial en nuestro pa\u00eds. Durante m\u00e1s de 70 a\u00f1os, las y los profesionales de la Educaci\u00f3n Especial han acompa\u00f1ado su proceso de transformaci\u00f3n al punto de que, en el a\u00f1o 2006 se constituyera como una modalidad del Sistema Educativo Argentino.<\/em><\/strong><\/p>\n\n\n\n<figure class=\"is-layout-flex wp-block-gallery-1 wp-block-gallery columns-2 is-cropped\"><ul class=\"blocks-gallery-grid\"><li class=\"blocks-gallery-item\"><figure><img decoding=\"async\" loading=\"lazy\" width=\"480\" height=\"480\" src=\"https:\/\/notinor.com\/jujuy\/wp-content\/uploads\/2022\/08\/280562238_5190677601026396_7425298666759349317_n-480x480.jpg\" alt=\"\" data-id=\"349246\" data-full-url=\"https:\/\/notinor.com\/jujuy\/wp-content\/uploads\/2022\/08\/280562238_5190677601026396_7425298666759349317_n.jpg\" data-link=\"https:\/\/notinor.com\/jujuy\/?attachment_id=349246\" class=\"wp-image-349246\" srcset=\"https:\/\/notinor.com\/jujuy\/wp-content\/uploads\/2022\/08\/280562238_5190677601026396_7425298666759349317_n-480x480.jpg 480w, https:\/\/notinor.com\/jujuy\/wp-content\/uploads\/2022\/08\/280562238_5190677601026396_7425298666759349317_n-365x365.jpg 365w, https:\/\/notinor.com\/jujuy\/wp-content\/uploads\/2022\/08\/280562238_5190677601026396_7425298666759349317_n-75x75.jpg 75w, https:\/\/notinor.com\/jujuy\/wp-content\/uploads\/2022\/08\/280562238_5190677601026396_7425298666759349317_n.jpg 720w\" sizes=\"(max-width: 480px) 100vw, 480px\" \/><\/figure><\/li><li class=\"blocks-gallery-item\"><figure><img decoding=\"async\" loading=\"lazy\" width=\"640\" height=\"480\" src=\"https:\/\/notinor.com\/jujuy\/wp-content\/uploads\/2022\/08\/diario-judicial-696x522-1-640x480.jpg\" alt=\"\" data-id=\"349247\" data-full-url=\"https:\/\/notinor.com\/jujuy\/wp-content\/uploads\/2022\/08\/diario-judicial-696x522-1.jpg\" data-link=\"https:\/\/notinor.com\/jujuy\/?attachment_id=349247\" class=\"wp-image-349247\" srcset=\"https:\/\/notinor.com\/jujuy\/wp-content\/uploads\/2022\/08\/diario-judicial-696x522-1-640x480.jpg 640w, https:\/\/notinor.com\/jujuy\/wp-content\/uploads\/2022\/08\/diario-judicial-696x522-1-487x365.jpg 487w, https:\/\/notinor.com\/jujuy\/wp-content\/uploads\/2022\/08\/diario-judicial-696x522-1.jpg 696w\" sizes=\"(max-width: 640px) 100vw, 640px\" \/><\/figure><\/li><\/ul><\/figure>\n\n\n\n<p>Actualmente las y los profesionales de la Educaci\u00f3n Especial, <strong>despliegan su accionar en \u00e1mbitos formales y no formales, lo hacen con un fuerte compromiso hacia la superaci\u00f3n de las desigualdades, trascendiendo las aulas y las instituciones escolares.<\/strong> Brindan apoyo desde los servicios de Atenci\u00f3n temprana, hasta la educaci\u00f3n permanente de personas adultas con discapacidad. Ofrecen orientaci\u00f3n y asesoramiento en equipos inter y transdisciplinarios, llevan adelante procesos de inclusi\u00f3n educativa; trabajan interinstitucionalmente desde las Escuelas Especiales, en Sede o Centros de Educaci\u00f3n Integral, dise\u00f1ado e implementando propuestas pedag\u00f3gicas tendientes a sostener culturas y pr\u00e1cticas inclusivas.<\/p>\n\n\n\n<p><a href=\"https:\/\/www.facebook.com\/diarionotinor\"><strong>NOTINOR.COM<\/strong> <\/a>dialog\u00f3 con <strong>la profesora en Educaci\u00f3n Especial, Romina Alejandra Zambrana<\/strong>, quien nos coment\u00f3 sobre los desaf\u00edos en la docencia y como lleg\u00f3 a elegir este camino. Actualmente desempe\u00f1a su funci\u00f3n en el interior de la provincia en Tilcara Anexo 7, donde todos los d\u00edas viaja en colectivo para ejercer la docencia junto a sus alumnos de la primera infancia.<\/p>\n\n\n\n<p><strong>\u201cDesde chica so\u00f1\u00e9 con ser maestra, siempre me gusto estar con los chicos, ayudar y acompa\u00f1ar\u201d<\/strong> indic\u00f3 la docente, quien ahora cumple otro de sus sue\u00f1os que es ejercer la docencia en el norte llevando sus conocimientos y su compromiso al interior.<\/p>\n\n\n\n<p>En sus inicios de la carrera comenz\u00f3 a ejercer ad honorem mientras continuaba estudiando para ir ganando experiencia \u201c<strong>para m\u00ed era una buena inversi\u00f3n de mi tiempo. La pr\u00e1ctica m\u00e1s all\u00e1 de la teor\u00eda es muy necesaria, aprender a estar en diferentes contextos y ambientes, eso ayuda a tu crecimiento profesional<\/strong>\u201d manifest\u00f3 Zambrana.<\/p>\n\n\n\n<p>Comento sobre los sacrificios que tienen a diario como docente y que muchas veces no es reconocido de manera econ\u00f3mica, <strong>pero considera que \u00e9sta carrera es una vocaci\u00f3n que tiene un sacrificio, pero tiene su recompensa a diario.<\/strong><\/p>\n\n\n\n<p>Otros de los \u00e1mbitos donde ejerci\u00f3 su carrera fue una instituci\u00f3n como <a href=\"https:\/\/notinor.com\/jujuy\/la-fundacion-ideas-que-ayuda-a-ninos-y-adolescentes-con-discapacidad-celebra-sus-30-anos\/\">Fundaci\u00f3n Ideas<\/a>, donde trabajo con todo un grupo de profesionales formando un grupo de trabajo. <strong>\u201caprend\u00ed en Ideas a trabajar en equipo porque antes ten\u00eda trabajos individualizados, all\u00ed trabaj\u00e9 de manera interdisciplinaria\u201d<\/strong>. Actualmente ejerce sus tareas en Tilcara junto a los alumnos del primer nivel. <strong>\u201cEs una experiencia hermosa, se hace mucho acompa\u00f1amiento a la familia. Hay mamas muy jovencitas y es una linda experiencia, d\u00eda a d\u00eda lo tomo como un aprendizaje\u201d.<\/strong><\/p>\n\n\n\n<p>El elegir esta profesi\u00f3n dedicada a las personas con discapacidad, la llev\u00f3 marcada desde muy peque\u00f1a<strong>, \u201cvi compa\u00f1eros que no ten\u00edan acompa\u00f1antes y yo desde all\u00ed empezaba a ayudarlos y me empec\u00e9 a dar cuenta que quer\u00eda esto. Si bien siempre quise ser maestra, cuando me enter\u00e9 de esta carrera me fui para esa \u00e1rea porque siempre quise ayudar\u201d<\/strong> agreg\u00f3.<\/p>\n\n\n\n<p><strong>\u201cEn mi \u00e9poca la <a href=\"https:\/\/notinor.com\/jujuy\/charla-taller-sobre-modelo-convivencia-de-la-discapacidad\/\">discriminaci\u00f3n<\/a> y la falta de inclusi\u00f3n era m\u00e1s marcada\u201d<\/strong>, afirm\u00f3 Romina, manifestando como otra de las circunstancias que la llev\u00f3 a elegir esta carrera para lograr desde su profesi\u00f3n un cambio de mirada en la sociedad.<\/p>\n\n\n\n<p>La inclusi\u00f3n educativa es un derecho de todas las personas, tengan o no alguna discapacidad. Todos los sujetos en situaci\u00f3n de discapacidad est\u00e1n contemplados y pueden ejercer su Derecho a la Educaci\u00f3n en todas las Escuelas de los distintos Niveles y Modalidades. La Modalidad de Educaci\u00f3n Especial despliega diferentes estrategias de intervenci\u00f3n para sostener y acompa\u00f1ar la inclusi\u00f3n educativa en diferentes espacios e instituciones educativas.<\/p>\n","protected":false},"excerpt":{"rendered":"<p>El 9 de agosto se conmemora el D\u00eda de la Educaci\u00f3n Especial, la fecha ha sido establecida, a partir de que, en el a\u00f1o 1949, se creara la Direcci\u00f3n de Educaci\u00f3n Especial en nuestro pa\u00eds. Durante m\u00e1s de 70 a\u00f1os, las y los profesionales de la Educaci\u00f3n Especial han acompa\u00f1ado su proceso de transformaci\u00f3n al [&hellip;]<\/p>\n","protected":false},"author":52,"featured_media":349247,"comment_status":"open","ping_status":"open","sticky":false,"template":"","format":"standard","meta":{"_stopmodifiedupdate":false,"_modified_date":"","inline_featured_image":false,"spay_email":"","jetpack_publicize_message":""},"categories":[2,490,514,13],"tags":[263,1535,1403],"jetpack_featured_media_url":"https:\/\/notinor.com\/jujuy\/wp-content\/uploads\/2022\/08\/diario-judicial-696x522-1.jpg","jetpack_publicize_connections":[],"_links":{"self":[{"href":"https:\/\/notinor.com\/jujuy\/wp-json\/wp\/v2\/posts\/349136"}],"collection":[{"href":"https:\/\/notinor.com\/jujuy\/wp-json\/wp\/v2\/posts"}],"about":[{"href":"https:\/\/notinor.com\/jujuy\/wp-json\/wp\/v2\/types\/post"}],"author":[{"embeddable":true,"href":"https:\/\/notinor.com\/jujuy\/wp-json\/wp\/v2\/users\/52"}],"replies":[{"embeddable":true,"href":"https:\/\/notinor.com\/jujuy\/wp-json\/wp\/v2\/comments?post=349136"}],"version-history":[{"count":1,"href":"https:\/\/notinor.com\/jujuy\/wp-json\/wp\/v2\/posts\/349136\/revisions"}],"predecessor-version":[{"id":349249,"href":"https:\/\/notinor.com\/jujuy\/wp-json\/wp\/v2\/posts\/349136\/revisions\/349249"}],"wp:featuredmedia":[{"embeddable":true,"href":"https:\/\/notinor.com\/jujuy\/wp-json\/wp\/v2\/media\/349247"}],"wp:attachment":[{"href":"https:\/\/notinor.com\/jujuy\/wp-json\/wp\/v2\/media?parent=349136"}],"wp:term":[{"taxonomy":"category","embeddable":true,"href":"https:\/\/notinor.com\/jujuy\/wp-json\/wp\/v2\/categories?post=349136"},{"taxonomy":"post_tag","embeddable":true,"href":"https:\/\/notinor.com\/jujuy\/wp-json\/wp\/v2\/tags?post=349136"}],"curies":[{"name":"wp","href":"https:\/\/api.w.org\/{rel}","templated":true}]}}