{"id":349097,"date":"2022-08-09T08:00:00","date_gmt":"2022-08-09T11:00:00","guid":{"rendered":"https:\/\/notinor.com\/jujuy\/?p=349097"},"modified":"2022-08-09T02:58:26","modified_gmt":"2022-08-09T05:58:26","slug":"contaminacion-visual-los-carteles-banderas-estan-prohibidos-pero-siguen-sin-respetar-la-ordenanza-municipal","status":"publish","type":"post","link":"https:\/\/notinor.com\/jujuy\/contaminacion-visual-los-carteles-banderas-estan-prohibidos-pero-siguen-sin-respetar-la-ordenanza-municipal\/","title":{"rendered":"Contaminaci\u00f3n visual: Los carteles banderas est\u00e1n prohibidos pero siguen sin respetar la ordenanza municipal"},"content":{"rendered":"\n<p class=\"has-medium-font-size\"><strong><em>Jujuy posee una belleza paisaj\u00edstica innata, rodeada de cerros que hacen de nuestra ciudad un lugar bello de admirar. Es por ello que mediante ordenanza municipal han removido los miles de carteles bandera que arruinaban nuestro paisaje. Sin embargo, contin\u00faan algunos negocios sin acatar la norma.<\/em><\/strong><\/p>\n\n\n\n<div class=\"wp-block-image\"><figure class=\"aligncenter size-large\"><img decoding=\"async\" loading=\"lazy\" width=\"526\" height=\"480\" src=\"https:\/\/notinor.com\/jujuy\/wp-content\/uploads\/2022\/08\/WhatsApp-Image-2022-08-09-at-1.53.42-AM-526x480.jpeg\" alt=\"\" class=\"wp-image-349099\" srcset=\"https:\/\/notinor.com\/jujuy\/wp-content\/uploads\/2022\/08\/WhatsApp-Image-2022-08-09-at-1.53.42-AM-526x480.jpeg 526w, https:\/\/notinor.com\/jujuy\/wp-content\/uploads\/2022\/08\/WhatsApp-Image-2022-08-09-at-1.53.42-AM-400x365.jpeg 400w, https:\/\/notinor.com\/jujuy\/wp-content\/uploads\/2022\/08\/WhatsApp-Image-2022-08-09-at-1.53.42-AM-768x700.jpeg 768w, https:\/\/notinor.com\/jujuy\/wp-content\/uploads\/2022\/08\/WhatsApp-Image-2022-08-09-at-1.53.42-AM-750x684.jpeg 750w, https:\/\/notinor.com\/jujuy\/wp-content\/uploads\/2022\/08\/WhatsApp-Image-2022-08-09-at-1.53.42-AM-1140x1039.jpeg 1140w, https:\/\/notinor.com\/jujuy\/wp-content\/uploads\/2022\/08\/WhatsApp-Image-2022-08-09-at-1.53.42-AM.jpeg 1280w\" sizes=\"(max-width: 526px) 100vw, 526px\" \/><\/figure><\/div>\n\n\n\n<p>Durante a\u00f1os el centro capitalino estuvo rodeado de carteles por todos lados, tapando y logrando una <a href=\"https:\/\/notinor.com\/jujuy\/contaminacion-visual-estan-prohibidos-los-carteles-banderas-pero-no-se-respeta-la-ordenanza-municipal\/\">contaminaci\u00f3n visual<\/a> que afeaba nuestra \u201ctacita de plata\u201d. <strong>Desde el 2003 entro en vigencia la ordenanza N\u00b0 3.876 <\/strong>y su cumplimiento se hizo sentir porque hoy podemos ver una ciudad m\u00e1s despejada, donde nos permite poder apreciar la belleza de nuestra capital juje\u00f1a.<\/p>\n\n\n\n<div class=\"wp-block-image\"><figure class=\"aligncenter size-large\"><img decoding=\"async\" loading=\"lazy\" width=\"600\" height=\"399\" src=\"https:\/\/notinor.com\/jujuy\/wp-content\/uploads\/2022\/08\/peatonal-1.jpg\" alt=\"\" class=\"wp-image-349101\" srcset=\"https:\/\/notinor.com\/jujuy\/wp-content\/uploads\/2022\/08\/peatonal-1.jpg 600w, https:\/\/notinor.com\/jujuy\/wp-content\/uploads\/2022\/08\/peatonal-1-549x365.jpg 549w\" sizes=\"(max-width: 600px) 100vw, 600px\" \/><figcaption><strong>As\u00ed se ve\u00eda la capital juje\u00f1a antes de entrar en vigencia la ordenanza<\/strong><\/figcaption><\/figure><\/div>\n\n\n\n<p><strong>A pesar de todo lo conseguido contin\u00faan presentes algunos carteles, sin entender por qu\u00e9 sucede esto. <\/strong>Donde exceden las medidas permitidas y que bajo condiciones clim\u00e1ticas desfavorables, como fuertes vientos, se convierten en un peligro potencial.<\/p>\n\n\n\n<p>Es importante la <strong>remoci\u00f3n de estos carteles comerciales instalados en el centro capitalino<\/strong> que excedan las medidas permitidas para lograr una limpieza y orden en la imagen de la ciudad.<\/p>\n\n\n\n<p>Se puede apreciar hoy <strong>calles G\u00fcemes, Hip\u00f3lito Irigoyen, 19 de Abril, San Mart\u00edn, entre otras<\/strong>, donde la contaminaci\u00f3n visual persiste.<\/p>\n\n\n\n<div class=\"wp-block-image\"><figure class=\"aligncenter size-large is-resized\"><img decoding=\"async\" loading=\"lazy\" src=\"https:\/\/notinor.com\/jujuy\/wp-content\/uploads\/2022\/08\/WhatsApp-Image-2022-08-09-at-1.53.43-AM-360x480.jpeg\" alt=\"\" class=\"wp-image-349098\" width=\"360\" height=\"480\" srcset=\"https:\/\/notinor.com\/jujuy\/wp-content\/uploads\/2022\/08\/WhatsApp-Image-2022-08-09-at-1.53.43-AM-360x480.jpeg 360w, https:\/\/notinor.com\/jujuy\/wp-content\/uploads\/2022\/08\/WhatsApp-Image-2022-08-09-at-1.53.43-AM-274x365.jpeg 274w, https:\/\/notinor.com\/jujuy\/wp-content\/uploads\/2022\/08\/WhatsApp-Image-2022-08-09-at-1.53.43-AM-768x1024.jpeg 768w, https:\/\/notinor.com\/jujuy\/wp-content\/uploads\/2022\/08\/WhatsApp-Image-2022-08-09-at-1.53.43-AM-750x1000.jpeg 750w, https:\/\/notinor.com\/jujuy\/wp-content\/uploads\/2022\/08\/WhatsApp-Image-2022-08-09-at-1.53.43-AM.jpeg 867w\" sizes=\"(max-width: 360px) 100vw, 360px\" \/><\/figure><\/div>\n\n\n\n<div class=\"wp-block-image\"><figure class=\"aligncenter size-large\"><img decoding=\"async\" loading=\"lazy\" width=\"399\" height=\"480\" src=\"https:\/\/notinor.com\/jujuy\/wp-content\/uploads\/2022\/08\/WhatsApp-Image-2022-08-09-at-1.52.59-AM-399x480.jpeg\" alt=\"\" class=\"wp-image-349100\" srcset=\"https:\/\/notinor.com\/jujuy\/wp-content\/uploads\/2022\/08\/WhatsApp-Image-2022-08-09-at-1.52.59-AM-399x480.jpeg 399w, https:\/\/notinor.com\/jujuy\/wp-content\/uploads\/2022\/08\/WhatsApp-Image-2022-08-09-at-1.52.59-AM-303x365.jpeg 303w, https:\/\/notinor.com\/jujuy\/wp-content\/uploads\/2022\/08\/WhatsApp-Image-2022-08-09-at-1.52.59-AM-768x924.jpeg 768w, https:\/\/notinor.com\/jujuy\/wp-content\/uploads\/2022\/08\/WhatsApp-Image-2022-08-09-at-1.52.59-AM-750x902.jpeg 750w, https:\/\/notinor.com\/jujuy\/wp-content\/uploads\/2022\/08\/WhatsApp-Image-2022-08-09-at-1.52.59-AM.jpeg 1064w\" sizes=\"(max-width: 399px) 100vw, 399px\" \/><\/figure><\/div>\n\n\n\n<p><\/p>\n","protected":false},"excerpt":{"rendered":"<p>Jujuy posee una belleza paisaj\u00edstica innata, rodeada de cerros que hacen de nuestra ciudad un lugar bello de admirar. Es por ello que mediante ordenanza municipal han removido los miles de carteles bandera que arruinaban nuestro paisaje. Sin embargo, contin\u00faan algunos negocios sin acatar la norma. Durante a\u00f1os el centro capitalino estuvo rodeado de carteles [&hellip;]<\/p>\n","protected":false},"author":52,"featured_media":349099,"comment_status":"open","ping_status":"open","sticky":false,"template":"","format":"standard","meta":{"_stopmodifiedupdate":false,"_modified_date":"","inline_featured_image":false,"spay_email":"","jetpack_publicize_message":""},"categories":[2,490,514],"tags":[1520,1518,1519],"jetpack_featured_media_url":"https:\/\/notinor.com\/jujuy\/wp-content\/uploads\/2022\/08\/WhatsApp-Image-2022-08-09-at-1.53.42-AM.jpeg","jetpack_publicize_connections":[],"_links":{"self":[{"href":"https:\/\/notinor.com\/jujuy\/wp-json\/wp\/v2\/posts\/349097"}],"collection":[{"href":"https:\/\/notinor.com\/jujuy\/wp-json\/wp\/v2\/posts"}],"about":[{"href":"https:\/\/notinor.com\/jujuy\/wp-json\/wp\/v2\/types\/post"}],"author":[{"embeddable":true,"href":"https:\/\/notinor.com\/jujuy\/wp-json\/wp\/v2\/users\/52"}],"replies":[{"embeddable":true,"href":"https:\/\/notinor.com\/jujuy\/wp-json\/wp\/v2\/comments?post=349097"}],"version-history":[{"count":2,"href":"https:\/\/notinor.com\/jujuy\/wp-json\/wp\/v2\/posts\/349097\/revisions"}],"predecessor-version":[{"id":349107,"href":"https:\/\/notinor.com\/jujuy\/wp-json\/wp\/v2\/posts\/349097\/revisions\/349107"}],"wp:featuredmedia":[{"embeddable":true,"href":"https:\/\/notinor.com\/jujuy\/wp-json\/wp\/v2\/media\/349099"}],"wp:attachment":[{"href":"https:\/\/notinor.com\/jujuy\/wp-json\/wp\/v2\/media?parent=349097"}],"wp:term":[{"taxonomy":"category","embeddable":true,"href":"https:\/\/notinor.com\/jujuy\/wp-json\/wp\/v2\/categories?post=349097"},{"taxonomy":"post_tag","embeddable":true,"href":"https:\/\/notinor.com\/jujuy\/wp-json\/wp\/v2\/tags?post=349097"}],"curies":[{"name":"wp","href":"https:\/\/api.w.org\/{rel}","templated":true}]}}