{"id":348583,"date":"2022-08-06T12:23:46","date_gmt":"2022-08-06T15:23:46","guid":{"rendered":"https:\/\/notinor.com\/jujuy\/?p=348583"},"modified":"2022-08-06T12:35:33","modified_gmt":"2022-08-06T15:35:33","slug":"horacio-rodriguez-larreta-visito-la-bolsa-y-se-interiorizo-en-el-potencial-biotecnologico-de-la-region","status":"publish","type":"post","link":"https:\/\/notinor.com\/jujuy\/horacio-rodriguez-larreta-visito-la-bolsa-y-se-interiorizo-en-el-potencial-biotecnologico-de-la-region\/","title":{"rendered":"Horacio Rodr\u00edguez Larreta visit\u00f3 la Bolsa y se interioriz\u00f3 en el potencial biotecnol\u00f3gico de la regi\u00f3n"},"content":{"rendered":"\n<p class=\"has-medium-font-size\"><em><strong>La instituci\u00f3n de Rosario mantuvo un encuentro t\u00e9cnico con el jefe de Gobierno de la ciudad de Buenos Aires y referentes de su espacio con el objetivo de presentar sus mercados y el ecosistema innovador de la regi\u00f3n.<\/strong><\/em><\/p>\n\n\n\n<div class=\"wp-block-image\"><figure class=\"aligncenter size-large is-resized\"><img decoding=\"async\" loading=\"lazy\" src=\"https:\/\/notinor.com\/jujuy\/wp-content\/uploads\/2022\/08\/Dise\u00f1o-sin-t\u00edtulo-8-4.jpg\" alt=\"\" class=\"wp-image-348585\" width=\"773\" height=\"387\" srcset=\"https:\/\/notinor.com\/jujuy\/wp-content\/uploads\/2022\/08\/Dise\u00f1o-sin-t\u00edtulo-8-4.jpg 600w, https:\/\/notinor.com\/jujuy\/wp-content\/uploads\/2022\/08\/Dise\u00f1o-sin-t\u00edtulo-8-4-360x180.jpg 360w\" sizes=\"(max-width: 773px) 100vw, 773px\" \/><\/figure><\/div>\n\n\n\n<p>Autoridades de la BCR, encabezados por su presidente Miguel Simioni, directivos de mercados adheridos y representantes del ecosistema innovador de la regi\u00f3n, <strong>mantuvieron un encuentro con el jefe de Gobierno de la ciudad de Buenos Aires,<a href=\"https:\/\/notinor.com\/jujuy\/larreta-propuso-trabajar-para-la-recuperacion-productiva-junto-a-empresarios-pyme\/\"> Horacio Rodr\u00edguez Larreta.<\/a><\/strong><\/p>\n\n\n\n<p>El dirigente estuvo acompa\u00f1ado por <strong>Carolina Losada y Dionisio Scarpin<\/strong>, senadores nacionales de Juntos por el Cambio, e integrantes de dicho espacio pol\u00edtico.<\/p>\n\n\n\n<p><strong>Dentro de los temas abordados en la reuni\u00f3n se trataron el desarrollo digital para el agro en Argentina<\/strong>, el trabajo que genera el campo a trav\u00e9s de la tecnolog\u00eda, las demandas del siglo 21 en materia de innovaci\u00f3n tecnol\u00f3gica, la biotecnolog\u00eda y&nbsp; el potencial de la econom\u00eda del conocimiento para generar trabajo y d\u00f3lares.<\/p>\n\n\n\n<p><strong>Miguel Simioni, presidente de la BCR, destac\u00f3 la convocatoria por su car\u00e1cter amplio y t\u00e9cnico.<\/strong> \u201cTuvimos la oportunidad de presentarle al jefe de gobierno porte\u00f1o y su equipo las caracter\u00edsticas del polo agroexportador del Gran Rosario, el m\u00e1s importante del mundo, junto con una descripci\u00f3n de la Bolsa; sus respectivos mercados adheridos y el potencial de la regi\u00f3n en materia de biotecnolog\u00eda y agtech\u201d, manifest\u00f3 el titular de la Bolsa.<\/p>\n\n\n\n<p>Por su parte, el jefe de Gobierno de la ciudad de Buenos Aires expres\u00f3 la necesidad de generar consensos amplios y trazar un plan de desarrollo <strong>\u201cque se mantenga en el tiempo y est\u00e9 consensuado con los sectores estrat\u00e9gicos\u201d.<\/strong> \u201cClaro que si no hay estabilidad macro econ\u00f3mica Argentina no hay plan viable. Hay que construir un sendero de crecimiento sostenido. \u00bfQu\u00e9 se necesita para eso? Equilibrar lo que tenemos con lo que gastamos\u201d, puntualiz\u00f3 Larreta.&nbsp;&nbsp;&nbsp;&nbsp;<\/p>\n\n\n\n<div class=\"wp-block-image\"><figure class=\"aligncenter size-large is-resized\"><img decoding=\"async\" loading=\"lazy\" src=\"https:\/\/notinor.com\/jujuy\/wp-content\/uploads\/2022\/08\/WhatsApp-Image-2022-08-06-at-12.03.05-PM-1-720x480.jpeg\" alt=\"\" class=\"wp-image-348587\" width=\"825\" height=\"550\" srcset=\"https:\/\/notinor.com\/jujuy\/wp-content\/uploads\/2022\/08\/WhatsApp-Image-2022-08-06-at-12.03.05-PM-1-720x480.jpeg 720w, https:\/\/notinor.com\/jujuy\/wp-content\/uploads\/2022\/08\/WhatsApp-Image-2022-08-06-at-12.03.05-PM-1-548x365.jpeg 548w, https:\/\/notinor.com\/jujuy\/wp-content\/uploads\/2022\/08\/WhatsApp-Image-2022-08-06-at-12.03.05-PM-1-768x512.jpeg 768w, https:\/\/notinor.com\/jujuy\/wp-content\/uploads\/2022\/08\/WhatsApp-Image-2022-08-06-at-12.03.05-PM-1-750x500.jpeg 750w, https:\/\/notinor.com\/jujuy\/wp-content\/uploads\/2022\/08\/WhatsApp-Image-2022-08-06-at-12.03.05-PM-1-1140x760.jpeg 1140w, https:\/\/notinor.com\/jujuy\/wp-content\/uploads\/2022\/08\/WhatsApp-Image-2022-08-06-at-12.03.05-PM-1.jpeg 1280w\" sizes=\"(max-width: 825px) 100vw, 825px\" \/><\/figure><\/div>\n\n\n\n<p><strong>Por parte de la BCR y mercados adheridos participaron:<\/strong> Miguel Simioni, presidente; Marcelo Quirici, secretario; Ivanna Sandoval, protesorera 1\u00b0; Juan Jos\u00e9 Semino, vocal Titular; Gerardo Calace \u2013 Vocal Titular ;Enrique Lingua, comisi\u00f3n Revisora de Cuentas; Daniel Vigna, comisi\u00f3n Revisora de Cuentas; Ricardo Moscariello, Comisi\u00f3n Revisora de Cuentas; Javier Cervio,&nbsp; Director Ejecutivo; Andr\u00e9s Williams, Director de Relaciones Institucionales; Diego Viruega, Director de Tecnolog\u00eda e Innovaci\u00f3n; Julio Calzada, Director de Informaciones y Estudios Econ\u00f3micos y Miguel Fattore, Director de Administraci\u00f3n y Finanzas.<\/p>\n\n\n\n<p><strong>Mercados y entidades adheridas: <\/strong>Walter Tombolini, presidente Mercado Ganadero S. A (Rosgan); Alberto Curado, presidente Mercado Argentino de Valores;&nbsp; Fernando Luciani (CEO MAV); Diego Fern\u00e1ndez, gerente General; MAtba Rofex, Fabricio Silvestri, presidente Argentina Clearing (ACSA).&nbsp;&nbsp;&nbsp;<\/p>\n\n\n\n<p><strong>Por el entorno de innovaci\u00f3n:<\/strong> Ana Galiano, decana Universidad Austral Rosario; Ernesto Turcato, Incubadora UNR; Alejandro Vila, Incubadora UNR; Ignacio Sanseovich, presidente; Polo Tecnol\u00f3gico Rosario;Federico Rojkin, Winner Labs; Hugo Menzella, Keclon. Por Juntos Por el Cambio: Horacio Rodr\u00edguez Larreta, jefe de Gobierno de la Ciudad de Buenos Aires; Carolina Losada, senadora Nacional; Dionisio Scarpin, senador Nacional; \u00c1lvaro Gonz\u00e1lez, diputado nacional; Omar Demarchi, diputado Nacional; Franco Moccia, presidente de Fundaci\u00f3n Pensar; Director Banco Ciudad; Fernando Straface, Secretario General Gobierno de la Ciudad; Jorge Faurie, ex Canciller. &nbsp;&nbsp;&nbsp;&nbsp;&nbsp;&nbsp;&nbsp;&nbsp;&nbsp;&nbsp;&nbsp;<\/p>\n","protected":false},"excerpt":{"rendered":"<p>La instituci\u00f3n de Rosario mantuvo un encuentro t\u00e9cnico con el jefe de Gobierno de la ciudad de Buenos Aires y referentes de su espacio con el objetivo de presentar sus mercados y el ecosistema innovador de la regi\u00f3n. Autoridades de la BCR, encabezados por su presidente Miguel Simioni, directivos de mercados adheridos y representantes del [&hellip;]<\/p>\n","protected":false},"author":40,"featured_media":348585,"comment_status":"open","ping_status":"open","sticky":false,"template":"","format":"standard","meta":{"_stopmodifiedupdate":false,"_modified_date":"","inline_featured_image":false,"spay_email":"","jetpack_publicize_message":""},"categories":[2,501],"tags":[1484,1319,1302],"jetpack_featured_media_url":"https:\/\/notinor.com\/jujuy\/wp-content\/uploads\/2022\/08\/Dise\u00f1o-sin-t\u00edtulo-8-4.jpg","jetpack_publicize_connections":[],"_links":{"self":[{"href":"https:\/\/notinor.com\/jujuy\/wp-json\/wp\/v2\/posts\/348583"}],"collection":[{"href":"https:\/\/notinor.com\/jujuy\/wp-json\/wp\/v2\/posts"}],"about":[{"href":"https:\/\/notinor.com\/jujuy\/wp-json\/wp\/v2\/types\/post"}],"author":[{"embeddable":true,"href":"https:\/\/notinor.com\/jujuy\/wp-json\/wp\/v2\/users\/40"}],"replies":[{"embeddable":true,"href":"https:\/\/notinor.com\/jujuy\/wp-json\/wp\/v2\/comments?post=348583"}],"version-history":[{"count":5,"href":"https:\/\/notinor.com\/jujuy\/wp-json\/wp\/v2\/posts\/348583\/revisions"}],"predecessor-version":[{"id":348591,"href":"https:\/\/notinor.com\/jujuy\/wp-json\/wp\/v2\/posts\/348583\/revisions\/348591"}],"wp:featuredmedia":[{"embeddable":true,"href":"https:\/\/notinor.com\/jujuy\/wp-json\/wp\/v2\/media\/348585"}],"wp:attachment":[{"href":"https:\/\/notinor.com\/jujuy\/wp-json\/wp\/v2\/media?parent=348583"}],"wp:term":[{"taxonomy":"category","embeddable":true,"href":"https:\/\/notinor.com\/jujuy\/wp-json\/wp\/v2\/categories?post=348583"},{"taxonomy":"post_tag","embeddable":true,"href":"https:\/\/notinor.com\/jujuy\/wp-json\/wp\/v2\/tags?post=348583"}],"curies":[{"name":"wp","href":"https:\/\/api.w.org\/{rel}","templated":true}]}}