{"id":348246,"date":"2022-08-03T21:24:00","date_gmt":"2022-08-04T00:24:00","guid":{"rendered":"https:\/\/notinor.com\/jujuy\/?p=348246"},"modified":"2022-08-03T13:24:00","modified_gmt":"2022-08-03T13:24:00","slug":"ciclo-de-talleres-que-hacemos-con-el-estres-en-nuestras-vidas","status":"publish","type":"post","link":"https:\/\/notinor.com\/jujuy\/ciclo-de-talleres-que-hacemos-con-el-estres-en-nuestras-vidas\/","title":{"rendered":"Ciclo de Talleres: \u00bfQu\u00e9 hacemos con el estr\u00e9s en nuestras vidas?"},"content":{"rendered":"\n<p><strong><em>El Departamento de Salud Mental, de la Direcci\u00f3n General de Potencial Ciudadano, invita a participar del ciclo de talleres gratuitos: \u00bfQu\u00e9 hacemos con el estr\u00e9s en nuestras vidas?, destinado al p\u00fablico en general, con cupos limitados.<\/em><\/strong><\/p>\n\n\n\n<div class=\"wp-block-image\"><figure class=\"aligncenter size-large\"><img decoding=\"async\" loading=\"lazy\" width=\"350\" height=\"354\" src=\"https:\/\/notinor.com\/jujuy\/wp-content\/uploads\/2022\/08\/estres-1011x1024-1.jpg\" alt=\"\" class=\"wp-image-348248\" srcset=\"https:\/\/notinor.com\/jujuy\/wp-content\/uploads\/2022\/08\/estres-1011x1024-1.jpg 350w, https:\/\/notinor.com\/jujuy\/wp-content\/uploads\/2022\/08\/estres-1011x1024-1-75x75.jpg 75w\" sizes=\"(max-width: 350px) 100vw, 350px\" \/><\/figure><\/div>\n\n\n\n<p>Los mismos se desarrollar\u00e1n los d\u00edas jueves 4, 11 y 18 de agosto de 10 a 12 hs. en las instalaciones del NIDO Parque Gral. Belgrano sito en calle 250 (sector ADEP en Alto Comedero).<\/p>\n\n\n\n<p>Para mayor informaci\u00f3n los interesados pueden dirigirse a calle Jorge Newbery N 996 esq. Dorrego, en el horario de 8 a 13 y de 15 a 19 hs. o bien llamando al tel\u00e9fono N\u00b0 3885937187.<\/p>\n","protected":false},"excerpt":{"rendered":"<p>El Departamento de Salud Mental, de la Direcci\u00f3n General de Potencial Ciudadano, invita a participar del ciclo de talleres gratuitos: \u00bfQu\u00e9 hacemos con el estr\u00e9s en nuestras vidas?, destinado al p\u00fablico en general, con cupos limitados. Los mismos se desarrollar\u00e1n los d\u00edas jueves 4, 11 y 18 de agosto de 10 a 12 hs. en [&hellip;]<\/p>\n","protected":false},"author":5,"featured_media":348248,"comment_status":"open","ping_status":"open","sticky":false,"template":"","format":"standard","meta":{"_stopmodifiedupdate":false,"_modified_date":"","inline_featured_image":false,"spay_email":"","jetpack_publicize_message":""},"categories":[13],"tags":[],"jetpack_featured_media_url":"https:\/\/notinor.com\/jujuy\/wp-content\/uploads\/2022\/08\/estres-1011x1024-1.jpg","jetpack_publicize_connections":[],"_links":{"self":[{"href":"https:\/\/notinor.com\/jujuy\/wp-json\/wp\/v2\/posts\/348246"}],"collection":[{"href":"https:\/\/notinor.com\/jujuy\/wp-json\/wp\/v2\/posts"}],"about":[{"href":"https:\/\/notinor.com\/jujuy\/wp-json\/wp\/v2\/types\/post"}],"author":[{"embeddable":true,"href":"https:\/\/notinor.com\/jujuy\/wp-json\/wp\/v2\/users\/5"}],"replies":[{"embeddable":true,"href":"https:\/\/notinor.com\/jujuy\/wp-json\/wp\/v2\/comments?post=348246"}],"version-history":[{"count":1,"href":"https:\/\/notinor.com\/jujuy\/wp-json\/wp\/v2\/posts\/348246\/revisions"}],"predecessor-version":[{"id":348249,"href":"https:\/\/notinor.com\/jujuy\/wp-json\/wp\/v2\/posts\/348246\/revisions\/348249"}],"wp:featuredmedia":[{"embeddable":true,"href":"https:\/\/notinor.com\/jujuy\/wp-json\/wp\/v2\/media\/348248"}],"wp:attachment":[{"href":"https:\/\/notinor.com\/jujuy\/wp-json\/wp\/v2\/media?parent=348246"}],"wp:term":[{"taxonomy":"category","embeddable":true,"href":"https:\/\/notinor.com\/jujuy\/wp-json\/wp\/v2\/categories?post=348246"},{"taxonomy":"post_tag","embeddable":true,"href":"https:\/\/notinor.com\/jujuy\/wp-json\/wp\/v2\/tags?post=348246"}],"curies":[{"name":"wp","href":"https:\/\/api.w.org\/{rel}","templated":true}]}}