{"id":348241,"date":"2022-08-03T21:15:00","date_gmt":"2022-08-04T00:15:00","guid":{"rendered":"https:\/\/notinor.com\/jujuy\/?p=348241"},"modified":"2022-08-03T13:15:00","modified_gmt":"2022-08-03T13:15:00","slug":"se-inauguro-un-nuevo-consultorio-de-puericultura","status":"publish","type":"post","link":"https:\/\/notinor.com\/jujuy\/se-inauguro-un-nuevo-consultorio-de-puericultura\/","title":{"rendered":"Se inaugur\u00f3 un nuevo consultorio de Puericultura"},"content":{"rendered":"\n<p><em><strong>En la Semana Mundial de la Lactancia Materna, la Municipalidad de San Salvador de Jujuy inaugur\u00f3 un consultorio de puericultura destinado a fomentar la lactancia materna y mejorar la salud de los ni\u00f1os, adem\u00e1s para que las madres recibir\u00e1n acompa\u00f1amiento en el periodo de lactancia y asesor\u00eda sobre la crianza de los ni\u00f1os hasta los 3 a\u00f1os. Las interesadas pueden acercarse a calle Jorge Newbery 996&nbsp;o llamar al tel\u00e9fono: 154763554 para solicitar un turno.<\/strong><\/em><\/p>\n\n\n\n<div class=\"wp-block-image\"><figure class=\"aligncenter size-large is-resized\"><img decoding=\"async\" loading=\"lazy\" src=\"https:\/\/notinor.com\/jujuy\/wp-content\/uploads\/2022\/08\/inaguracion-569x480.jpg\" alt=\"\" class=\"wp-image-348242\" width=\"501\" height=\"423\" srcset=\"https:\/\/notinor.com\/jujuy\/wp-content\/uploads\/2022\/08\/inaguracion-569x480.jpg 569w, https:\/\/notinor.com\/jujuy\/wp-content\/uploads\/2022\/08\/inaguracion-433x365.jpg 433w, https:\/\/notinor.com\/jujuy\/wp-content\/uploads\/2022\/08\/inaguracion-768x648.jpg 768w, https:\/\/notinor.com\/jujuy\/wp-content\/uploads\/2022\/08\/inaguracion-750x633.jpg 750w, https:\/\/notinor.com\/jujuy\/wp-content\/uploads\/2022\/08\/inaguracion.jpg 1024w\" sizes=\"(max-width: 501px) 100vw, 501px\" \/><\/figure><\/div>\n\n\n\n<p>En este marco el secretario de Desarrollo Humano, Rodrigo Altea,<strong>&nbsp;resalt\u00f3 la importancia de seguir brindando m\u00e1s servicios en un lugar tan concurrido por los vecinos de la ciudad<\/strong>, \u201c<em>e<strong>stamos muy contentos de inaugurar un consultorio de puericultura porque entendemos la importancia que tienen para la crianza de los ni\u00f1os y para la detecci\u00f3n temprana de distintas enfermedades.<\/strong>&nbsp;Este es un servicio m\u00e1s que brindamos, por el cual estamos orgullosos, en todo momentos apostamos a las pol\u00edticas p\u00fablicas dirigidas a las primeras infancias y en este lugar tendr\u00e1n un nuevo servicio de calidad\u201d.<\/em><\/p>\n\n\n\n<p>Por su parte, la directora de Ni\u00f1ez y Adolescencia, Fernanda Zarif, inform\u00f3 que todas las interesadas se pueden acercar a calle Jorge Newbey 996&nbsp;los d\u00edas lunes y viernes de 15 a 19 hs. y tambi\u00e9n en el barrio Campo Verde en calle Mu\u00f1a Mu\u00f1a 225 los d\u00edas martes y jueves de 15:30 a 18 hs., \u201c<em>este nuevo consultorio est\u00e1 a disposici\u00f3n de las mujeres y las familias para consultar con un agente de salud que es un puericultora, para brindar el acompa\u00f1amiento en la lactancia, adem\u00e1s de abordar temas de crianza hasta los 3 a\u00f1os,<strong>&nbsp;tenemos la pol\u00edtica de acompa\u00f1ar, asesorar y sostener a las madres y apoyarlas en la crianza de los ni\u00f1os, quiero aclarar que todos los servicios son gratuitos<\/strong><\/em>\u201d.<\/p>\n\n\n\n<p>Asimismo, Fabiana Vilte, quien se desempe\u00f1a como encargada del consultorio de puericultura explic\u00f3 que las mujeres que quieren amamantar y por alg\u00fan motivo se complica el inicio de la lactancia el objetivo es acompa\u00f1arla durante el proceso, \u201c<em>tambi\u00e9n en temas de crianza hasta los 3 a\u00f1os; es bueno mencionar que son bienvenidos todos los miembros de la familia como los padres, abuelos y los t\u00edos. Para comunicarse con nosotros pueden llamar al tel\u00e9fono 154763554 y solicitar un turno\u201d.<\/em><\/p>\n\n\n\n<div class=\"wp-block-image\"><figure class=\"aligncenter size-large\"><img decoding=\"async\" loading=\"lazy\" width=\"526\" height=\"480\" src=\"https:\/\/notinor.com\/jujuy\/wp-content\/uploads\/2022\/08\/inaguracion-2-526x480.jpg\" alt=\"\" class=\"wp-image-348244\" srcset=\"https:\/\/notinor.com\/jujuy\/wp-content\/uploads\/2022\/08\/inaguracion-2-526x480.jpg 526w, https:\/\/notinor.com\/jujuy\/wp-content\/uploads\/2022\/08\/inaguracion-2-400x365.jpg 400w, https:\/\/notinor.com\/jujuy\/wp-content\/uploads\/2022\/08\/inaguracion-2-768x701.jpg 768w, https:\/\/notinor.com\/jujuy\/wp-content\/uploads\/2022\/08\/inaguracion-2-750x685.jpg 750w, https:\/\/notinor.com\/jujuy\/wp-content\/uploads\/2022\/08\/inaguracion-2.jpg 1024w\" sizes=\"(max-width: 526px) 100vw, 526px\" \/><\/figure><\/div>\n","protected":false},"excerpt":{"rendered":"<p>En la Semana Mundial de la Lactancia Materna, la Municipalidad de San Salvador de Jujuy inaugur\u00f3 un consultorio de puericultura destinado a fomentar la lactancia materna y mejorar la salud de los ni\u00f1os, adem\u00e1s para que las madres recibir\u00e1n acompa\u00f1amiento en el periodo de lactancia y asesor\u00eda sobre la crianza de los ni\u00f1os hasta los [&hellip;]<\/p>\n","protected":false},"author":5,"featured_media":348243,"comment_status":"open","ping_status":"open","sticky":false,"template":"","format":"standard","meta":{"_stopmodifiedupdate":false,"_modified_date":"","inline_featured_image":false,"spay_email":"","jetpack_publicize_message":""},"categories":[13],"tags":[19,1457,681],"jetpack_featured_media_url":"https:\/\/notinor.com\/jujuy\/wp-content\/uploads\/2022\/08\/inaguracion-1.jpg","jetpack_publicize_connections":[],"_links":{"self":[{"href":"https:\/\/notinor.com\/jujuy\/wp-json\/wp\/v2\/posts\/348241"}],"collection":[{"href":"https:\/\/notinor.com\/jujuy\/wp-json\/wp\/v2\/posts"}],"about":[{"href":"https:\/\/notinor.com\/jujuy\/wp-json\/wp\/v2\/types\/post"}],"author":[{"embeddable":true,"href":"https:\/\/notinor.com\/jujuy\/wp-json\/wp\/v2\/users\/5"}],"replies":[{"embeddable":true,"href":"https:\/\/notinor.com\/jujuy\/wp-json\/wp\/v2\/comments?post=348241"}],"version-history":[{"count":1,"href":"https:\/\/notinor.com\/jujuy\/wp-json\/wp\/v2\/posts\/348241\/revisions"}],"predecessor-version":[{"id":348245,"href":"https:\/\/notinor.com\/jujuy\/wp-json\/wp\/v2\/posts\/348241\/revisions\/348245"}],"wp:featuredmedia":[{"embeddable":true,"href":"https:\/\/notinor.com\/jujuy\/wp-json\/wp\/v2\/media\/348243"}],"wp:attachment":[{"href":"https:\/\/notinor.com\/jujuy\/wp-json\/wp\/v2\/media?parent=348241"}],"wp:term":[{"taxonomy":"category","embeddable":true,"href":"https:\/\/notinor.com\/jujuy\/wp-json\/wp\/v2\/categories?post=348241"},{"taxonomy":"post_tag","embeddable":true,"href":"https:\/\/notinor.com\/jujuy\/wp-json\/wp\/v2\/tags?post=348241"}],"curies":[{"name":"wp","href":"https:\/\/api.w.org\/{rel}","templated":true}]}}