{"id":348235,"date":"2022-08-03T21:47:00","date_gmt":"2022-08-04T00:47:00","guid":{"rendered":"https:\/\/notinor.com\/jujuy\/?p=348235"},"modified":"2022-08-05T08:43:26","modified_gmt":"2022-08-05T11:43:26","slug":"el-municipio-acompano-a-gendarmeria-nacional-en-su-84-aniversario","status":"publish","type":"post","link":"https:\/\/notinor.com\/jujuy\/el-municipio-acompano-a-gendarmeria-nacional-en-su-84-aniversario\/","title":{"rendered":"El municipio acompa\u00f1\u00f3 a Gendarmer\u00eda Nacional en su 84\u00b0 aniversario"},"content":{"rendered":"\n<p><strong><em>E<\/em><\/strong><em><strong>l secretario de Servicios P\u00fablicos, Guillermo Marenco y el presidente del Concejo Deliberante , Lisandro Aguiar, asistieron al a<\/strong><\/em><strong><em>cto protocolar llevado a cabo en las instalaciones del Escuadr\u00f3n 53 de Gendarmer\u00eda, donde &nbsp;se conmemor\u00f3 el octog\u00e9simo cuarto aniversario de la fuerza de seguridad que tuvo una vocaci\u00f3n de servicio de vital importancia para la comunidad juje\u00f1a, en \u00e9poca de pandemia.<\/em><\/strong><\/p>\n\n\n\n<div class=\"wp-block-image\"><figure class=\"aligncenter size-large is-resized\"><img decoding=\"async\" loading=\"lazy\" src=\"https:\/\/notinor.com\/jujuy\/wp-content\/uploads\/2022\/08\/GENDARNME.jpg\" alt=\"\" class=\"wp-image-348237\" width=\"634\" height=\"385\" srcset=\"https:\/\/notinor.com\/jujuy\/wp-content\/uploads\/2022\/08\/GENDARNME.jpg 787w, https:\/\/notinor.com\/jujuy\/wp-content\/uploads\/2022\/08\/GENDARNME-601x365.jpg 601w, https:\/\/notinor.com\/jujuy\/wp-content\/uploads\/2022\/08\/GENDARNME-768x466.jpg 768w, https:\/\/notinor.com\/jujuy\/wp-content\/uploads\/2022\/08\/GENDARNME-750x456.jpg 750w\" sizes=\"(max-width: 634px) 100vw, 634px\" \/><\/figure><\/div>\n\n\n\n<p>En este marco el secretario de Servicios P\u00fablicos, Guillermo Marenco, indic\u00f3:&nbsp;<em>\u201dacompa\u00f1amos a la gente de&nbsp;<strong>Gendarmer\u00eda con quien tenemos el placer de trabajar permanentemente en forma coordinada en todo tipo de acciones, tendientes al bien de la comunidad<\/strong>, as\u00ed que estar presentes en este festejo, es acompa\u00f1arlos como amigos en este desaf\u00edo, que es estar permanentemente en el trabajo conjunto en la situaciones de riesgo que pueden llegar a surgir como inclemencias, controles de seguridad vial y acciones que se llevan coordinadamente con Gendarmer\u00eda, Ej\u00e9rcito y Polic\u00eda<\/em>\u201c.<\/p>\n\n\n\n<p><strong>\u201c<em>En la \u00e9poca de pandemia \u2013 resalt\u00f3 \u2013 fue donde floreci\u00f3 la vocaci\u00f3n de servicio, tanto del Municipio, de Gendarmer\u00eda, el Ej\u00e9rcito y la Polic\u00eda en beneficio de los vecinos y la comunidad<\/em>\u201d.<\/strong><\/p>\n\n\n\n<p>Por su parte, Lisandro Aguiar, presidente del Concejo Deliberante, destac\u00f3 los trabajos realizados por Gendarmer\u00eda en la Ciudad:&nbsp;<em><strong>\u201ces una de las instituciones m\u00e1s importantes de nuestra vida republicana,<\/strong>&nbsp;cumple 84 a\u00f1os la Gendarmer\u00eda Nacional, una instituci\u00f3n con la que adem\u00e1s la Municipalidad tiene una estrecha relaci\u00f3n. Uno de los primeros espacios que ocup\u00f3 cuando se cre\u00f3, fue justamente el edificio ex 4 de Junio hoy 9 de Julio, a trav\u00e9s de un convenio de cooperaci\u00f3n y trabajo conjunto y desde ese momento&nbsp;<strong>se ha podido avanzar en muchos trabajos de seguridad vial y todo lo atinente al trabajo con la sociedad<\/strong>.<\/em>\u201d<\/p>\n\n\n\n<figure class=\"wp-block-image\"><img decoding=\"async\" src=\"http:\/\/sansalvadordejujuy.gob.ar\/wp-content\/uploads\/2022\/08\/ANIVERSARIO-DE-GENDARMERIA-2.jpg\" alt=\"\" class=\"wp-image-30627\"\/><\/figure>\n\n\n\n<p>Finalmente, el Ministro de Seguridad, Luis Alberto Mart\u00edn, expres\u00f3 \u201c<em>despu\u00e9s de haber transitado 35 a\u00f1os en la fuerza, siempre quedan los recuerdos, nostalgia y momentos vividos. Principalmente la trayectoria de vivir en esta Provincia, 10 a\u00f1os en tres etapas diferentes, son muchas las vivencias, los amigos, por todo ello acompa\u00f1ando esta ceremonia a la jefatura actual de Gendarmer\u00eda Nacional para que este evento tenga la relevancia correspondiente<\/em>\u201d.<\/p>\n\n\n\n<div class=\"wp-block-image\"><figure class=\"aligncenter size-large\"><img decoding=\"async\" loading=\"lazy\" width=\"750\" height=\"246\" src=\"https:\/\/notinor.com\/jujuy\/wp-content\/uploads\/2022\/08\/GENDARNME-2.jpg\" alt=\"\" class=\"wp-image-348239\" srcset=\"https:\/\/notinor.com\/jujuy\/wp-content\/uploads\/2022\/08\/GENDARNME-2.jpg 750w, https:\/\/notinor.com\/jujuy\/wp-content\/uploads\/2022\/08\/GENDARNME-2-660x216.jpg 660w\" sizes=\"(max-width: 750px) 100vw, 750px\" \/><\/figure><\/div>\n","protected":false},"excerpt":{"rendered":"<p>El secretario de Servicios P\u00fablicos, Guillermo Marenco y el presidente del Concejo Deliberante , Lisandro Aguiar, asistieron al acto protocolar llevado a cabo en las instalaciones del Escuadr\u00f3n 53 de Gendarmer\u00eda, donde &nbsp;se conmemor\u00f3 el octog\u00e9simo cuarto aniversario de la fuerza de seguridad que tuvo una vocaci\u00f3n de servicio de vital importancia para la comunidad [&hellip;]<\/p>\n","protected":false},"author":5,"featured_media":348237,"comment_status":"open","ping_status":"open","sticky":false,"template":"","format":"standard","meta":{"_stopmodifiedupdate":false,"_modified_date":"","inline_featured_image":false,"spay_email":"","jetpack_publicize_message":""},"categories":[514],"tags":[1366,1456,19],"jetpack_featured_media_url":"https:\/\/notinor.com\/jujuy\/wp-content\/uploads\/2022\/08\/GENDARNME.jpg","jetpack_publicize_connections":[],"_links":{"self":[{"href":"https:\/\/notinor.com\/jujuy\/wp-json\/wp\/v2\/posts\/348235"}],"collection":[{"href":"https:\/\/notinor.com\/jujuy\/wp-json\/wp\/v2\/posts"}],"about":[{"href":"https:\/\/notinor.com\/jujuy\/wp-json\/wp\/v2\/types\/post"}],"author":[{"embeddable":true,"href":"https:\/\/notinor.com\/jujuy\/wp-json\/wp\/v2\/users\/5"}],"replies":[{"embeddable":true,"href":"https:\/\/notinor.com\/jujuy\/wp-json\/wp\/v2\/comments?post=348235"}],"version-history":[{"count":1,"href":"https:\/\/notinor.com\/jujuy\/wp-json\/wp\/v2\/posts\/348235\/revisions"}],"predecessor-version":[{"id":348240,"href":"https:\/\/notinor.com\/jujuy\/wp-json\/wp\/v2\/posts\/348235\/revisions\/348240"}],"wp:featuredmedia":[{"embeddable":true,"href":"https:\/\/notinor.com\/jujuy\/wp-json\/wp\/v2\/media\/348237"}],"wp:attachment":[{"href":"https:\/\/notinor.com\/jujuy\/wp-json\/wp\/v2\/media?parent=348235"}],"wp:term":[{"taxonomy":"category","embeddable":true,"href":"https:\/\/notinor.com\/jujuy\/wp-json\/wp\/v2\/categories?post=348235"},{"taxonomy":"post_tag","embeddable":true,"href":"https:\/\/notinor.com\/jujuy\/wp-json\/wp\/v2\/tags?post=348235"}],"curies":[{"name":"wp","href":"https:\/\/api.w.org\/{rel}","templated":true}]}}