{"id":348226,"date":"2022-08-03T20:35:00","date_gmt":"2022-08-03T23:35:00","guid":{"rendered":"https:\/\/notinor.com\/jujuy\/?p=348226"},"modified":"2022-08-03T12:35:00","modified_gmt":"2022-08-03T12:35:00","slug":"alto-comedero-cuenta-con-nuevo-tomografo","status":"publish","type":"post","link":"https:\/\/notinor.com\/jujuy\/alto-comedero-cuenta-con-nuevo-tomografo\/","title":{"rendered":"Alto Comedero cuenta con nuevo tom\u00f3grafo"},"content":{"rendered":"\n<p><strong><em>El intendente Ra\u00fal \u201cChuli\u201d Jorge estuvo presente en la inauguraci\u00f3n del moderno equipamiento, junto Rub\u00e9n Rivarola y a Liliana Fellner, referente principal del Centro M\u00e9dico de Diagn\u00f3stico \u201cNuestra Se\u00f1ora de F\u00e1tima\u201d, que abri\u00f3 sus puertas hace un a\u00f1o, en calle Teniente Bono del populoso barrio.<\/em><\/strong><\/p>\n\n\n\n<div class=\"wp-block-image\"><figure class=\"aligncenter size-large is-resized\"><img decoding=\"async\" loading=\"lazy\" src=\"https:\/\/notinor.com\/jujuy\/wp-content\/uploads\/2022\/08\/tomografo-1-672x480.jpg\" alt=\"\" class=\"wp-image-348232\" width=\"553\" height=\"395\" srcset=\"https:\/\/notinor.com\/jujuy\/wp-content\/uploads\/2022\/08\/tomografo-1-672x480.jpg 672w, https:\/\/notinor.com\/jujuy\/wp-content\/uploads\/2022\/08\/tomografo-1-511x365.jpg 511w, https:\/\/notinor.com\/jujuy\/wp-content\/uploads\/2022\/08\/tomografo-1-768x548.jpg 768w, https:\/\/notinor.com\/jujuy\/wp-content\/uploads\/2022\/08\/tomografo-1-120x86.jpg 120w, https:\/\/notinor.com\/jujuy\/wp-content\/uploads\/2022\/08\/tomografo-1-350x250.jpg 350w, https:\/\/notinor.com\/jujuy\/wp-content\/uploads\/2022\/08\/tomografo-1-750x535.jpg 750w, https:\/\/notinor.com\/jujuy\/wp-content\/uploads\/2022\/08\/tomografo-1.jpg 1024w\" sizes=\"(max-width: 553px) 100vw, 553px\" \/><\/figure><\/div>\n\n\n\n<p>Al respecto, el Intendente Ra\u00fal, \u201cChuli\u201d Jorge,&nbsp;<strong>destac\u00f3 la decisi\u00f3n empresarial de apostar por Alto Comedero<\/strong>, \u201c<em>este sector fue uno de los primeros de Alto Comedero, este tipo de desarrollos, permite que el ciudadano tenga a disposici\u00f3n todo&nbsp;aquello que tiene que ver con la mejora en su vida diaria, por eso que se haga&nbsp;<strong>este tipo de emprendimientos privados: con una gran cantidad de servicios, con una excelente calidad del equipamiento, con un plantel profesional; todo esto beneficia a muchos vecinos<\/strong>&nbsp;y posibilitar\u00e1, entre otras cuestiones, evitar grandes traslados y a que tendr\u00e1n a disposici\u00f3n calidad m\u00e9dica, en la salud en general<\/em>\u201d.<\/p>\n\n\n\n<p>Por su parte, Rub\u00e9n Rivarola, destac\u00f3 que todo el equipamiento es nuevo y asegur\u00f3,\u201d<em>esto es bueno para todos,&nbsp;<strong>estamos decididos a apostar fuertemente en la salud y este barrio, as\u00ed que trabajando sobre eso, d\u00e1ndole confort a todos los ciudadanos y m\u00e1s a Alto Comedero.<\/strong>&nbsp;Le agradezco a los vecinos por haber venido, por acompa\u00f1arnos, ellos son quienes, para hacer alg\u00fan tramite o estudio tienen gastos de colectivos, de tiempo y ahora tienen estos nuevos servicios que se realizan r\u00e1pidamente<\/em>\u201d.<\/p>\n\n\n\n<p>Finalmente, Liliana Fellner, revel\u00f3:&nbsp;<em>\u201cpara nosotros fue un desaf\u00edo traer todo aqu\u00ed,<strong>&nbsp;empezamos con tres consultorios: laboratorio, ecograf\u00eda y rayos<\/strong>, y&nbsp;<strong>ahora con la ilusi\u00f3n de traer el primer tom\u00f3grafo&nbsp;<\/strong>a este barrio tan grande para poder brindar tambi\u00e9n este servicio a todos los vecinos de esta nueva gran ciudad que es Alto Comedero<\/em><strong><em>. Estamos muy contentos y muy orgullosos de poder brindar ya seis consultorios m\u00e9dicos, el servicio de tomograf\u00eda m\u00e1s los que ten\u00edamos; y que d\u00eda a d\u00eda se incorporen nuevos m\u00e9dicos de diversas especialidades<\/em>\u201d.<\/strong><\/p>\n\n\n\n<div class=\"wp-block-image\"><figure class=\"aligncenter size-large is-resized\"><img decoding=\"async\" loading=\"lazy\" src=\"https:\/\/notinor.com\/jujuy\/wp-content\/uploads\/2022\/08\/tomografo-2-740x480.jpg\" alt=\"\" class=\"wp-image-348233\" width=\"601\" height=\"390\" srcset=\"https:\/\/notinor.com\/jujuy\/wp-content\/uploads\/2022\/08\/tomografo-2-740x480.jpg 740w, https:\/\/notinor.com\/jujuy\/wp-content\/uploads\/2022\/08\/tomografo-2-563x365.jpg 563w, https:\/\/notinor.com\/jujuy\/wp-content\/uploads\/2022\/08\/tomografo-2-768x498.jpg 768w, https:\/\/notinor.com\/jujuy\/wp-content\/uploads\/2022\/08\/tomografo-2-750x486.jpg 750w, https:\/\/notinor.com\/jujuy\/wp-content\/uploads\/2022\/08\/tomografo-2.jpg 1024w\" sizes=\"(max-width: 601px) 100vw, 601px\" \/><\/figure><\/div>\n","protected":false},"excerpt":{"rendered":"<p>El intendente Ra\u00fal \u201cChuli\u201d Jorge estuvo presente en la inauguraci\u00f3n del moderno equipamiento, junto Rub\u00e9n Rivarola y a Liliana Fellner, referente principal del Centro M\u00e9dico de Diagn\u00f3stico \u201cNuestra Se\u00f1ora de F\u00e1tima\u201d, que abri\u00f3 sus puertas hace un a\u00f1o, en calle Teniente Bono del populoso barrio. Al respecto, el Intendente Ra\u00fal, \u201cChuli\u201d Jorge,&nbsp;destac\u00f3 la decisi\u00f3n empresarial [&hellip;]<\/p>\n","protected":false},"author":5,"featured_media":348230,"comment_status":"open","ping_status":"open","sticky":false,"template":"","format":"standard","meta":{"_stopmodifiedupdate":false,"_modified_date":"","inline_featured_image":false,"spay_email":"","jetpack_publicize_message":""},"categories":[514],"tags":[1455,19],"jetpack_featured_media_url":"https:\/\/notinor.com\/jujuy\/wp-content\/uploads\/2022\/08\/tomografo.jpg","jetpack_publicize_connections":[],"_links":{"self":[{"href":"https:\/\/notinor.com\/jujuy\/wp-json\/wp\/v2\/posts\/348226"}],"collection":[{"href":"https:\/\/notinor.com\/jujuy\/wp-json\/wp\/v2\/posts"}],"about":[{"href":"https:\/\/notinor.com\/jujuy\/wp-json\/wp\/v2\/types\/post"}],"author":[{"embeddable":true,"href":"https:\/\/notinor.com\/jujuy\/wp-json\/wp\/v2\/users\/5"}],"replies":[{"embeddable":true,"href":"https:\/\/notinor.com\/jujuy\/wp-json\/wp\/v2\/comments?post=348226"}],"version-history":[{"count":1,"href":"https:\/\/notinor.com\/jujuy\/wp-json\/wp\/v2\/posts\/348226\/revisions"}],"predecessor-version":[{"id":348234,"href":"https:\/\/notinor.com\/jujuy\/wp-json\/wp\/v2\/posts\/348226\/revisions\/348234"}],"wp:featuredmedia":[{"embeddable":true,"href":"https:\/\/notinor.com\/jujuy\/wp-json\/wp\/v2\/media\/348230"}],"wp:attachment":[{"href":"https:\/\/notinor.com\/jujuy\/wp-json\/wp\/v2\/media?parent=348226"}],"wp:term":[{"taxonomy":"category","embeddable":true,"href":"https:\/\/notinor.com\/jujuy\/wp-json\/wp\/v2\/categories?post=348226"},{"taxonomy":"post_tag","embeddable":true,"href":"https:\/\/notinor.com\/jujuy\/wp-json\/wp\/v2\/tags?post=348226"}],"curies":[{"name":"wp","href":"https:\/\/api.w.org\/{rel}","templated":true}]}}