{"id":348202,"date":"2022-08-04T12:21:02","date_gmt":"2022-08-04T15:21:02","guid":{"rendered":"https:\/\/notinor.com\/jujuy\/?p=348202"},"modified":"2022-08-04T13:02:58","modified_gmt":"2022-08-04T16:02:58","slug":"la-comision-de-ambiente-avanza-avanza-con-el-desarrollo-de-una-intensa-agenda-de-trabajo","status":"publish","type":"post","link":"https:\/\/notinor.com\/jujuy\/la-comision-de-ambiente-avanza-avanza-con-el-desarrollo-de-una-intensa-agenda-de-trabajo\/","title":{"rendered":"La Comisi\u00f3n de Ambiente avanza con el desarrollo de una intensa agenda de trabajo"},"content":{"rendered":"\n<p class=\"has-medium-font-size\"><strong><em>La <a href=\"https:\/\/notinor.com\/jujuy\/la-comision-de-ambiente-visito-el-primer-punto-blanco-de-acopio-de-aceite-de-cocina-usado\/\">Comisi\u00f3n de Ambiente <\/a>desarroll\u00f3 su reuni\u00f3n ordinaria y diagram\u00f3 agenda para el inicio del segundo semestre,&nbsp;&nbsp;que incluye visitas a distintos sectores del \u00e1rea privada y p\u00fablica de la provincia, adem\u00e1s de continuar con&nbsp;&nbsp;entrevistas a profesionales y especialistas de distintas \u00e1reas con el fin de enriquecer los proyectos de ley que tienen en estudio.<\/em><\/strong><\/p>\n\n\n\n<figure class=\"is-layout-flex wp-block-gallery-1 wp-block-gallery aligncenter columns-1 is-cropped\"><ul class=\"blocks-gallery-grid\"><li class=\"blocks-gallery-item\"><figure><img decoding=\"async\" loading=\"lazy\" width=\"720\" height=\"480\" src=\"https:\/\/notinor.com\/jujuy\/wp-content\/uploads\/2022\/08\/DSC_2796-720x480.jpg\" alt=\"\" data-id=\"348208\" data-full-url=\"https:\/\/notinor.com\/jujuy\/wp-content\/uploads\/2022\/08\/DSC_2796.jpg\" data-link=\"https:\/\/notinor.com\/jujuy\/?attachment_id=348208\" class=\"wp-image-348208\" srcset=\"https:\/\/notinor.com\/jujuy\/wp-content\/uploads\/2022\/08\/DSC_2796-720x480.jpg 720w, https:\/\/notinor.com\/jujuy\/wp-content\/uploads\/2022\/08\/DSC_2796-548x365.jpg 548w, https:\/\/notinor.com\/jujuy\/wp-content\/uploads\/2022\/08\/DSC_2796-768x512.jpg 768w, https:\/\/notinor.com\/jujuy\/wp-content\/uploads\/2022\/08\/DSC_2796-1536x1024.jpg 1536w, https:\/\/notinor.com\/jujuy\/wp-content\/uploads\/2022\/08\/DSC_2796-2048x1365.jpg 2048w, https:\/\/notinor.com\/jujuy\/wp-content\/uploads\/2022\/08\/DSC_2796-750x500.jpg 750w, https:\/\/notinor.com\/jujuy\/wp-content\/uploads\/2022\/08\/DSC_2796-1140x760.jpg 1140w\" sizes=\"(max-width: 720px) 100vw, 720px\" \/><\/figure><\/li><\/ul><\/figure>\n\n\n\n<p>En ese sentido la <strong>presidenta Comisi\u00f3n, Valeria G\u00f3mez <\/strong>precis\u00f3 que la semana pr\u00f3xima avanzaran con la visita a la Empresa Ecoaxi\u00f3n, que realiza el reciclado de aceite usados de hogar, ya que recientemente los diputados de la comisi\u00f3n visitaron los puntos blancos del barrio Bicentenario de la ciudad Capital, <strong>\"donde se recolecta el aceite vegetal de los hogares para convertirlo en aceite industrial. Asimismo el plan incluye una visita de manera conjunta con la ministra de Ambiente y Cambio Clim\u00e1tico de la provincia, Mar\u00eda In\u00e9s Zigar\u00e1n a la ciudad de San Pedro de Jujuy\"<\/strong>, inform\u00f3.<\/p>\n\n\n\n<p>Igualmente, est\u00e1 proyectada una charla informativa en el Sal\u00f3n Marcos Paz con todo el equipo t\u00e9cnico y la ministra <a href=\"https:\/\/notinor.com\/jujuy\/ministra-zigaran-mantuvo-un-encuentro-con-legisladores\/\">Mar\u00eda In\u00e9s Zigar\u00e1n<\/a>,<strong> \"donde el objetivo es que nos brinden un informe detallado de lo que se est\u00e1 trabajando dentro del ministerio y las leyes que se est\u00e1n aplicando en nuestra provincia\"<\/strong>, coment\u00f3.<\/p>\n\n\n\n<p>En otro orden de temas, G\u00f3mez agreg\u00f3 que esa agenda de trabajo incluye pedidos informe <strong>\"respecto de diferentes proyectos que vamos a trabajar en el mes de septiembre, entre ellos el reciclado de pilas, al barrio Bicentenario, de la flora y fauna silvestre, la declaraci\u00f3n de inter\u00e9s a algunos lugares de nuestra provincia. Entonces, con los diputados hemos decidido que de manera conjunta con el Ministerio de Ambiente podamos dar conclusi\u00f3n con estos temas\",<\/strong> consign\u00f3.<\/p>\n\n\n\n<p>Por \u00faltimo,&nbsp;&nbsp;la legisladora remarc\u00f3 que el objetivo general de esta agenda es trabajar de manera conjunta,<strong> \"que acerquen a la legislatura los especialista de los temas, las leyes y proyectos para que podamos llegar a un consenso y brindemos una respuesta favorable a nuestra poblaci\u00f3n\"<\/strong>.&nbsp;&nbsp;&nbsp;<\/p>\n","protected":false},"excerpt":{"rendered":"<p>La Comisi\u00f3n de Ambiente desarroll\u00f3 su reuni\u00f3n ordinaria y diagram\u00f3 agenda para el inicio del segundo semestre,&nbsp;&nbsp;que incluye visitas a distintos sectores del \u00e1rea privada y p\u00fablica de la provincia, adem\u00e1s de continuar con&nbsp;&nbsp;entrevistas a profesionales y especialistas de distintas \u00e1reas con el fin de enriquecer los proyectos de ley que tienen en estudio. En [&hellip;]<\/p>\n","protected":false},"author":52,"featured_media":348208,"comment_status":"open","ping_status":"open","sticky":false,"template":"","format":"standard","meta":{"_stopmodifiedupdate":false,"_modified_date":"","inline_featured_image":false,"spay_email":"","jetpack_publicize_message":""},"categories":[490,514],"tags":[1451],"jetpack_featured_media_url":"https:\/\/notinor.com\/jujuy\/wp-content\/uploads\/2022\/08\/DSC_2796.jpg","jetpack_publicize_connections":[],"_links":{"self":[{"href":"https:\/\/notinor.com\/jujuy\/wp-json\/wp\/v2\/posts\/348202"}],"collection":[{"href":"https:\/\/notinor.com\/jujuy\/wp-json\/wp\/v2\/posts"}],"about":[{"href":"https:\/\/notinor.com\/jujuy\/wp-json\/wp\/v2\/types\/post"}],"author":[{"embeddable":true,"href":"https:\/\/notinor.com\/jujuy\/wp-json\/wp\/v2\/users\/52"}],"replies":[{"embeddable":true,"href":"https:\/\/notinor.com\/jujuy\/wp-json\/wp\/v2\/comments?post=348202"}],"version-history":[{"count":2,"href":"https:\/\/notinor.com\/jujuy\/wp-json\/wp\/v2\/posts\/348202\/revisions"}],"predecessor-version":[{"id":348236,"href":"https:\/\/notinor.com\/jujuy\/wp-json\/wp\/v2\/posts\/348202\/revisions\/348236"}],"wp:featuredmedia":[{"embeddable":true,"href":"https:\/\/notinor.com\/jujuy\/wp-json\/wp\/v2\/media\/348208"}],"wp:attachment":[{"href":"https:\/\/notinor.com\/jujuy\/wp-json\/wp\/v2\/media?parent=348202"}],"wp:term":[{"taxonomy":"category","embeddable":true,"href":"https:\/\/notinor.com\/jujuy\/wp-json\/wp\/v2\/categories?post=348202"},{"taxonomy":"post_tag","embeddable":true,"href":"https:\/\/notinor.com\/jujuy\/wp-json\/wp\/v2\/tags?post=348202"}],"curies":[{"name":"wp","href":"https:\/\/api.w.org\/{rel}","templated":true}]}}