{"id":348195,"date":"2022-08-04T08:05:48","date_gmt":"2022-08-04T11:05:48","guid":{"rendered":"https:\/\/notinor.com\/jujuy\/?p=348195"},"modified":"2022-08-04T12:16:40","modified_gmt":"2022-08-04T15:16:40","slug":"apaza-claudia","status":"publish","type":"post","link":"https:\/\/notinor.com\/jujuy\/apaza-claudia\/","title":{"rendered":"APAZA, Claudia"},"content":{"rendered":"\n<p><strong>Falleci\u00f3 el d\u00eda 02 de agosto de 2022, a hs. 10:10. C.A.S.R. y B.P., a la edad de 87 a\u00f1os. Su esposo: Tomas Arrueta; sus hijos: Alfredo Jos\u00e9 y Antonio Arrueta; sus nietos: Victoria y Delfina; sus sobrinos y dem\u00e1s familiares participan con profundo dolor su fallecimiento y comunican que el sepelio de sus restos se efectu\u00f3 ayer 03 de agosto en el cementerio parque El Solar. FAE. Servicio empresa La Piedad SA. Salta 727 S.S. de Jujuy. Tel. 0388-4222487. L\u00ednea gratuita 0800-444-5274.<\/strong><\/p>\n","protected":false},"excerpt":{"rendered":"<p>Falleci\u00f3 el d\u00eda 02 de agosto de 2022, a hs. 10:10. C.A.S.R. y B.P., a la edad de 87 a\u00f1os. Su esposo: Tomas Arrueta; sus hijos: Alfredo Jos\u00e9 y Antonio Arrueta; sus nietos: Victoria y Delfina; sus sobrinos y dem\u00e1s familiares participan con profundo dolor su fallecimiento y comunican que el sepelio de sus restos [&hellip;]<\/p>\n","protected":false},"author":5,"featured_media":129720,"comment_status":"open","ping_status":"open","sticky":false,"template":"","format":"standard","meta":{"_stopmodifiedupdate":false,"_modified_date":"","inline_featured_image":false,"spay_email":"","jetpack_publicize_message":""},"categories":[523],"tags":[],"jetpack_featured_media_url":"https:\/\/notinor.com\/jujuy\/wp-content\/uploads\/2017\/08\/Obituarios1.jpg","jetpack_publicize_connections":[],"_links":{"self":[{"href":"https:\/\/notinor.com\/jujuy\/wp-json\/wp\/v2\/posts\/348195"}],"collection":[{"href":"https:\/\/notinor.com\/jujuy\/wp-json\/wp\/v2\/posts"}],"about":[{"href":"https:\/\/notinor.com\/jujuy\/wp-json\/wp\/v2\/types\/post"}],"author":[{"embeddable":true,"href":"https:\/\/notinor.com\/jujuy\/wp-json\/wp\/v2\/users\/5"}],"replies":[{"embeddable":true,"href":"https:\/\/notinor.com\/jujuy\/wp-json\/wp\/v2\/comments?post=348195"}],"version-history":[{"count":1,"href":"https:\/\/notinor.com\/jujuy\/wp-json\/wp\/v2\/posts\/348195\/revisions"}],"predecessor-version":[{"id":348205,"href":"https:\/\/notinor.com\/jujuy\/wp-json\/wp\/v2\/posts\/348195\/revisions\/348205"}],"wp:featuredmedia":[{"embeddable":true,"href":"https:\/\/notinor.com\/jujuy\/wp-json\/wp\/v2\/media\/129720"}],"wp:attachment":[{"href":"https:\/\/notinor.com\/jujuy\/wp-json\/wp\/v2\/media?parent=348195"}],"wp:term":[{"taxonomy":"category","embeddable":true,"href":"https:\/\/notinor.com\/jujuy\/wp-json\/wp\/v2\/categories?post=348195"},{"taxonomy":"post_tag","embeddable":true,"href":"https:\/\/notinor.com\/jujuy\/wp-json\/wp\/v2\/tags?post=348195"}],"curies":[{"name":"wp","href":"https:\/\/api.w.org\/{rel}","templated":true}]}}