{"id":348159,"date":"2022-06-22T10:45:00","date_gmt":"2022-06-22T13:45:00","guid":{"rendered":"https:\/\/notinor.com\/jujuy\/?p=348159"},"modified":"2022-06-22T10:45:00","modified_gmt":"2022-06-22T10:45:00","slug":"ejesa-suspende-las-tareas-de-mantenimiento-y-mejora-en-redes-electricas-previstas-para-este-jueves","status":"publish","type":"post","link":"https:\/\/notinor.com\/jujuy\/ejesa-suspende-las-tareas-de-mantenimiento-y-mejora-en-redes-electricas-previstas-para-este-jueves\/","title":{"rendered":"EJESA suspende las tareas de mantenimiento y mejora en redes electricas previstas para este jueves"},"content":{"rendered":"\n<p>Informamos que las tareas de\u00a0<strong>mantenimiento y mejora\u00a0<\/strong>en nuestras Redes El\u00e9ctricas a ser efectuada\u00a0<strong>MA\u00d1ANA,\u00a0Jueves 23\/06\/2022 en\u00a0<\/strong>:\u00a0<strong>Las Capillas, Las Escaleras y zonas aleda\u00f1as.<\/strong><\/p>\n\n\n\n<div class=\"wp-block-image\"><figure class=\"aligncenter size-large is-resized\"><img decoding=\"async\" loading=\"lazy\" src=\"https:\/\/notinor.com\/jujuy\/wp-content\/uploads\/2022\/07\/CORTES-DE-LUZ-840x473.jpg\" alt=\"\" class=\"wp-image-344432\" width=\"604\" height=\"339\" srcset=\"https:\/\/notinor.com\/jujuy\/wp-content\/uploads\/2022\/07\/CORTES-DE-LUZ-840x473.jpg 840w, https:\/\/notinor.com\/jujuy\/wp-content\/uploads\/2022\/07\/CORTES-DE-LUZ-649x365.jpg 649w, https:\/\/notinor.com\/jujuy\/wp-content\/uploads\/2022\/07\/CORTES-DE-LUZ-500x280.jpg 500w, https:\/\/notinor.com\/jujuy\/wp-content\/uploads\/2022\/07\/CORTES-DE-LUZ-768x432.jpg 768w, https:\/\/notinor.com\/jujuy\/wp-content\/uploads\/2022\/07\/CORTES-DE-LUZ-750x422.jpg 750w, https:\/\/notinor.com\/jujuy\/wp-content\/uploads\/2022\/07\/CORTES-DE-LUZ-1140x641.jpg 1140w, https:\/\/notinor.com\/jujuy\/wp-content\/uploads\/2022\/07\/CORTES-DE-LUZ.jpg 1200w\" sizes=\"(max-width: 604px) 100vw, 604px\" \/><\/figure><\/div>\n\n\n\n<p><strong>fueron SUSPENDIDAS hasta nuevo aviso.<\/strong><\/p>\n\n\n\n<p>Localidad:<strong>&nbsp;PALPALA<\/strong><\/p>\n\n\n\n<p>D\u00eda:<strong>&nbsp;Jueves 23-06-2022<\/strong><\/p>\n\n\n\n<p>Hora:<strong>&nbsp;09:00 a 14:00 Hs. aprox.<\/strong><\/p>\n\n\n\n<p>Zonas:&nbsp;<strong>Las Capillas, Las Escaleras y zonas aleda\u00f1as.<\/strong><\/p>\n\n\n\n<p>Para mayor informaci\u00f3n, comunicarse con nuestro Centro de<\/p>\n\n\n\n<p>Por consultas y\/o requerimientos te recordamos nuestros canales de contacto disponibles las 24hs.:<\/p>\n\n\n\n<p><img decoding=\"async\" loading=\"lazy\" width=\"16\" height=\"16\" src=\"https:\/\/mail.google.com\/mail\/u\/0?ui=2&amp;ik=c387a91591&amp;attid=0.1&amp;permmsgid=msg-f:1736354981949316058&amp;th=1818c5a80f119bda&amp;view=fimg&amp;fur=ip&amp;sz=s0-l75-ft&amp;attbid=ANGjdJ-CdfqvIS48et-85aqovlA4XkMRmzrxry-07hMcv6uOjUawQAhUpxs_bPIUhULqae-oyEg29gLYleZxgVyq2ho8TPzjdV_Qy2yoRy21baLmhU6mXNy_IxMSc6s&amp;disp=emb\">Nuestra Web&nbsp;<a href=\"https:\/\/www.ejesa.com.ar\/?fbclid=IwAR14rGgcVsKFtRmA2NmOFOPT8Zh7bN3g9FbnACLbH6gDSZ1s2OvPXPuyvMI\" target=\"_blank\" rel=\"noreferrer noopener\"><strong>https:\/\/www.ejesa.com.ar<\/strong><\/a><strong>&nbsp; &gt;&nbsp;&nbsp;<\/strong><a href=\"https:\/\/www.ejesa.com.ar\/gestion\/pwa\/tareasprogramadas\/cortes-de-luz\" target=\"_blank\" rel=\"noreferrer noopener\"><strong><\/strong><\/a><strong>Tareas Programadas<\/strong><\/p>\n\n\n\n<p><img decoding=\"async\" loading=\"lazy\" width=\"16\" height=\"16\" src=\"https:\/\/mail.google.com\/mail\/u\/0?ui=2&amp;ik=c387a91591&amp;attid=0.1&amp;permmsgid=msg-f:1736354981949316058&amp;th=1818c5a80f119bda&amp;view=fimg&amp;fur=ip&amp;sz=s0-l75-ft&amp;attbid=ANGjdJ_klbDj07HQt3G_BIiWvTIm0itSPnQwORx2aog2IO7FAdcmz_TVR_NTEk6YLEO1VDsBr95DB4Ah0z4T2Dsy-8sagQt1aARoktumkyon_Y7vVhVHRPx19MUCc6k&amp;disp=emb\">VOLT, nuestro Asistente virtual<\/p>\n\n\n\n<p><img decoding=\"async\" loading=\"lazy\" width=\"16\" height=\"16\" src=\"https:\/\/mail.google.com\/mail\/u\/0?ui=2&amp;ik=c387a91591&amp;attid=0.1&amp;permmsgid=msg-f:1736354981949316058&amp;th=1818c5a80f119bda&amp;view=fimg&amp;fur=ip&amp;sz=s0-l75-ft&amp;attbid=ANGjdJ8-ZkW9Z6vSIH_Gp2Xrqi8WPtsmtiFpwDJtn_e2lMX0kqzrh4_ahtVoZnVpc-bJXHJMtPrvHFzae-1i-6G1pMjIFuRMWPJvbwCJ7vpM2V1dtt3XGqDYMhdEzOs&amp;disp=emb\">WhatsApp&nbsp;<strong>3884613738&nbsp;<\/strong><a href=\"https:\/\/wa.me\/543884613738?fbclid=IwAR30VgYAEKWAQcLcxjdHjF5jGp891rlLdKEEpF_y3CJrpxc_nkfd01quSIs\" target=\"_blank\" rel=\"noreferrer noopener\"><strong>https:\/\/wa.me\/543884613738<\/strong><\/a><\/p>\n","protected":false},"excerpt":{"rendered":"<p>Informamos que las tareas de\u00a0mantenimiento y mejora\u00a0en nuestras Redes El\u00e9ctricas a ser efectuada\u00a0MA\u00d1ANA,\u00a0Jueves 23\/06\/2022 en\u00a0:\u00a0Las Capillas, Las Escaleras y zonas aleda\u00f1as. fueron SUSPENDIDAS hasta nuevo aviso. Localidad:&nbsp;PALPALA D\u00eda:&nbsp;Jueves 23-06-2022 Hora:&nbsp;09:00 a 14:00 Hs. aprox. Zonas:&nbsp;Las Capillas, Las Escaleras y zonas aleda\u00f1as. Para mayor informaci\u00f3n, comunicarse con nuestro Centro de Por consultas y\/o requerimientos te recordamos [&hellip;]<\/p>\n","protected":false},"author":5,"featured_media":344432,"comment_status":"open","ping_status":"open","sticky":false,"template":"","format":"standard","meta":{"_stopmodifiedupdate":false,"_modified_date":"","inline_featured_image":false,"spay_email":"","jetpack_publicize_message":""},"categories":[4],"tags":[],"jetpack_featured_media_url":"https:\/\/notinor.com\/jujuy\/wp-content\/uploads\/2022\/07\/CORTES-DE-LUZ.jpg","jetpack_publicize_connections":[],"_links":{"self":[{"href":"https:\/\/notinor.com\/jujuy\/wp-json\/wp\/v2\/posts\/348159"}],"collection":[{"href":"https:\/\/notinor.com\/jujuy\/wp-json\/wp\/v2\/posts"}],"about":[{"href":"https:\/\/notinor.com\/jujuy\/wp-json\/wp\/v2\/types\/post"}],"author":[{"embeddable":true,"href":"https:\/\/notinor.com\/jujuy\/wp-json\/wp\/v2\/users\/5"}],"replies":[{"embeddable":true,"href":"https:\/\/notinor.com\/jujuy\/wp-json\/wp\/v2\/comments?post=348159"}],"version-history":[{"count":1,"href":"https:\/\/notinor.com\/jujuy\/wp-json\/wp\/v2\/posts\/348159\/revisions"}],"predecessor-version":[{"id":348165,"href":"https:\/\/notinor.com\/jujuy\/wp-json\/wp\/v2\/posts\/348159\/revisions\/348165"}],"wp:featuredmedia":[{"embeddable":true,"href":"https:\/\/notinor.com\/jujuy\/wp-json\/wp\/v2\/media\/344432"}],"wp:attachment":[{"href":"https:\/\/notinor.com\/jujuy\/wp-json\/wp\/v2\/media?parent=348159"}],"wp:term":[{"taxonomy":"category","embeddable":true,"href":"https:\/\/notinor.com\/jujuy\/wp-json\/wp\/v2\/categories?post=348159"},{"taxonomy":"post_tag","embeddable":true,"href":"https:\/\/notinor.com\/jujuy\/wp-json\/wp\/v2\/tags?post=348159"}],"curies":[{"name":"wp","href":"https:\/\/api.w.org\/{rel}","templated":true}]}}