{"id":348019,"date":"2022-08-03T23:55:30","date_gmt":"2022-08-04T02:55:30","guid":{"rendered":"https:\/\/notinor.com\/jujuy\/?p=348019"},"modified":"2022-08-03T23:55:35","modified_gmt":"2022-08-04T02:55:35","slug":"segundo-modulo-del-proceso-formativo-bovino-2022-en-el-carmen","status":"publish","type":"post","link":"https:\/\/notinor.com\/jujuy\/segundo-modulo-del-proceso-formativo-bovino-2022-en-el-carmen\/","title":{"rendered":"Segundo M\u00f3dulo del Proceso Formativo Bovino 2022 en El Carmen"},"content":{"rendered":"\n<p>La  Direcci\u00f3n de la Producci\u00f3n del Municipio de la ciudad de El Carmen invita a Productores Ganaderos de la zona al Segundo M\u00f3dulo del Proceso Formativo Bovino 2022 el pr\u00f3ximo jueves 4 de agosto, desde horas 18 en el sal\u00f3n de conferencias de la Municipalidad de El Carmen, Tema: Engorde.<\/p>\n\n\n\n<div class=\"wp-block-image\"><figure class=\"aligncenter size-large\"><img decoding=\"async\" loading=\"lazy\" width=\"464\" height=\"480\" src=\"https:\/\/notinor.com\/jujuy\/wp-content\/uploads\/2022\/08\/IMG-20220803-WA0046-464x480.jpg\" alt=\"\" class=\"wp-image-348020\" srcset=\"https:\/\/notinor.com\/jujuy\/wp-content\/uploads\/2022\/08\/IMG-20220803-WA0046-464x480.jpg 464w, https:\/\/notinor.com\/jujuy\/wp-content\/uploads\/2022\/08\/IMG-20220803-WA0046-353x365.jpg 353w, https:\/\/notinor.com\/jujuy\/wp-content\/uploads\/2022\/08\/IMG-20220803-WA0046.jpg 480w\" sizes=\"(max-width: 464px) 100vw, 464px\" \/><\/figure><\/div>\n","protected":false},"excerpt":{"rendered":"<p>La Direcci\u00f3n de la Producci\u00f3n del Municipio de la ciudad de El Carmen invita a Productores Ganaderos de la zona al Segundo M\u00f3dulo del Proceso Formativo Bovino 2022 el pr\u00f3ximo jueves 4 de agosto, desde horas 18 en el sal\u00f3n de conferencias de la Municipalidad de El Carmen, Tema: Engorde.<\/p>\n","protected":false},"author":49,"featured_media":348020,"comment_status":"open","ping_status":"open","sticky":false,"template":"","format":"standard","meta":{"_stopmodifiedupdate":false,"_modified_date":"","inline_featured_image":false,"spay_email":"","jetpack_publicize_message":""},"categories":[4],"tags":[],"jetpack_featured_media_url":"https:\/\/notinor.com\/jujuy\/wp-content\/uploads\/2022\/08\/IMG-20220803-WA0046.jpg","jetpack_publicize_connections":[],"_links":{"self":[{"href":"https:\/\/notinor.com\/jujuy\/wp-json\/wp\/v2\/posts\/348019"}],"collection":[{"href":"https:\/\/notinor.com\/jujuy\/wp-json\/wp\/v2\/posts"}],"about":[{"href":"https:\/\/notinor.com\/jujuy\/wp-json\/wp\/v2\/types\/post"}],"author":[{"embeddable":true,"href":"https:\/\/notinor.com\/jujuy\/wp-json\/wp\/v2\/users\/49"}],"replies":[{"embeddable":true,"href":"https:\/\/notinor.com\/jujuy\/wp-json\/wp\/v2\/comments?post=348019"}],"version-history":[{"count":1,"href":"https:\/\/notinor.com\/jujuy\/wp-json\/wp\/v2\/posts\/348019\/revisions"}],"predecessor-version":[{"id":348021,"href":"https:\/\/notinor.com\/jujuy\/wp-json\/wp\/v2\/posts\/348019\/revisions\/348021"}],"wp:featuredmedia":[{"embeddable":true,"href":"https:\/\/notinor.com\/jujuy\/wp-json\/wp\/v2\/media\/348020"}],"wp:attachment":[{"href":"https:\/\/notinor.com\/jujuy\/wp-json\/wp\/v2\/media?parent=348019"}],"wp:term":[{"taxonomy":"category","embeddable":true,"href":"https:\/\/notinor.com\/jujuy\/wp-json\/wp\/v2\/categories?post=348019"},{"taxonomy":"post_tag","embeddable":true,"href":"https:\/\/notinor.com\/jujuy\/wp-json\/wp\/v2\/tags?post=348019"}],"curies":[{"name":"wp","href":"https:\/\/api.w.org\/{rel}","templated":true}]}}