{"id":348010,"date":"2022-08-03T22:02:33","date_gmt":"2022-08-04T01:02:33","guid":{"rendered":"https:\/\/notinor.com\/jujuy\/?p=348010"},"modified":"2022-08-03T22:02:37","modified_gmt":"2022-08-04T01:02:37","slug":"nuevo-equipamiento-odontologico-e-informatico-del-programa-sumar-para-la-municipalidad","status":"publish","type":"post","link":"https:\/\/notinor.com\/jujuy\/nuevo-equipamiento-odontologico-e-informatico-del-programa-sumar-para-la-municipalidad\/","title":{"rendered":"Nuevo equipamiento odontol\u00f3gico e inform\u00e1tico del programa \u201cSumar\u201d para la Municipalidad"},"content":{"rendered":"\n<p class=\"has-medium-font-size\"><strong><em>A trav\u00e9s de la gesti\u00f3n de la Secretar\u00eda de Desarrollo Humano y el programa Sumar del Ministerio de la Naci\u00f3n, se adquirieron elementos para diversas \u00e1reas tendientes a descentralizar los servicios de salud que se ofrecen en distintos sectores de la ciudad.<\/em><\/strong><\/p>\n\n\n\n<div class=\"wp-block-image\"><figure class=\"aligncenter size-large\"><img decoding=\"async\" loading=\"lazy\" width=\"800\" height=\"450\" src=\"https:\/\/notinor.com\/jujuy\/wp-content\/uploads\/2022\/08\/entrega-de-equipamiento-del-progra-sumar.jpg\" alt=\"\" class=\"wp-image-348011\" srcset=\"https:\/\/notinor.com\/jujuy\/wp-content\/uploads\/2022\/08\/entrega-de-equipamiento-del-progra-sumar.jpg 800w, https:\/\/notinor.com\/jujuy\/wp-content\/uploads\/2022\/08\/entrega-de-equipamiento-del-progra-sumar-649x365.jpg 649w, https:\/\/notinor.com\/jujuy\/wp-content\/uploads\/2022\/08\/entrega-de-equipamiento-del-progra-sumar-500x280.jpg 500w, https:\/\/notinor.com\/jujuy\/wp-content\/uploads\/2022\/08\/entrega-de-equipamiento-del-progra-sumar-768x432.jpg 768w, https:\/\/notinor.com\/jujuy\/wp-content\/uploads\/2022\/08\/entrega-de-equipamiento-del-progra-sumar-750x422.jpg 750w\" sizes=\"(max-width: 800px) 100vw, 800px\" \/><\/figure><\/div>\n\n\n\n<p><strong>El intendente <a href=\"https:\/\/notinor.com\/jujuy\/el-intendente-chuli-jorge-recibio-la-visita-de-funcionarios-del-banco-hipotecario\/\" target=\"_blank\" aria-label=\"undefined (abre en una nueva pesta\u00f1a)\" rel=\"noreferrer noopener\">Ra\u00fal \u201cChuli\u201d Jorge<\/a><\/strong> recibi\u00f3 el equipamiento que la Municipalidad de San Salvador de Jujuy, a trav\u00e9s de la gesti\u00f3n de la Secretar\u00eda de Desarrollo Humano y el <strong>programa Sumar del Ministerio de la Naci\u00f3n, <\/strong>adquiri\u00f3 para diversas \u00e1reas tendientes a descentralizar los servicios de salud que se ofrecen en distintos sectores de la ciudad. Entre los elementos se adquirieron: <strong>gazebos, mesas plegables, sillones plegables, balanzas, term\u00f3metros infrarojo, tensi\u00f3metros manuales, ox\u00edmetros de pulso, notebooks, impresoras, monitores, discos r\u00edgidos, Pc de escritorio y luces m\u00f3viles.<\/strong><\/p>\n\n\n\n<p>Al respecto, el Intendente Ra\u00fal, \u201cChuli\u201d Jorge, indic\u00f3 que \u201cse hizo un gran trabajo, fundamentalmente de la <strong>Secretar\u00eda de Desarrollo Humano, <\/strong>pero tambi\u00e9n desde distintas secretar\u00edas de la Municipalidad que colaboraron para conseguir este equipamiento b\u00e1sico que viene a servir a los barrios, en los diversos operativos que realizamos en territorio. <strong>Se mejorar\u00e1 el consultorio ontol\u00f3gico m\u00f3vil equipando nuestro cami\u00f3n de <a href=\"https:\/\/notinor.com\/jujuy\/la-muni-junto-a-vos-brindara-servicios-en-b-exodo-jujeno\/\" target=\"_blank\" aria-label=\"undefined (abre en una nueva pesta\u00f1a)\" rel=\"noreferrer noopener\">\u201cLa Muni Junto a vos\u201d<\/a><\/strong> que permanentemente se encuentra visitando diferentes puntos de la ciudad, adem\u00e1s del equipamiento inform\u00e1tico tan importante y \u00fatil, que va a permitir fortalecer los servicios hacia la comunidad\u201d.<\/p>\n\n\n\n<p>Por su parte, el secretario de Desarrollo Humano, Rodrigo Altea, explic\u00f3: <strong>\u201cestamos muy contentos, aprovechando este financiamiento del que se vale la Municipalidad de San Salvador de Jujuy para fortalecer las distintas \u00e1reas,<\/strong> sobre todo aquellas tendientes a la descentralizaci\u00f3n y poder acudir a los barrios con atenci\u00f3n, prevenci\u00f3n y promoci\u00f3n de derechos de h\u00e1bitos de salud; y para que los equipos profesionales y los vecinos puedan disfrutar una mejora en la atenci\u00f3n por parte del Municipio.\u201d<\/p>\n\n\n\n<p>Finalmente, la subsecretaria de Desarrollo Humano, Daniela Amerise, detall\u00f3: <strong>\u201cnos encontramos haciendo entrega, a trav\u00e9s del programa Sumar, de dos equipamientos para el \u00e1rea de odontolog\u00eda, uno ser\u00e1 parte del m\u00f3vil que forma parte del programa \u2018La Muni Junto a vos\u2019, mientras que otro equipamiento m\u00f3vil ser\u00e1 destinado a los centros de asistencia descentralizados que posee el Municipio como CAP, comedores, etc. <\/strong>Y poder hacer odontolog\u00eda in situ. Esto nos acerca con una presencia muy importante del Municipio a los barrios, para poder dar una soluci\u00f3n a los vecinos\u201d.<\/p>\n","protected":false},"excerpt":{"rendered":"<p>A trav\u00e9s de la gesti\u00f3n de la Secretar\u00eda de Desarrollo Humano y el programa Sumar del Ministerio de la Naci\u00f3n, se adquirieron elementos para diversas \u00e1reas tendientes a descentralizar los servicios de salud que se ofrecen en distintos sectores de la ciudad. El intendente Ra\u00fal \u201cChuli\u201d Jorge recibi\u00f3 el equipamiento que la Municipalidad de San [&hellip;]<\/p>\n","protected":false},"author":49,"featured_media":348011,"comment_status":"open","ping_status":"open","sticky":false,"template":"","format":"standard","meta":{"_stopmodifiedupdate":false,"_modified_date":"","inline_featured_image":false,"spay_email":"","jetpack_publicize_message":""},"categories":[514],"tags":[],"jetpack_featured_media_url":"https:\/\/notinor.com\/jujuy\/wp-content\/uploads\/2022\/08\/entrega-de-equipamiento-del-progra-sumar.jpg","jetpack_publicize_connections":[],"_links":{"self":[{"href":"https:\/\/notinor.com\/jujuy\/wp-json\/wp\/v2\/posts\/348010"}],"collection":[{"href":"https:\/\/notinor.com\/jujuy\/wp-json\/wp\/v2\/posts"}],"about":[{"href":"https:\/\/notinor.com\/jujuy\/wp-json\/wp\/v2\/types\/post"}],"author":[{"embeddable":true,"href":"https:\/\/notinor.com\/jujuy\/wp-json\/wp\/v2\/users\/49"}],"replies":[{"embeddable":true,"href":"https:\/\/notinor.com\/jujuy\/wp-json\/wp\/v2\/comments?post=348010"}],"version-history":[{"count":1,"href":"https:\/\/notinor.com\/jujuy\/wp-json\/wp\/v2\/posts\/348010\/revisions"}],"predecessor-version":[{"id":348012,"href":"https:\/\/notinor.com\/jujuy\/wp-json\/wp\/v2\/posts\/348010\/revisions\/348012"}],"wp:featuredmedia":[{"embeddable":true,"href":"https:\/\/notinor.com\/jujuy\/wp-json\/wp\/v2\/media\/348011"}],"wp:attachment":[{"href":"https:\/\/notinor.com\/jujuy\/wp-json\/wp\/v2\/media?parent=348010"}],"wp:term":[{"taxonomy":"category","embeddable":true,"href":"https:\/\/notinor.com\/jujuy\/wp-json\/wp\/v2\/categories?post=348010"},{"taxonomy":"post_tag","embeddable":true,"href":"https:\/\/notinor.com\/jujuy\/wp-json\/wp\/v2\/tags?post=348010"}],"curies":[{"name":"wp","href":"https:\/\/api.w.org\/{rel}","templated":true}]}}