{"id":347999,"date":"2022-08-03T20:41:58","date_gmt":"2022-08-03T23:41:58","guid":{"rendered":"https:\/\/notinor.com\/jujuy\/?p=347999"},"modified":"2022-08-03T20:42:03","modified_gmt":"2022-08-03T23:42:03","slug":"cuales-seran-las-primeras-medidas-de-sergio-massa-en-el-marco-de-su-programa-economico","status":"publish","type":"post","link":"https:\/\/notinor.com\/jujuy\/cuales-seran-las-primeras-medidas-de-sergio-massa-en-el-marco-de-su-programa-economico\/","title":{"rendered":"Cu\u00e1les ser\u00e1n las primeras medidas de Sergio Massa en el marco de su programa econ\u00f3mico"},"content":{"rendered":"\n<p class=\"has-medium-font-size\"><strong><em>El equipo del nuevo ministro asegur\u00f3 que su programa tendr\u00e1 cuatro frentes: orden fiscal, super\u00e1vit comercial, fortalecimiento de reservas y desarrollo con inclusi\u00f3n.<\/em><\/strong><\/p>\n\n\n\n<div class=\"wp-block-image\"><figure class=\"aligncenter size-large\"><img decoding=\"async\" loading=\"lazy\" width=\"800\" height=\"450\" src=\"https:\/\/notinor.com\/jujuy\/wp-content\/uploads\/2022\/08\/sergio-massa-4.jpg\" alt=\"\" class=\"wp-image-348002\" srcset=\"https:\/\/notinor.com\/jujuy\/wp-content\/uploads\/2022\/08\/sergio-massa-4.jpg 800w, https:\/\/notinor.com\/jujuy\/wp-content\/uploads\/2022\/08\/sergio-massa-4-649x365.jpg 649w, https:\/\/notinor.com\/jujuy\/wp-content\/uploads\/2022\/08\/sergio-massa-4-500x280.jpg 500w, https:\/\/notinor.com\/jujuy\/wp-content\/uploads\/2022\/08\/sergio-massa-4-768x432.jpg 768w, https:\/\/notinor.com\/jujuy\/wp-content\/uploads\/2022\/08\/sergio-massa-4-750x422.jpg 750w\" sizes=\"(max-width: 800px) 100vw, 800px\" \/><\/figure><\/div>\n\n\n\n<p><strong>Sergio Massa<\/strong> se convirti\u00f3 hoy en <strong>ministro de Econom\u00eda, Producci\u00f3n y Agricultura,<\/strong> luego de que el presidente Alberto Fern\u00e1ndez le tom\u00f3 juramento en el Museo del Bicentenario.<\/p>\n\n\n\n<p>En una conferencia de prensa posterior, el flamante ministro <strong>dio a conocer una bater\u00eda de medidas<\/strong> con las que quedar\u00e1 signado el comienzo de su gesti\u00f3n.<\/p>\n\n\n\n<p>El equipo de Massa, que hoy <strong>mantuvo una primera reuni\u00f3n de trabajo con el FMI,<\/strong> escribi\u00f3 un documento, en el que se detalla que el nuevo programa econ\u00f3mico tendr\u00e1 <strong>cuatro ejes: orden fiscal, super\u00e1vit comercial, fortalecimiento de reservas y desarrollo con inclusi\u00f3n, con \u201cinversi\u00f3n, producci\u00f3n, exportaciones, y mercado interno\u201d,<\/strong> como motores.<\/p>\n\n\n\n<p class=\"has-medium-font-size\"><strong>Este es el detalle:<\/strong><\/p>\n\n\n\n<p class=\"has-medium-font-size\"><strong>Orden fiscal<\/strong><\/p>\n\n\n\n<p>- Se cumplir\u00e1 la meta del <strong>2,5 de d\u00e9ficit<\/strong> establecida por el presupuesto.<\/p>\n\n\n\n<p>\u00b7- No se utilizar\u00e1n <strong>Adelantos del Tesoro<\/strong> por lo que resta del a\u00f1o.<\/p>\n\n\n\n<p>- Rige el <strong>congelamiento de la planta del estado<\/strong> para todos los sectores de la administraci\u00f3n p\u00fablica nacional centralizada.<\/p>\n\n\n\n<p>- Con respecto a <strong>subsidios:<\/strong> 4 millones de hogares argentinos renunciaron a usar los subsidios. Entre los casi 10 millones de hogares que s\u00ed pidieron el subsidio vamos a promover el ahorro de consumo. <strong>\u201cNo podemos seguir con un esquema en el que quien m\u00e1s gasta m\u00e1s <a href=\"https:\/\/notinor.com\/jujuy\/subsidios-a-la-luz-y-el-gas-habra-tiempo-hasta-el-31-de-julio-para-inscribirse\/\" target=\"_blank\" aria-label=\"undefined (abre en una nueva pesta\u00f1a)\" rel=\"noreferrer noopener\">subsidio<\/a> se lleva\u201d, <\/strong>asegur\u00f3 el equipo de Econom\u00eda.<\/p>\n\n\n\n<p><strong>\u201cVamos a promover el ahorro por consumo\u201d,<\/strong> dijo Massa en la conferencia de prensa, y pidi\u00f3 cuidar los recursos naturales del pa\u00eds.<\/p>\n\n\n\n<p class=\"has-medium-font-size\"><strong>Super\u00e1vit comercial<\/strong><\/p>\n\n\n\n<p><strong>Se promover\u00e1n por DNU reg\u00edmenes para los sectores de agroindustria, miner\u00eda, hidrocarburos<\/strong> por aumento de producci\u00f3n y de econom\u00eda del conocimiento. <strong>\u201cVamos a denunciar en la justicia argentina y la unidad antilavado de Estados Unidos casos de subfacturaci\u00f3n de exportaciones y sobrefacturaci\u00f3n de importaciones.<\/strong> Lanzaremos un programa de cr\u00e9dito a tasas promocionales, y un esquema de garant\u00edas para primeros exportadores. Queremos vender m\u00e1s trabajo argentino al mundo, afirm\u00f3 el massismo.<\/p>\n\n\n\n<p>\u201cVamos a controlar abusos en importaciones con mecanismo de triangulaci\u00f3n. <strong>Se apropiaron de los d\u00f3lares de las pymes y los usuarios para otros fines importantes\u201d,<\/strong> dijo el ministro.<\/p>\n\n\n\n<p>Adem\u00e1s, se promete poner en marcha un <strong>sistema de trazabilidad de comercio exterio<\/strong>r para mayor control y transparencia en el uso de divisas para importaciones.<\/p>\n\n\n\n<p class=\"has-medium-font-size\"><strong>Fortalecimiento de las reservas<\/strong><\/p>\n\n\n\n<p>- <strong>Adelanto de exportaciones,<\/strong> con las cadenas de valor de la pesca, del agro, de la miner\u00eda y otros, que ingresar\u00e1n en los pr\u00f3ximos 60 d\u00edas por un total de 5.000 millones de d\u00f3lares, que pasar\u00e1n a engrosar las reservas del <strong>BCRA.<\/strong><\/p>\n\n\n\n<p><strong>- Desembolso por 1.200 millones de d\u00f3lares con organismos internacionales por programas vigentes.<\/strong> Nuevo programa con la CAF con un desembolso por 750 millones de d\u00f3lares adicionales.<\/p>\n\n\n\n<div class=\"wp-block-image\"><figure class=\"aligncenter size-large\"><img decoding=\"async\" loading=\"lazy\" width=\"800\" height=\"450\" src=\"https:\/\/notinor.com\/jujuy\/wp-content\/uploads\/2022\/08\/sergio-massa-3.jpg\" alt=\"\" class=\"wp-image-348001\" srcset=\"https:\/\/notinor.com\/jujuy\/wp-content\/uploads\/2022\/08\/sergio-massa-3.jpg 800w, https:\/\/notinor.com\/jujuy\/wp-content\/uploads\/2022\/08\/sergio-massa-3-649x365.jpg 649w, https:\/\/notinor.com\/jujuy\/wp-content\/uploads\/2022\/08\/sergio-massa-3-500x280.jpg 500w, https:\/\/notinor.com\/jujuy\/wp-content\/uploads\/2022\/08\/sergio-massa-3-768x432.jpg 768w, https:\/\/notinor.com\/jujuy\/wp-content\/uploads\/2022\/08\/sergio-massa-3-750x422.jpg 750w\" sizes=\"(max-width: 800px) 100vw, 800px\" \/><\/figure><\/div>\n\n\n\n<p>- 4 ofertas de Repo para fortalecimiento de reservas y recompra de deuda soberana. Tres de instituciones financieras internacionales y un fondo soberano. <strong>Se trata de pr\u00e9stamos con t\u00edtulos p\u00fablicos como garant\u00eda y una tasa de inter\u00e9s contra la recompra.<\/strong><\/p>\n\n\n\n<p>\u201cTuvimos hoy una <strong>primera reuni\u00f3n de trabajo con el FMI<\/strong> para continuar con los desembolsos previstos\u201d, dicen cerca de Massa.<\/p>\n\n\n\n<p class=\"has-medium-font-size\"><strong>Desarrollo e inclusi\u00f3n<\/strong><\/p>\n\n\n\n<p><strong>Jubilaciones:<\/strong> el 10 de agosto vamos a anunciar el<strong> \u00edndice de movilidad jubilatoria<\/strong> con un refuerzo que ayude a los jubilados a superar el da\u00f1o que les produce la inflaci\u00f3n.<\/p>\n\n\n\n<p><strong>Trabajo:<\/strong> se convocar\u00e1 el jueves de la semana que viene a entidades empresarias y de trabajadores a los efectos de asegurar un mecanismo que permita <strong>recuperar ingresos en trabajadores del sector privado,<\/strong> que incluye la mejora de las asignaciones familiares.<\/p>\n\n\n\n<p><strong>Planes:<\/strong> se llevar\u00e1 adelante pol\u00edtica de <strong>reordenamiento de los planes sociales durante los pr\u00f3ximos 12 meses,<\/strong> poniendo foco en 3 ejes: <strong>vuelta al mercado de trabajo, fortalecimiento de cooperativas y protecci\u00f3n en caso de situaciones de vulnerabilidad.<\/strong><\/p>\n\n\n\n<p>El 15 de agosto empieza una auditor\u00eda que realizar\u00e1n las universidades. <strong>Qui\u00e9n no la cumpla, recibir\u00e1 la suspensi\u00f3n del plan.<\/strong> En paralelo, la liquidaci\u00f3n se cruzar\u00e1 con las bases de datos de la <strong>Anses. <\/strong>Nuestra idea de pa\u00eds es que el plan sea la emergencia, y el trabajo lo permanente.<\/p>\n\n\n\n<p><strong>Cr\u00e9dito Argentino:<\/strong> se unificar\u00e1n los programas de cr\u00e9dito en una sola l\u00ednea, que se llama <strong>Cr\u00e9dito Argentino, <\/strong>donde converger\u00e1n todas las pol\u00edticas de promoci\u00f3n del cr\u00e9dito para los sectores productivos, Pymes y comercio, programa por un total de $400 mil millones.<\/p>\n\n\n\n<p class=\"has-medium-font-size\"><strong>Otras medidas<\/strong><\/p>\n\n\n\n<p>- Se licitar\u00e1 el segundo tramo del <strong>gasoducto Nestor Kirchner.<\/strong><\/p>\n\n\n\n<p>- Se pondr\u00e1 en marcha <strong>un programa para formar en los pr\u00f3ximos 12 meses a 70 mil nuevos programadores.<\/strong><\/p>\n\n\n\n<p>- Se lanzar\u00e1 <strong>un canje voluntario para los vencimientos en pesos de los pr\u00f3ximos 90 d\u00edas,<\/strong> que finalizar\u00e1 el martes, para el cual ya tenemos compromisos de adhesi\u00f3n de m\u00e1s del 60%.<\/p>\n\n\n\n<p>- Se har\u00e1n dos convocatorias:<\/p>\n\n\n\n<p>a) Al Congreso, para pedir el r\u00e1pido tratamiento de las <strong>leyes que benefician en t\u00e9rminos impositivos a la Construcci\u00f3n,<\/strong> a la Bio \/ Nanotecnolog\u00eda, a la agroindustria y a la industria automotriz. Porque son grandes generadores de empleo y crecimiento.<\/p>\n\n\n\n<p>b) Y a la <strong>Mesa de Enlace,<\/strong> para sentarnos a trabajar juntos para el desarrollo de ese sector tan potente que integran los productores argentinos.<\/p>\n","protected":false},"excerpt":{"rendered":"<p>El equipo del nuevo ministro asegur\u00f3 que su programa tendr\u00e1 cuatro frentes: orden fiscal, super\u00e1vit comercial, fortalecimiento de reservas y desarrollo con inclusi\u00f3n. Sergio Massa se convirti\u00f3 hoy en ministro de Econom\u00eda, Producci\u00f3n y Agricultura, luego de que el presidente Alberto Fern\u00e1ndez le tom\u00f3 juramento en el Museo del Bicentenario. En una conferencia de prensa [&hellip;]<\/p>\n","protected":false},"author":49,"featured_media":348002,"comment_status":"open","ping_status":"open","sticky":false,"template":"","format":"standard","meta":{"_stopmodifiedupdate":false,"_modified_date":"","inline_featured_image":false,"spay_email":"","jetpack_publicize_message":""},"categories":[2,676],"tags":[],"jetpack_featured_media_url":"https:\/\/notinor.com\/jujuy\/wp-content\/uploads\/2022\/08\/sergio-massa-4.jpg","jetpack_publicize_connections":[],"_links":{"self":[{"href":"https:\/\/notinor.com\/jujuy\/wp-json\/wp\/v2\/posts\/347999"}],"collection":[{"href":"https:\/\/notinor.com\/jujuy\/wp-json\/wp\/v2\/posts"}],"about":[{"href":"https:\/\/notinor.com\/jujuy\/wp-json\/wp\/v2\/types\/post"}],"author":[{"embeddable":true,"href":"https:\/\/notinor.com\/jujuy\/wp-json\/wp\/v2\/users\/49"}],"replies":[{"embeddable":true,"href":"https:\/\/notinor.com\/jujuy\/wp-json\/wp\/v2\/comments?post=347999"}],"version-history":[{"count":1,"href":"https:\/\/notinor.com\/jujuy\/wp-json\/wp\/v2\/posts\/347999\/revisions"}],"predecessor-version":[{"id":348004,"href":"https:\/\/notinor.com\/jujuy\/wp-json\/wp\/v2\/posts\/347999\/revisions\/348004"}],"wp:featuredmedia":[{"embeddable":true,"href":"https:\/\/notinor.com\/jujuy\/wp-json\/wp\/v2\/media\/348002"}],"wp:attachment":[{"href":"https:\/\/notinor.com\/jujuy\/wp-json\/wp\/v2\/media?parent=347999"}],"wp:term":[{"taxonomy":"category","embeddable":true,"href":"https:\/\/notinor.com\/jujuy\/wp-json\/wp\/v2\/categories?post=347999"},{"taxonomy":"post_tag","embeddable":true,"href":"https:\/\/notinor.com\/jujuy\/wp-json\/wp\/v2\/tags?post=347999"}],"curies":[{"name":"wp","href":"https:\/\/api.w.org\/{rel}","templated":true}]}}