{"id":347996,"date":"2022-08-03T20:15:11","date_gmt":"2022-08-03T23:15:11","guid":{"rendered":"https:\/\/notinor.com\/jujuy\/?p=347996"},"modified":"2022-08-03T20:15:16","modified_gmt":"2022-08-03T23:15:16","slug":"se-realizan-trabajos-de-mantenimiento-en-el-parque-xibi-xibi","status":"publish","type":"post","link":"https:\/\/notinor.com\/jujuy\/se-realizan-trabajos-de-mantenimiento-en-el-parque-xibi-xibi\/","title":{"rendered":"Se realizan trabajos de mantenimiento en el Parque Xibi Xibi"},"content":{"rendered":"\n<p class=\"has-medium-font-size\"><strong><em>Las tareas \u2013 que se extender\u00e1n por varios d\u00edas-, forman parte de los preventivos por el arribo de la \u00e9poca de calor y lluvias, as\u00ed tambi\u00e9n para el embellecimiento del paseo p\u00fablico que nuclea a vecinos de todas las edades de la Ciudad.\u00a0<\/em><\/strong><\/p>\n\n\n\n<div class=\"wp-block-image\"><figure class=\"aligncenter size-large\"><img decoding=\"async\" loading=\"lazy\" width=\"800\" height=\"450\" src=\"https:\/\/notinor.com\/jujuy\/wp-content\/uploads\/2022\/08\/mantenimiento-xibi-xibi.jpg\" alt=\"\" class=\"wp-image-347997\" srcset=\"https:\/\/notinor.com\/jujuy\/wp-content\/uploads\/2022\/08\/mantenimiento-xibi-xibi.jpg 800w, https:\/\/notinor.com\/jujuy\/wp-content\/uploads\/2022\/08\/mantenimiento-xibi-xibi-649x365.jpg 649w, https:\/\/notinor.com\/jujuy\/wp-content\/uploads\/2022\/08\/mantenimiento-xibi-xibi-500x280.jpg 500w, https:\/\/notinor.com\/jujuy\/wp-content\/uploads\/2022\/08\/mantenimiento-xibi-xibi-768x432.jpg 768w, https:\/\/notinor.com\/jujuy\/wp-content\/uploads\/2022\/08\/mantenimiento-xibi-xibi-750x422.jpg 750w\" sizes=\"(max-width: 800px) 100vw, 800px\" \/><\/figure><\/div>\n\n\n\n<p>Con vista a la llegada de la primavera, la Municipalidad de San Salvador de Jujuy realiza un <strong>exhaustivo trabajo de mantenimiento del <a href=\"https:\/\/notinor.com\/jujuy\/celebramos-cuatro-anos-del-parque-xibi-xibi\/\" target=\"_blank\" aria-label=\"undefined (abre en una nueva pesta\u00f1a)\" rel=\"noreferrer noopener\">Parque Xibi Xibi<\/a> en toda su extensi\u00f3n,<\/strong> con la poda del arbolado y plantas, complementando las tareas con limpieza de muros, desag\u00fces y los gaviones por parte de operarios de <strong><a href=\"https:\/\/notinor.com\/jujuy\/limpieza-y-mantenimiento-de-espacios-verdes-en-la-ciudad\/\" target=\"_blank\" aria-label=\"undefined (abre en una nueva pesta\u00f1a)\" rel=\"noreferrer noopener\">Espacios Verdes<\/a><\/strong> dependiente de la <strong>Secretar\u00eda de Servicios P\u00fablicos.<\/strong><\/p>\n\n\n\n<p>Las tareas \u2013 que se extender\u00e1n por varios d\u00edas-, forman parte de los <strong>preventivos por el arribo de la \u00e9poca de calor y lluvias, as\u00ed tambi\u00e9n para el embellecimiento del paseo p\u00fablico<\/strong> que nuclea a vecinos de todas las edades de la Ciudad.\u00a0<\/p>\n\n\n\n<p><strong>Sof\u00eda Maionchi<\/strong> directora de Espacios Verdes, sostuvo que se trata del \u201cmantenimiento peri\u00f3dico del Parque como de los tambi\u00e9n de los otros espacios verdes de Ciudad, <strong>tenemos dos cuadrillas que est\u00e1n trabajando en la poda,<\/strong> tanto de las especies arb\u00f3reas, como algunas plantas ornamentales del tipo herb\u00e1ceas y arbustivas como son las gramillas y las salvias\u201d.<\/p>\n\n\n\n<p>\u201cEn el caso de estas plantas -reconoci\u00f3- quer\u00edamos comentarles al vecino que no se preocupe, algunas se ven grandes y formadas, y <strong>parece que una las esta matando con la poda, pero es una pr\u00e1ctica necesaria para este tipo de especies<\/strong> para que en la \u00e9poca de primavera cuando comiencen los calores y las precipitaciones rebroten verdosos y con m\u00e1s fuerzas y florezcan el a\u00f1o que viene. Es la manera de darles continuidad y juventud y sino, <strong>de otra manera la planta envejecer\u00eda mas r\u00e1pido\u201d.<\/strong><\/p>\n\n\n\n<p>La funcionaria enfatiz\u00f3 adem\u00e1s, que los trabajos se llevan adelante \u201cobservando que, <strong>en esta \u00e9poca, asoma el peligro de incendio y siempre tenemos que trabajar de manera preventiva<\/strong> porque existen plantas que se queman de manera r\u00e1pida\u201d.<\/p>\n\n\n\n<p>Sobre los trabajo Mionchi detall\u00f3, \u201cen la parte fisiol\u00f3gica se trabaja como medida preventiva en primera instancia y en segundo lugar, se comenz\u00f3 con la poda para que las especies crezcan con fuerza en primavera y durante los d\u00edas de lluvias, al igual que las salvias. <strong>En el caso de los \u00e1rboles, lo que se est\u00e1 realizando es quitarles las ramas secas,<\/strong> considerando que son \u00e1rboles muy viejos y sufren problemas de la edad; entonces se est\u00e1n quitando ramas secas tambi\u00e9n para darle juventud. <strong>Tambi\u00e9n se levantan copas, para permitir al peat\u00f3n circular con m\u00e1s seguridad y mayor visibilidad,<\/strong> observando el masivo uso y la cantidad de ni\u00f1os; adem\u00e1s de ser un lugar arm\u00f3nico en lo paisaj\u00edstico, tambi\u00e9n debe ser un lugar seguro y adecuado para su uso recreativo\u201d.<\/p>\n\n\n\n<p>Los empleados de Espacios Verdes, trabajar\u00e1 en toda la extensi\u00f3n de mas dos kil\u00f3metros de del Parque,<strong> \u201cse est\u00e1 concretando un trabajo general, los residuos que dejar\u00e1n estos trabajos, se van a retirar<\/strong> y en los casos de madera, se est\u00e1 \u201cchipiando\u201d; la Municipalidad cuenta con una maquina \u201cchipiadora\u201d, que reduce las ramas en astillas y ese material se los convierte en abono para las plantas; de esta manera lo que se podr\u00e1 reutilizar se deja en forma de compost para la nutrici\u00f3n del suelo\u201d, concluy\u00f3.<\/p>\n","protected":false},"excerpt":{"rendered":"<p>Las tareas \u2013 que se extender\u00e1n por varios d\u00edas-, forman parte de los preventivos por el arribo de la \u00e9poca de calor y lluvias, as\u00ed tambi\u00e9n para el embellecimiento del paseo p\u00fablico que nuclea a vecinos de todas las edades de la Ciudad.\u00a0 Con vista a la llegada de la primavera, la Municipalidad de San [&hellip;]<\/p>\n","protected":false},"author":49,"featured_media":347997,"comment_status":"open","ping_status":"open","sticky":false,"template":"","format":"standard","meta":{"_stopmodifiedupdate":false,"_modified_date":"","inline_featured_image":false,"spay_email":"","jetpack_publicize_message":""},"categories":[514],"tags":[],"jetpack_featured_media_url":"https:\/\/notinor.com\/jujuy\/wp-content\/uploads\/2022\/08\/mantenimiento-xibi-xibi.jpg","jetpack_publicize_connections":[],"_links":{"self":[{"href":"https:\/\/notinor.com\/jujuy\/wp-json\/wp\/v2\/posts\/347996"}],"collection":[{"href":"https:\/\/notinor.com\/jujuy\/wp-json\/wp\/v2\/posts"}],"about":[{"href":"https:\/\/notinor.com\/jujuy\/wp-json\/wp\/v2\/types\/post"}],"author":[{"embeddable":true,"href":"https:\/\/notinor.com\/jujuy\/wp-json\/wp\/v2\/users\/49"}],"replies":[{"embeddable":true,"href":"https:\/\/notinor.com\/jujuy\/wp-json\/wp\/v2\/comments?post=347996"}],"version-history":[{"count":1,"href":"https:\/\/notinor.com\/jujuy\/wp-json\/wp\/v2\/posts\/347996\/revisions"}],"predecessor-version":[{"id":347998,"href":"https:\/\/notinor.com\/jujuy\/wp-json\/wp\/v2\/posts\/347996\/revisions\/347998"}],"wp:featuredmedia":[{"embeddable":true,"href":"https:\/\/notinor.com\/jujuy\/wp-json\/wp\/v2\/media\/347997"}],"wp:attachment":[{"href":"https:\/\/notinor.com\/jujuy\/wp-json\/wp\/v2\/media?parent=347996"}],"wp:term":[{"taxonomy":"category","embeddable":true,"href":"https:\/\/notinor.com\/jujuy\/wp-json\/wp\/v2\/categories?post=347996"},{"taxonomy":"post_tag","embeddable":true,"href":"https:\/\/notinor.com\/jujuy\/wp-json\/wp\/v2\/tags?post=347996"}],"curies":[{"name":"wp","href":"https:\/\/api.w.org\/{rel}","templated":true}]}}