{"id":347978,"date":"2022-08-03T19:11:59","date_gmt":"2022-08-03T22:11:59","guid":{"rendered":"https:\/\/notinor.com\/jujuy\/?p=347978"},"modified":"2022-08-03T19:12:04","modified_gmt":"2022-08-03T22:12:04","slug":"morales-recibio-a-concejales-bonaerenses-que-vinieron-a-conocer-el-modelo-productivo-jujeno","status":"publish","type":"post","link":"https:\/\/notinor.com\/jujuy\/morales-recibio-a-concejales-bonaerenses-que-vinieron-a-conocer-el-modelo-productivo-jujeno\/","title":{"rendered":"Morales recibi\u00f3 a concejales bonaerenses que vinieron a conocer el modelo productivo juje\u00f1o"},"content":{"rendered":"\n<p class=\"has-medium-font-size\"><strong><em>El gobernador Gerardo Morales recibi\u00f3 a un grupo de concejales y representantes municipales de la VI Circunscripci\u00f3n Electoral de Buenos Aires que arribaron a Jujuy para conocer el proyecto de gobierno provincial e interiorizarse sobre la experiencia de Cannava.<\/em><\/strong><\/p>\n\n\n\n<div class=\"wp-block-image\"><figure class=\"aligncenter size-large\"><img decoding=\"async\" loading=\"lazy\" width=\"800\" height=\"450\" src=\"https:\/\/notinor.com\/jujuy\/wp-content\/uploads\/2022\/08\/morales-con-concejales-bonaerenses.jpg\" alt=\"\" class=\"wp-image-347979\" srcset=\"https:\/\/notinor.com\/jujuy\/wp-content\/uploads\/2022\/08\/morales-con-concejales-bonaerenses.jpg 800w, https:\/\/notinor.com\/jujuy\/wp-content\/uploads\/2022\/08\/morales-con-concejales-bonaerenses-649x365.jpg 649w, https:\/\/notinor.com\/jujuy\/wp-content\/uploads\/2022\/08\/morales-con-concejales-bonaerenses-500x280.jpg 500w, https:\/\/notinor.com\/jujuy\/wp-content\/uploads\/2022\/08\/morales-con-concejales-bonaerenses-768x432.jpg 768w, https:\/\/notinor.com\/jujuy\/wp-content\/uploads\/2022\/08\/morales-con-concejales-bonaerenses-750x422.jpg 750w\" sizes=\"(max-width: 800px) 100vw, 800px\" \/><\/figure><\/div>\n\n\n\n<p>El mandatario, acompa\u00f1ado por el Secretario de Gobierno Diego Rotela, recibi\u00f3 en el Sal\u00f3n Blanco de Casa de Gobierno a <strong>un grupo de concejales y representantes municipales de la VI Circunscripci\u00f3n Electoral de Buenos Aires,<\/strong> en su mayor\u00eda de la jurisdicci\u00f3n correspondiente a Bah\u00eda Blanca. <strong>La comitiva encabezada por el diputado bonaerense Emiliano Balb\u00edn,<\/strong> lleg\u00f3 a Jujuy para dialogar con Gerardo Morales sobre los <strong><a href=\"https:\/\/notinor.com\/jujuy\/el-gobierno-usara-tierras-o-edificios-estatales-en-desuso-para-proyectos-productivos\/\" target=\"_blank\" aria-label=\"undefined (abre en una nueva pesta\u00f1a)\" rel=\"noreferrer noopener\">proyectos productivos<\/a><\/strong> encargados por la provincia vinculados a la producci\u00f3n de litio, las energ\u00edas renovables y el cannabis medicinal.<\/p>\n\n\n\n<p><strong>Diego Rotela <\/strong>se\u00f1al\u00f3 que los legisladores \u201cvinieron a ver y recorrer parte del proyecto de gobierno que tenemos y a nutrirse de la experiencia de la gesti\u00f3n provincial\u201d.<\/p>\n\n\n\n<p>Cabe destacar la presencia de representantes de la Universidad del Sur y <strong>emprendedores bonaerenses que buscan establecerse como productores privados de cannabis con fines medicinales<\/strong> y que ven en el modelo juje\u00f1o un camino a seguir.<\/p>\n\n\n\n<p>\u201cEllos est\u00e1n trabajando en un proyecto incipiente de <strong><a href=\"https:\/\/notinor.com\/jujuy\/cannabis-medicinal-por-la-alta-demanda-se-extiende-la-inscripcion-para-capacitarse\/\" target=\"_blank\" aria-label=\"undefined (abre en una nueva pesta\u00f1a)\" rel=\"noreferrer noopener\">cannabis medicinal,<\/a><\/strong> aunque se est\u00e1 trabajando desde los municipios porque no cuentan con una Ley Provincial, ya que por cuestiones internas del gobierno de la provincia de Buenos Aires el proyecto que hab\u00eda perdi\u00f3 estado parlamentario\u201d, indic\u00f3 el secretario de Gobierno. <strong>La agenda en nuestra provincia prev\u00e9 la visita a Cannava S. E. la empresa minera Exar y la planta de energ\u00eda fotovoltaica Cauchari.<\/strong><\/p>\n\n\n\n<p class=\"has-medium-font-size\"><strong>\"Jujuy est\u00e1 encaminada a la prosperidad\u201d<\/strong><\/p>\n\n\n\n<p>Por su parte, el diputado Emiliano Balb\u00edn remarc\u00f3 que el encuentro <strong>\u201csirvi\u00f3 para afianzar lazos con Jujuy, con la idea de replicar en Provincia de Buenos Aires lo que se est\u00e1 haciendo en \u00e9sta provincia\u201d.<\/strong> \u201cEs positivo que tanto funcionarios como representantes de la actividad acad\u00e9mica y privada puedan escuchar al gobernador Morales c\u00f3mo logr\u00f3 el desarrollo del litio, la energ\u00eda solar y cannabis medicinal\u201d, puntualiz\u00f3.<\/p>\n\n\n\n<p>\u201cVamos a visitar Cannava con la idea para ver el avance del laboratorio y otros proyectos que se llevan adelante. <strong>Nosotros en Provincia de Buenos Aires estamos pendientes de una ley marco para el cannabis medicinal,<\/strong> la cual no se pudo conseguir y nos impide avanzar como lo hace Jujuy\u201d, afirm\u00f3 el legislador y enfatiz\u00f3: \u201cUno lo puede leer, pero es muy distinto verlo hecho realidad a este proyecto\u201d.<\/p>\n\n\n\n<p>Record\u00f3 que <strong>\u201chace algunos a\u00f1os la mirada que ten\u00edamos de Jujuy era negativa\u201d,<\/strong> de \u201cuna provincia pobre que parec\u00eda inviable, sin embargo, <strong>en los \u00faltimos a\u00f1os se ha recuperado parte de su tradici\u00f3n,<\/strong> lo vinculado al turismo para ser una de las provincias m\u00e1s visitadas a nivel nacional durante las vacaciones de invierno\u201d.<strong> \u201cJujuy est\u00e1 encaminada a la prosperidad\u201d,<\/strong> destac\u00f3 el legislador.<\/p>\n\n\n\n<p>Finalmente <strong>felicit\u00f3 al gobernador Gerardo Morales<\/strong> y a su equipo de trabajo, reiterando que se llevan \u201cel desaf\u00edo de poder hacer realidad estas cosas en la provincia de Buenos Aires.\u201d Cabe mencionar la presencia del diputado provincial Adriano Morone en el encuentro.<\/p>\n","protected":false},"excerpt":{"rendered":"<p>El gobernador Gerardo Morales recibi\u00f3 a un grupo de concejales y representantes municipales de la VI Circunscripci\u00f3n Electoral de Buenos Aires que arribaron a Jujuy para conocer el proyecto de gobierno provincial e interiorizarse sobre la experiencia de Cannava. El mandatario, acompa\u00f1ado por el Secretario de Gobierno Diego Rotela, recibi\u00f3 en el Sal\u00f3n Blanco de [&hellip;]<\/p>\n","protected":false},"author":49,"featured_media":347979,"comment_status":"open","ping_status":"open","sticky":false,"template":"","format":"standard","meta":{"_stopmodifiedupdate":false,"_modified_date":"","inline_featured_image":false,"spay_email":"","jetpack_publicize_message":""},"categories":[514],"tags":[],"jetpack_featured_media_url":"https:\/\/notinor.com\/jujuy\/wp-content\/uploads\/2022\/08\/morales-con-concejales-bonaerenses.jpg","jetpack_publicize_connections":[],"_links":{"self":[{"href":"https:\/\/notinor.com\/jujuy\/wp-json\/wp\/v2\/posts\/347978"}],"collection":[{"href":"https:\/\/notinor.com\/jujuy\/wp-json\/wp\/v2\/posts"}],"about":[{"href":"https:\/\/notinor.com\/jujuy\/wp-json\/wp\/v2\/types\/post"}],"author":[{"embeddable":true,"href":"https:\/\/notinor.com\/jujuy\/wp-json\/wp\/v2\/users\/49"}],"replies":[{"embeddable":true,"href":"https:\/\/notinor.com\/jujuy\/wp-json\/wp\/v2\/comments?post=347978"}],"version-history":[{"count":1,"href":"https:\/\/notinor.com\/jujuy\/wp-json\/wp\/v2\/posts\/347978\/revisions"}],"predecessor-version":[{"id":347980,"href":"https:\/\/notinor.com\/jujuy\/wp-json\/wp\/v2\/posts\/347978\/revisions\/347980"}],"wp:featuredmedia":[{"embeddable":true,"href":"https:\/\/notinor.com\/jujuy\/wp-json\/wp\/v2\/media\/347979"}],"wp:attachment":[{"href":"https:\/\/notinor.com\/jujuy\/wp-json\/wp\/v2\/media?parent=347978"}],"wp:term":[{"taxonomy":"category","embeddable":true,"href":"https:\/\/notinor.com\/jujuy\/wp-json\/wp\/v2\/categories?post=347978"},{"taxonomy":"post_tag","embeddable":true,"href":"https:\/\/notinor.com\/jujuy\/wp-json\/wp\/v2\/tags?post=347978"}],"curies":[{"name":"wp","href":"https:\/\/api.w.org\/{rel}","templated":true}]}}