{"id":347972,"date":"2022-08-03T19:28:04","date_gmt":"2022-08-03T22:28:04","guid":{"rendered":"https:\/\/notinor.com\/jujuy\/?p=347972"},"modified":"2022-08-03T19:34:19","modified_gmt":"2022-08-03T22:34:19","slug":"el-campo-le-pide-a-massa-un-horizonte-de-certezas-para-superar-la-crisis","status":"publish","type":"post","link":"https:\/\/notinor.com\/jujuy\/el-campo-le-pide-a-massa-un-horizonte-de-certezas-para-superar-la-crisis\/","title":{"rendered":"El campo le pide a Massa un horizonte de certezas para superar la crisis"},"content":{"rendered":"\n<p class=\"has-medium-font-size\"><strong><em>Empresarios del agro esperan expectantes las medidas que tomar\u00e1 el nuevo ministro. Para los referentes del sector, es necesario un plan de mediano y largo plazo. En la Exposici\u00f3n Rural y la Experiencia IDEA Agroindustria, se habl\u00f3 de los desaf\u00edos que enfrenta el campo y se puso en agenda los reclamos al Gobierno.<\/em><\/strong><\/p>\n\n\n\n<p><strong>Por Tania Braum<\/strong><\/p>\n\n\n\n<div class=\"wp-block-image\"><figure class=\"aligncenter size-large is-resized\"><img decoding=\"async\" src=\"https:\/\/notinor.com\/jujuy\/wp-content\/uploads\/2022\/08\/cosecha-trigo-1.png\" alt=\"\" class=\"wp-image-347974\" width=\"649\" srcset=\"https:\/\/notinor.com\/jujuy\/wp-content\/uploads\/2022\/08\/cosecha-trigo-1.png 580w, https:\/\/notinor.com\/jujuy\/wp-content\/uploads\/2022\/08\/cosecha-trigo-1-535x365.png 535w\" sizes=\"(max-width: 580px) 100vw, 580px\" \/><\/figure><\/div>\n\n\n\n<p><strong>Empresarios de la agroindustria coincidieron en que la designaci\u00f3n de Sergio Massa logr\u00f3 \u201ccalmar a los mercados\u201d,<\/strong> luego de varios d\u00edas de subas del d\u00f3lar blue, que <a href=\"https:\/\/notinor.com\/jujuy\/la-cotizacion-del-dolar-blue-se-descontrola-toco-los-318-y-marco-un-nuevo-record-historico\/\" target=\"_blank\" aria-label=\"undefined (abre en una nueva pesta\u00f1a)\" rel=\"noreferrer noopener\">llevaron a la divisa a una cotizaci\u00f3n r\u00e9cord,<\/a> en un contexto en el que escasean las reservas en el Banco Central. <strong>Pero le piden al nuevo ministro un horizonte con certezas para superar la crisis.<\/strong> En ese sentido, <strong>esperan expectantes las definiciones del funcionario.<\/strong><\/p>\n\n\n\n<p><strong>Para los referentes del sector, es necesario un plan de mediano y largo plazo.<\/strong> As\u00ed lo hicieron saber en los pasillos de los dos de los eventos m\u00e1s importantes que tuvo el rubro en los \u00faltimos d\u00edas: Exposici\u00f3n Rural de Palermo y Experiencia IDEA Agroindustria. <\/p>\n\n\n\n<p>En ellos, <strong>adem\u00e1s de tratar los desaf\u00edos para el crecimiento del agro<\/strong> -como el futuro de la globalizaci\u00f3n, los precios de los commodities, el rol de las econom\u00edas regionales y la innovaci\u00f3n para la sostenibilidad-, <strong>se pusieron en agenda los reclamos<\/strong> <strong>de la cadena agroindustrial al Gobierno.<\/strong><\/p>\n\n\n\n<p class=\"has-medium-font-size\"><strong>Expo Rural: 11 d\u00edas a pleno, en medio de la incertidumbre macro<\/strong><\/p>\n\n\n\n<p>El balance de ambos eventos es m\u00e1s que positivo. <strong>Despu\u00e9s de dos a\u00f1os que estuvo suspendida por la pandemia, la 134\u00b0 Expo Rural alcanz\u00f3 el mayor n\u00famero de participaci\u00f3n de la historia:<\/strong> en una edici\u00f3n que introdujo novedades, <strong>el programa familiar fue elegido por 1,3 millones de personas (un 9% m\u00e1s que en 2019)<\/strong> durante 11 d\u00edas, que coincidieron con las vacaciones de invierno. Y v\u00eda streaming, se conectaron m\u00e1s de 300.000 usuarios para seguir el minuto a minuto y recorrer la expo mediante la plataforma virtual que se dispuso para tal fin. <\/p>\n\n\n\n<p><strong>La muestra que llev\u00f3 el campo a la ciudad facilit\u00f3 la concreci\u00f3n de negocios y fue punto de reencuentro, <\/strong>permiti\u00e9ndoles a productores y visitantes de todo el pa\u00eds reunirse con la mejor tecnolog\u00eda, gen\u00e9tica, productos, insumos y servicios del sector. <strong>Participaron 136 firmas nacionales y nueve empresarios nacionales.<\/strong><\/p>\n\n\n\n<div class=\"wp-block-image\"><figure class=\"aligncenter size-large\"><img decoding=\"async\" loading=\"lazy\" width=\"840\" height=\"472\" src=\"https:\/\/notinor.com\/jujuy\/wp-content\/uploads\/2022\/08\/hola-1-840x472.jpg\" alt=\"\" class=\"wp-image-347981\" srcset=\"https:\/\/notinor.com\/jujuy\/wp-content\/uploads\/2022\/08\/hola-1-840x472.jpg 840w, https:\/\/notinor.com\/jujuy\/wp-content\/uploads\/2022\/08\/hola-1-649x365.jpg 649w, https:\/\/notinor.com\/jujuy\/wp-content\/uploads\/2022\/08\/hola-1-500x280.jpg 500w, https:\/\/notinor.com\/jujuy\/wp-content\/uploads\/2022\/08\/hola-1-768x432.jpg 768w, https:\/\/notinor.com\/jujuy\/wp-content\/uploads\/2022\/08\/hola-1-750x422.jpg 750w, https:\/\/notinor.com\/jujuy\/wp-content\/uploads\/2022\/08\/hola-1.jpg 950w\" sizes=\"(max-width: 840px) 100vw, 840px\" \/><\/figure><\/div>\n\n\n\n<p><strong>Hubo 760 reuniones y se mantuvieron encuentros con expositores<\/strong> de maquinaria agr\u00edcola, caba\u00f1as y asociaciones, para trasladar la informaci\u00f3n a sus socios e poder impulsar operaciones comerciales. <strong>Las entidades bancarias ofrecieron l\u00edneas crediticias e importantes beneficios para el sector<\/strong>, en un momento en el que escasea el financiamiento. <\/p>\n\n\n\n<p>As\u00ed las cosas, <strong>la incertidumbre que sobrevuela a nivel macro se sinti\u00f3 en La Rural.<\/strong> En l\u00ednea con <a aria-label=\"undefined (abre en una nueva pesta\u00f1a)\" href=\"https:\/\/notinor.com\/jujuy\/el-presidente-de-la-sociedad-rural-nicolas-pino-abrio-este-sabado-la-exposicion-de-la-rural-en-palermo\/\" target=\"_blank\" rel=\"noreferrer noopener\">el discurso que dio en la inauguraci\u00f3n e<\/a><a href=\"https:\/\/notinor.com\/jujuy\/el-presidente-de-la-sociedad-rural-nicolas-pino-abrio-este-sabado-la-exposicion-de-la-rural-en-palermo\/\" target=\"_blank\" aria-label=\"undefined (abre en una nueva pesta\u00f1a)\" rel=\"noreferrer noopener\">l<\/a><a aria-label=\"undefined (abre en una nueva pesta\u00f1a)\" href=\"https:\/\/notinor.com\/jujuy\/el-presidente-de-la-sociedad-rural-nicolas-pino-abrio-este-sabado-la-exposicion-de-la-rural-en-palermo\/\" target=\"_blank\" rel=\"noreferrer noopener\"> titular de la\u00a0Sociedad Rural Argentina (SRA), Nicol\u00e1s Pino,<\/a> integrantes de la\u00a0Mesa de Enlace,\u00a0directivos de empresas y representantes de las sociedades rurales del interior <strong>coincidieron en la importancia de contar con reglas claras.<\/strong><\/p>\n\n\n\n<p>Para\u00a0Daniel Funes de Rioja,\u00a0presidente de la Uni\u00f3n Industrial Argentina (UIA),\u00a0<strong>\u201cal campo\u00a0hay que liberarle ataduras para que pueda producir m\u00e1s<\/strong>\u201d. Al respecto, Adelmo Gabbi, presidente de la Bolsa de Comercio de Buenos Aires, coment\u00f3 que <strong><strong>\u201c<\/strong>sin el campo no vamos a ning\u00fan lado\u201d.<\/strong>\u00a0\u201cDios nos dio la posibilidad de tener cantidad y calidad de tierras, de mujeres y hombres que trabajan esas tierras en todo el pa\u00eds\u201d, destac\u00f3. Por su parte, Jaime Campos,\u00a0presidente de la Asociaci\u00f3n Empresaria Argentina (AEA), se\u00f1al\u00f3:<strong>\u00a0\u201cEs momento para fomentar y motivar a la producci\u00f3n, tanto de peque\u00f1as como de medianas y grandes empresas\u201d.<\/strong><\/p>\n\n\n\n<p class=\"has-medium-font-size\"><strong><strong>Experiencia IDEA Agroindustria<\/strong><\/strong>: <strong>Reglas claras para potenciar el agro<\/strong><\/p>\n\n\n\n<p>En tanto, este martes, <strong>Experiencia IDEA Agroindustria cont\u00f3 con la presencia de 400 empresarios y funcionarios,<\/strong> como el ex ministro de Agricultura, Ganader\u00eda y Pesca, Juli\u00e1n Dom\u00ednguez; el gobernador de Santa Fe, Omar Perotti; y el intendente de Rosario, Pablo Javkin. El evento tuvo lugar en el Ros Tower Hotel de esa ciudad. <\/p>\n\n\n\n<p><strong>Fue desarrollado por el Instituto para el Desarrollo Empresarial de la Argentina (IDEA)<\/strong>, que representa a m\u00e1s de 500 empresas de todos los sectores y tama\u00f1os, desde multinacionales hasta pymes, que, en su conjunto, producen el 50% del Producto Bruto Interno (PBI) y del empleo privado a nivel nacional.<\/p>\n\n\n\n<p><strong>La conferencia es el coraz\u00f3n de la producci\u00f3n agroindustrial que mueve econ\u00f3micamente cerca del 20% del PBI,<\/strong> generando divisas en el orden del 70% y m\u00e1s del 12% del nivel de empleo directo.<\/p>\n\n\n\n<div class=\"wp-block-image\"><figure class=\"aligncenter size-large\"><img decoding=\"async\" loading=\"lazy\" width=\"760\" height=\"480\" src=\"https:\/\/notinor.com\/jujuy\/wp-content\/uploads\/2022\/08\/idea-1-760x480.jpg\" alt=\"\" class=\"wp-image-347987\" srcset=\"https:\/\/notinor.com\/jujuy\/wp-content\/uploads\/2022\/08\/idea-1-760x480.jpg 760w, https:\/\/notinor.com\/jujuy\/wp-content\/uploads\/2022\/08\/idea-1-578x365.jpg 578w, https:\/\/notinor.com\/jujuy\/wp-content\/uploads\/2022\/08\/idea-1-768x485.jpg 768w, https:\/\/notinor.com\/jujuy\/wp-content\/uploads\/2022\/08\/idea-1-750x474.jpg 750w, https:\/\/notinor.com\/jujuy\/wp-content\/uploads\/2022\/08\/idea-1.jpg 991w\" sizes=\"(max-width: 760px) 100vw, 760px\" \/><\/figure><\/div>\n\n\n\n<p>\u201c<strong>Es necesario construir un horizonte de certezas a partir de que todos los sectores pol\u00edticos entiendan lo que el agro hace.<\/strong> Si a ustedes les va bien, a la Argentina le va bien\u201d, afirm\u00f3 Dom\u00ednguez. \u201c<strong>Tenemos que potenciar la articulaci\u00f3n del sector p\u00fablico con el sector cient\u00edfico y estar muy cerca de un sector que va a crecer<\/strong> en facturaci\u00f3n, en valoraci\u00f3n y en retenci\u00f3n de talentos en la provincia y el pa\u00eds\u201d, resalt\u00f3 Perotti. <\/p>\n\n\n\n<p>De igual modo, Paula Altavilla, vicepresidente 1\u00aa de IDEA y <em>Country President<\/em> para la Argentina, Uruguay y Paraguay de Schneider Electric, hizo hincapi\u00e9 en la innovaci\u00f3n y la generaci\u00f3n de puestos de trabajo y precis\u00f3 que \u201c<strong>se presenta la necesidad de que el pa\u00eds vuelva a generar empleo formal, privado y de calidad\u201d, para lo que el agro cumple un rol central.<\/strong><\/p>\n\n\n\n<p>\u201c<strong>El sector agroindustrial es un sector importante para la econom\u00eda<\/strong> <strong>y desde el punto de vista de las exportaciones y la generaci\u00f3n del trabajo.<\/strong> Desde IDEA venimos trabajando una serie de propuestas que vamos a presentar en el <a href=\"https:\/\/notinor.com\/jujuy\/el-coloquio-idea-vuelve-a-mar-del-plata-con-propuestas-para-el-crecimiento-del-pais\/\" target=\"_blank\" aria-label=\"undefined (abre en una nueva pesta\u00f1a)\" rel=\"noreferrer noopener\">58\u00ba Coloquio IDEA en octubre, del 12 al 14 de octubre en Mar del Plata<\/a>\u201d, concluy\u00f3 Roberto Murchison, presidente de la organizaci\u00f3n y Grupo Murchison.<\/p>\n","protected":false},"excerpt":{"rendered":"<p>Empresarios del agro esperan expectantes las medidas que tomar\u00e1 el nuevo ministro. Para los referentes del sector, es necesario un plan de mediano y largo plazo. En la Exposici\u00f3n Rural y la Experiencia IDEA Agroindustria, se habl\u00f3 de los desaf\u00edos que enfrenta el campo y se puso en agenda los reclamos al Gobierno. Por Tania [&hellip;]<\/p>\n","protected":false},"author":51,"featured_media":347974,"comment_status":"open","ping_status":"open","sticky":false,"template":"","format":"standard","meta":{"_stopmodifiedupdate":false,"_modified_date":"","inline_featured_image":false,"spay_email":"","jetpack_publicize_message":""},"categories":[2,676],"tags":[],"jetpack_featured_media_url":"https:\/\/notinor.com\/jujuy\/wp-content\/uploads\/2022\/08\/cosecha-trigo-1.png","jetpack_publicize_connections":[],"_links":{"self":[{"href":"https:\/\/notinor.com\/jujuy\/wp-json\/wp\/v2\/posts\/347972"}],"collection":[{"href":"https:\/\/notinor.com\/jujuy\/wp-json\/wp\/v2\/posts"}],"about":[{"href":"https:\/\/notinor.com\/jujuy\/wp-json\/wp\/v2\/types\/post"}],"author":[{"embeddable":true,"href":"https:\/\/notinor.com\/jujuy\/wp-json\/wp\/v2\/users\/51"}],"replies":[{"embeddable":true,"href":"https:\/\/notinor.com\/jujuy\/wp-json\/wp\/v2\/comments?post=347972"}],"version-history":[{"count":10,"href":"https:\/\/notinor.com\/jujuy\/wp-json\/wp\/v2\/posts\/347972\/revisions"}],"predecessor-version":[{"id":347995,"href":"https:\/\/notinor.com\/jujuy\/wp-json\/wp\/v2\/posts\/347972\/revisions\/347995"}],"wp:featuredmedia":[{"embeddable":true,"href":"https:\/\/notinor.com\/jujuy\/wp-json\/wp\/v2\/media\/347974"}],"wp:attachment":[{"href":"https:\/\/notinor.com\/jujuy\/wp-json\/wp\/v2\/media?parent=347972"}],"wp:term":[{"taxonomy":"category","embeddable":true,"href":"https:\/\/notinor.com\/jujuy\/wp-json\/wp\/v2\/categories?post=347972"},{"taxonomy":"post_tag","embeddable":true,"href":"https:\/\/notinor.com\/jujuy\/wp-json\/wp\/v2\/tags?post=347972"}],"curies":[{"name":"wp","href":"https:\/\/api.w.org\/{rel}","templated":true}]}}