{"id":347961,"date":"2022-08-03T11:41:00","date_gmt":"2022-08-03T14:41:00","guid":{"rendered":"https:\/\/notinor.com\/jujuy\/?p=347961"},"modified":"2022-08-03T17:57:10","modified_gmt":"2022-08-03T20:57:10","slug":"charla-taller-sobre-modelo-convivencia-de-la-discapacidad","status":"publish","type":"post","link":"https:\/\/notinor.com\/jujuy\/charla-taller-sobre-modelo-convivencia-de-la-discapacidad\/","title":{"rendered":"Charla-Taller sobre \"Modelo convivencia de la discapacidad\""},"content":{"rendered":"\n<p class=\"has-medium-font-size\"><strong><em>Hoy se desarrollar\u00e1 una charla taller donde se abordar\u00e1 la tem\u00e1tica sobre discapacidad. Con la presencia de la licenciada Karina Vimonte, presidenta de la Fundaci\u00f3n CO-DIS en Argentina, quien impulsa un modelo convivencia de la <a href=\"https:\/\/notinor.com\/jujuy\/convocatoria-a-la-tercera-jornada-de-la-mesa-de-dialogo-por-la-discapacidad\/\">discapacidad <\/a>sobre todo en los medios de comunicaci\u00f3n.<\/em><\/strong><\/p>\n\n\n\n<p>En dialogo con <strong><a href=\"https:\/\/www.facebook.com\/diarionotinor\">NOTINOR.COM<\/a><\/strong>, Karina invit\u00f3 a los periodistas y comunicadores sociales a participar de este taller, pero fundamentalmente <strong>a quienes no tienen a ninguna persona cercana con discapacidad, considerando que hay que ampliar el conocimiento sobra la tem\u00e1tica y lograr instalar la discapacidad como un tema de agenda social.<\/strong><\/p>\n\n\n\n<p>El encuentro es para<strong> esta tarde<\/strong>, donde en nuestra provincia es recibida por <strong>\"Mujeres Derribando Barreras\" (Mudeba) <\/strong>y la <strong>Fundaci\u00f3n \"<a href=\"https:\/\/notinor.com\/jujuy\/declararon-de-interes-municipal-el-2o-aniversario-de-la-fundacion-hablemos-de-autismo-jujuy\/\">Hablemos de Autismo<\/a>\"<\/strong>. La charla taller <strong>es gratuita<\/strong>, donde a su vez presentar\u00e1 sus libros. Inicia a las <strong>19 a 21 horas en el Centro Cultural \"H\u00e9ctor Tiz\u00f3n<\/strong>\", ubicado en calle Hip\u00f3lito Irigoyen esq. Jun\u00edn.<\/p>\n\n\n\n<div class=\"wp-block-image\"><figure class=\"aligncenter size-large\"><img decoding=\"async\" loading=\"lazy\" width=\"354\" height=\"480\" src=\"https:\/\/notinor.com\/jujuy\/wp-content\/uploads\/2022\/08\/WhatsApp-Image-2022-08-03-at-5.43.09-PM-354x480.jpeg\" alt=\"\" class=\"wp-image-347963\" srcset=\"https:\/\/notinor.com\/jujuy\/wp-content\/uploads\/2022\/08\/WhatsApp-Image-2022-08-03-at-5.43.09-PM-354x480.jpeg 354w, https:\/\/notinor.com\/jujuy\/wp-content\/uploads\/2022\/08\/WhatsApp-Image-2022-08-03-at-5.43.09-PM-269x365.jpeg 269w, https:\/\/notinor.com\/jujuy\/wp-content\/uploads\/2022\/08\/WhatsApp-Image-2022-08-03-at-5.43.09-PM-768x1042.jpeg 768w, https:\/\/notinor.com\/jujuy\/wp-content\/uploads\/2022\/08\/WhatsApp-Image-2022-08-03-at-5.43.09-PM-750x1018.jpeg 750w, https:\/\/notinor.com\/jujuy\/wp-content\/uploads\/2022\/08\/WhatsApp-Image-2022-08-03-at-5.43.09-PM.jpeg 943w\" sizes=\"(max-width: 354px) 100vw, 354px\" \/><\/figure><\/div>\n\n\n\n<p><strong>\"Creamos en discapacidad el modelo convivencia, que lo definimos como la aceptaci\u00f3n de un otro diferente al que no hay que incluir, sino reconocer como un ser leg\u00edtimo en su integridad, cambiando la mirada que se tiene hacia \u00e9l\"<\/strong> indic\u00f3 Vimonte.<\/p>\n\n\n\n<p>Karina lleg\u00f3 a nuestra provincia, adem\u00e1s a presentar sus libros, trabajos desarrollados gracias a 14 a\u00f1os de experiencia en trabajar junto a su programa <strong>\u201cSomos lo que hacemos\u201d<\/strong>, donde intenta cambiar \u201c<strong>la cosmovisi\u00f3n de la perspectiva sobre la discapacidad, esto significa un cambio a nivel social y cultural, por eso es importante naturalizar el concepto y la vivencia, dado que puede estar como digo yo, a la vuelta de la esquina\u201d.<\/strong><\/p>\n\n\n\n<p>A su vez es presidenta de la <strong>Fundaci\u00f3n CODIS<\/strong>, organizaci\u00f3n sin Fines de Lucro que naci\u00f3 por iniciativa de la Licenciada Karina Vimonte qui\u00e9n decidi\u00f3 en el a\u00f1o 2006 unir sus formaciones profesionales en la Comunicaci\u00f3n Social y el Coaching Ontol\u00f3gico para aplicarlas a la tem\u00e1tica de la Discapacidad.<\/p>\n\n\n\n<p>Gracias a todo este camino realizado Vimonte public\u00f3, en diciembre del 2018, un <strong>manual de estilo sobre la Terminolog\u00eda y el Trato Adecuado hacia la Discapacidad sobre todo en los Medios de Comunicaci\u00f3n<\/strong>. El nombre de dicho trabajo es <strong>\u201cEl Cambio de Mirada Social hacia la Discapacidad desde la Comunicaci\u00f3n\u201d <\/strong>que presentar\u00e1 esta tarde al p\u00fablico presente.<\/p>\n\n\n\n<figure><iframe loading=\"lazy\" src=\"https:\/\/www.facebook.com\/plugins\/video.php?height=314&amp;href=https%3A%2F%2Fwww.facebook.com%2Fdiarionotinor%2Fvideos%2F573370510957577%2F&amp;show_text=false&amp;width=560&amp;t=0\" width=\"560\" height=\"314\" allowfullscreen=\"true\"><\/iframe><\/figure>\n\n\n\n<p><\/p>\n","protected":false},"excerpt":{"rendered":"<p>Hoy se desarrollar\u00e1 una charla taller donde se abordar\u00e1 la tem\u00e1tica sobre discapacidad. Con la presencia de la licenciada Karina Vimonte, presidenta de la Fundaci\u00f3n CO-DIS en Argentina, quien impulsa un modelo convivencia de la discapacidad sobre todo en los medios de comunicaci\u00f3n. En dialogo con NOTINOR.COM, Karina invit\u00f3 a los periodistas y comunicadores sociales [&hellip;]<\/p>\n","protected":false},"author":52,"featured_media":347962,"comment_status":"open","ping_status":"open","sticky":false,"template":"","format":"standard","meta":{"_stopmodifiedupdate":false,"_modified_date":"","inline_featured_image":false,"spay_email":"","jetpack_publicize_message":""},"categories":[2,490,13],"tags":[263,1428],"jetpack_featured_media_url":"https:\/\/notinor.com\/jujuy\/wp-content\/uploads\/2022\/08\/WhatsApp-Image-2022-08-03-at-5.43.08-PM.jpeg","jetpack_publicize_connections":[],"_links":{"self":[{"href":"https:\/\/notinor.com\/jujuy\/wp-json\/wp\/v2\/posts\/347961"}],"collection":[{"href":"https:\/\/notinor.com\/jujuy\/wp-json\/wp\/v2\/posts"}],"about":[{"href":"https:\/\/notinor.com\/jujuy\/wp-json\/wp\/v2\/types\/post"}],"author":[{"embeddable":true,"href":"https:\/\/notinor.com\/jujuy\/wp-json\/wp\/v2\/users\/52"}],"replies":[{"embeddable":true,"href":"https:\/\/notinor.com\/jujuy\/wp-json\/wp\/v2\/comments?post=347961"}],"version-history":[{"count":2,"href":"https:\/\/notinor.com\/jujuy\/wp-json\/wp\/v2\/posts\/347961\/revisions"}],"predecessor-version":[{"id":347967,"href":"https:\/\/notinor.com\/jujuy\/wp-json\/wp\/v2\/posts\/347961\/revisions\/347967"}],"wp:featuredmedia":[{"embeddable":true,"href":"https:\/\/notinor.com\/jujuy\/wp-json\/wp\/v2\/media\/347962"}],"wp:attachment":[{"href":"https:\/\/notinor.com\/jujuy\/wp-json\/wp\/v2\/media?parent=347961"}],"wp:term":[{"taxonomy":"category","embeddable":true,"href":"https:\/\/notinor.com\/jujuy\/wp-json\/wp\/v2\/categories?post=347961"},{"taxonomy":"post_tag","embeddable":true,"href":"https:\/\/notinor.com\/jujuy\/wp-json\/wp\/v2\/tags?post=347961"}],"curies":[{"name":"wp","href":"https:\/\/api.w.org\/{rel}","templated":true}]}}