{"id":347880,"date":"2022-08-04T11:45:00","date_gmt":"2022-08-04T14:45:00","guid":{"rendered":"https:\/\/notinor.com\/jujuy\/?p=347880"},"modified":"2022-08-03T11:59:48","modified_gmt":"2022-08-03T14:59:48","slug":"el-presidente-recorrio-el-proyecto-minero-de-litio-tres-quebradas","status":"publish","type":"post","link":"https:\/\/notinor.com\/jujuy\/el-presidente-recorrio-el-proyecto-minero-de-litio-tres-quebradas\/","title":{"rendered":"El Presidente recorri\u00f3 el proyecto minero de litio Tres Quebradas"},"content":{"rendered":"\n<p class=\"has-medium-font-size\"><em><strong>Alberto Fern\u00e1ndez visit\u00f3 el desarrollo que Liex, subsidiaria de la minera china Zijin, lleva adelante en Catamarca. Recientemente, anunci\u00f3 que ampliar\u00e1 su inversi\u00f3n, con un desembolso de m\u00e1s de 370 millones de d\u00f3lares para expandir la producci\u00f3n.<\/strong><\/em><\/p>\n\n\n\n<p><strong>Por Agostina P\u00e9rez<\/strong><\/p>\n\n\n\n<div class=\"wp-block-image\"><figure class=\"aligncenter size-large\"><img decoding=\"async\" loading=\"lazy\" width=\"720\" height=\"480\" src=\"https:\/\/notinor.com\/jujuy\/wp-content\/uploads\/2022\/08\/20220802-ECO_9655-720x480.jpg\" alt=\"\" class=\"wp-image-347883\" srcset=\"https:\/\/notinor.com\/jujuy\/wp-content\/uploads\/2022\/08\/20220802-ECO_9655-720x480.jpg 720w, https:\/\/notinor.com\/jujuy\/wp-content\/uploads\/2022\/08\/20220802-ECO_9655-547x365.jpg 547w, https:\/\/notinor.com\/jujuy\/wp-content\/uploads\/2022\/08\/20220802-ECO_9655-768x512.jpg 768w, https:\/\/notinor.com\/jujuy\/wp-content\/uploads\/2022\/08\/20220802-ECO_9655-1536x1025.jpg 1536w, https:\/\/notinor.com\/jujuy\/wp-content\/uploads\/2022\/08\/20220802-ECO_9655-2048x1366.jpg 2048w, https:\/\/notinor.com\/jujuy\/wp-content\/uploads\/2022\/08\/20220802-ECO_9655-750x500.jpg 750w, https:\/\/notinor.com\/jujuy\/wp-content\/uploads\/2022\/08\/20220802-ECO_9655-1140x760.jpg 1140w\" sizes=\"(max-width: 720px) 100vw, 720px\" \/><\/figure><\/div>\n\n\n\n<p><strong>La miner\u00eda es un sector estrat\u00e9gico por su capacidad de generar empleo e inversiones genuinas, <\/strong>y su potencial para el desarrollo econ\u00f3mico futuro del pa\u00eds.<\/p>\n\n\n\n<p>En ese marco, <strong>el presidente Alberto Fern\u00e1ndez visit\u00f3 la provincia de Catamarca,<\/strong> <strong>donde recorri\u00f3 el proyecto de litio Tres Quebradas<\/strong>, junto al gobernador local, Ra\u00fal Jalil; y su par de La Rioja, Ricardo Quintela. <\/p>\n\n\n\n<p><strong>Liex,\u00a0firma subsidiaria de la minera china Zijin, lleva adelante\u00a0esta iniciativa, la de mayor concentraci\u00f3n de litio de la Argentina.<\/strong> Recientemente, <strong>anunci\u00f3 una ampliaci\u00f3n de su inversi\u00f3n<\/strong>. Desde 2016, inyect\u00f3 70 millones de d\u00f3lares. Con el objetivo de aumentar el desembolso inicial,\u00a0<a href=\"https:\/\/notinor.com\/jujuy\/gigante-chino-hara-una-mega-inversion-para-ampliar-proyecto-de-litio-en-catamarca\/\" target=\"_blank\" aria-label=\"undefined (abre en una nueva pesta\u00f1a)\" rel=\"noreferrer noopener\">invertir\u00e1 370 millones de d\u00f3lares m\u00e1s<\/a>\u00a0en un plazo estimado de tres a\u00f1os, seg\u00fan pudo saber NOTINOR.COM.<\/p>\n\n\n\n<p><strong>El gigante asi\u00e1tico se dedica a la producci\u00f3n del mineral para la posterior exportaci\u00f3n del carbonato<\/strong>. La empresa contempla alcanzar una producci\u00f3n anual promedio de 20.000 toneladas de este recurso durante 20 a\u00f1os, con una vida \u00fatil total de medio siglo.<\/p>\n\n\n\n<blockquote class=\"twitter-tweet\"><p lang=\"es\" dir=\"ltr\">\ud83d\udccd Fiambal\u00e1, Catamarca<br><br>Visitamos el proyecto &quot;Tres Quebradas&quot; (3Q), cuyo objetivo es construir una planta para producir carbonato de <a href=\"https:\/\/twitter.com\/hashtag\/litio?src=hash&amp;ref_src=twsrc%5Etfw\">#litio<\/a> \ud83d\udd0b<br><br>En conjunto, Argentina, Bolivia y Chile producen el 65% de esta energ\u00eda limpia a nivel mundial, fundamental para nuestro desarrollo \ud83d\udc47 <a href=\"https:\/\/t.co\/Ho5vO2IXOO\">pic.twitter.com\/Ho5vO2IXOO<\/a><\/p>&mdash; Alberto Fern\u00e1ndez (@alferdez) <a href=\"https:\/\/twitter.com\/alferdez\/status\/1554585427100766209?ref_src=twsrc%5Etfw\">August 2, 2022<\/a><\/blockquote> <script async src=\"https:\/\/platform.twitter.com\/widgets.js\" charset=\"utf-8\"><\/script>\n\n\n\n<p><strong>Prev\u00e9 iniciar las exportaciones en los primeros meses de 2024<\/strong>\u00a0<strong>y durante el per\u00edodo de m\u00e1xima producci\u00f3n (2025-2043) estima alcanzar ingresos por 243 millones de d\u00f3lares anuales<\/strong>, fomentando el aprovechamiento integral de los recursos lit\u00edferos del salar de Laguna Verde, mediante distintas t\u00e9cnicas de captaci\u00f3n y purificaci\u00f3n de la materia prima.<\/p>\n\n\n\n<p><strong>El desarrollo generar\u00e1 1.000 puestos de trabajo directos e indirectos<\/strong>, mediante la contrataci\u00f3n de personal en la planta principal -ubicada en Fiambal\u00e1, a 4.300 metros sobre el nivel del mar-, las oficinas administrativas y el empleo de servicios proporcionados por compa\u00f1\u00edas fiambalenses y tinogaste\u00f1as.<\/p>\n\n\n\n<p>\u201cEn el tiempo complejo que vivimos, como ya lo he dicho, <strong>el mundo precisa m\u00e1s energ\u00eda. La Argentina podr\u00e1 producirla, autoabastecerse y exportarla<\/strong>. Seguimos trabajando por un pa\u00eds con energ\u00eda limpia y de calidad, otro paso necesario hacia una verdadera transici\u00f3n energ\u00e9tica\u201d, se\u00f1al\u00f3 Alberto Fern\u00e1ndez, y agreg\u00f3: \u201c<strong>Estos proyectos son pol\u00edticas de Estado a mediano y largo plazo que benefician a todo nuestro territorio<\/strong>\u201d.<\/p>\n\n\n\n<p>En tanto, la directora financiera de Zijin, Zheng Jiao, expres\u00f3 su agradecimiento a las autoridades por el apoyo para llevar adelante el proyecto y trabajar en conjunto para avanzar en la segunda etapa de la inversi\u00f3n. \u201c<strong>La construcci\u00f3n de la mina en Tres Quebradas avanza y demanda cada vez m\u00e1s empleo, de manera directa e indirecta<\/strong>\u201d, asegur\u00f3.<a href=\"https:\/\/twitter.com\/alferdez\/status\/1554585444905586691\/photo\/1\"><\/a><\/p>\n\n\n\n<div class=\"wp-block-image\"><figure class=\"aligncenter size-large\"><img decoding=\"async\" loading=\"lazy\" width=\"720\" height=\"480\" src=\"https:\/\/notinor.com\/jujuy\/wp-content\/uploads\/2022\/08\/20220802-ECO_7198-1-720x480.jpg\" alt=\"\" class=\"wp-image-347890\" srcset=\"https:\/\/notinor.com\/jujuy\/wp-content\/uploads\/2022\/08\/20220802-ECO_7198-1-720x480.jpg 720w, https:\/\/notinor.com\/jujuy\/wp-content\/uploads\/2022\/08\/20220802-ECO_7198-1-548x365.jpg 548w, https:\/\/notinor.com\/jujuy\/wp-content\/uploads\/2022\/08\/20220802-ECO_7198-1-768x512.jpg 768w, https:\/\/notinor.com\/jujuy\/wp-content\/uploads\/2022\/08\/20220802-ECO_7198-1-1536x1024.jpg 1536w, https:\/\/notinor.com\/jujuy\/wp-content\/uploads\/2022\/08\/20220802-ECO_7198-1-2048x1365.jpg 2048w, https:\/\/notinor.com\/jujuy\/wp-content\/uploads\/2022\/08\/20220802-ECO_7198-1-750x500.jpg 750w, https:\/\/notinor.com\/jujuy\/wp-content\/uploads\/2022\/08\/20220802-ECO_7198-1-1140x760.jpg 1140w\" sizes=\"(max-width: 720px) 100vw, 720px\" \/><\/figure><\/div>\n\n\n\n<p>El R\u00e9gimen de Fomento de Inversiones para las Exportaciones, sancionado a trav\u00e9s del Decreto 234\/2021, establece que\u00a0para inversiones directas en moneda extranjera superiores a 100 millones de d\u00f3lares, <strong>los beneficiarios podr\u00e1n gozar de una liquidaci\u00f3n diferenciada de hasta un 20% de las divisas obtenidas en los env\u00edos al exterior vinculados al proyecto.<\/strong><\/p>\n\n\n\n<p>En ese sentido, <strong>el Certificado de Elegibilidad que recibi\u00f3 Liex<\/strong>, emitido por el Ministerio de Desarrollo Productivo y el Ministerio de Econom\u00eda cuando estaba bajo la \u00f3rbita de Daniel Scioli,\u00a0<strong>le permitir\u00e1 acceder a este beneficio para el est\u00edmulo de nuevas inversiones.<\/strong><\/p>\n\n\n\n<p><strong>\u201cAgradezco a Liex por la confianza en el pa\u00eds y, principalmente, en Catamarca, para invertir en un proyecto de esta envergadura<\/strong>\u00a0que va a permitir el desarrollo y la generaci\u00f3n de puestos de trabajo en la regi\u00f3n, as\u00ed como tambi\u00e9n mayores exportaciones\u201d, resalt\u00f3 en ese entonces Scioli.<\/p>\n\n\n\n<p class=\"has-medium-font-size\"><strong>La fiebre del \u201coro blanco\u201d<\/strong><\/p>\n\n\n\n<p>La Argentina apunta a convertirse en el mayor productor de litio del mundo. Con el \u201coro blanco\u201d como estrella de la miner\u00eda,\u00a0<strong>el pa\u00eds tiene en marcha 12 proyectos y espera duplicar la producci\u00f3n este a\u00f1o.<\/strong><\/p>\n\n\n\n<p><strong>Jujuy, Salta y Catamarca\u00a0concentran los desarrollos, con inversiones por m\u00e1s de 5.000 millones de d\u00f3lares\u00a0<\/strong>repartidos entre las tres provincias, seg\u00fan <a href=\"https:\/\/notinor.com\/jujuy\/crece-la-fiebre-del-oro-blanco-en-el-pais-ya-hay-12-proyectos-de-litio-en-marcha\/\" target=\"_blank\" aria-label=\"undefined (abre en una nueva pesta\u00f1a)\" rel=\"noreferrer noopener\">un informe elaborado por la C\u00e1mara Argentina de Empresarios Mineros (CAEM),<\/a>\u00a0al que accedi\u00f3 NOTINOR.COM.<\/p>\n\n\n\n<p>La Argentina, Chile y Bolivia -pa\u00edses que forman el llamado \u201ctri\u00e1ngulo del litio\u201d- concentran el 58% de los recursos de este metal en el mundo. Para Luciano Berenstein, director ejecutivo de CAEM,\u00a0<strong>la Argentina es el cuarto productor mundial y el segundo en t\u00e9rminos de reservas globales.<\/strong><\/p>\n\n\n\n<blockquote class=\"wp-block-quote\"><p><strong>El pa\u00eds tiene en marcha 12 proyectos de litio y espera duplicar la producci\u00f3n este a\u00f1o.<\/strong><\/p><\/blockquote>\n\n\n\n<p>\u201c<strong>Tenemos 12 proyectos en marcha con potencial de convertir a la Argentina en el\u00a0primer jugador del mundo,<\/strong>\u00a0con una producci\u00f3n superior a 300.000 toneladas de carbonato de litio. A medida que ingresen nuevos desarrollos, su contribuci\u00f3n a la econom\u00eda ser\u00e1 creciente. Y en tanto los pa\u00edses intensifiquen sus ambiciones clim\u00e1ticas, las tecnolog\u00edas de energ\u00eda limpia se transformar\u00e1n en el actor de demanda de m\u00e1s r\u00e1pido crecimiento\u201d, anticip\u00f3 el ejecutivo que dirige la entidad que nuclea a las principales empresas y c\u00e1maras del segmento.<\/p>\n\n\n\n<p><strong>La actividad cumple un rol fundamental en la construcci\u00f3n de un futuro m\u00e1s sustentable y la transici\u00f3n hacia la electromovilidad<\/strong>, con la consecuente disminuci\u00f3n de las emisiones de carbono. Entre 2016 y 2020, la demanda global de litio creci\u00f3 un 12% cada a\u00f1o.<\/p>\n\n\n\n<p> <\/p>\n\n\n\n<p> <\/p>\n","protected":false},"excerpt":{"rendered":"<p>Alberto Fern\u00e1ndez visit\u00f3 el desarrollo que Liex, subsidiaria de la minera china Zijin, lleva adelante en Catamarca. Recientemente, anunci\u00f3 que ampliar\u00e1 su inversi\u00f3n, con un desembolso de m\u00e1s de 370 millones de d\u00f3lares para expandir la producci\u00f3n. Por Agostina P\u00e9rez La miner\u00eda es un sector estrat\u00e9gico por su capacidad de generar empleo e inversiones genuinas, [&hellip;]<\/p>\n","protected":false},"author":51,"featured_media":347884,"comment_status":"open","ping_status":"open","sticky":false,"template":"","format":"standard","meta":{"_stopmodifiedupdate":false,"_modified_date":"","inline_featured_image":false,"spay_email":"","jetpack_publicize_message":""},"categories":[2,676,1158],"tags":[634,479,1205],"jetpack_featured_media_url":"https:\/\/notinor.com\/jujuy\/wp-content\/uploads\/2022\/08\/20220802-ECO_9655-1-scaled.jpg","jetpack_publicize_connections":[],"_links":{"self":[{"href":"https:\/\/notinor.com\/jujuy\/wp-json\/wp\/v2\/posts\/347880"}],"collection":[{"href":"https:\/\/notinor.com\/jujuy\/wp-json\/wp\/v2\/posts"}],"about":[{"href":"https:\/\/notinor.com\/jujuy\/wp-json\/wp\/v2\/types\/post"}],"author":[{"embeddable":true,"href":"https:\/\/notinor.com\/jujuy\/wp-json\/wp\/v2\/users\/51"}],"replies":[{"embeddable":true,"href":"https:\/\/notinor.com\/jujuy\/wp-json\/wp\/v2\/comments?post=347880"}],"version-history":[{"count":5,"href":"https:\/\/notinor.com\/jujuy\/wp-json\/wp\/v2\/posts\/347880\/revisions"}],"predecessor-version":[{"id":347932,"href":"https:\/\/notinor.com\/jujuy\/wp-json\/wp\/v2\/posts\/347880\/revisions\/347932"}],"wp:featuredmedia":[{"embeddable":true,"href":"https:\/\/notinor.com\/jujuy\/wp-json\/wp\/v2\/media\/347884"}],"wp:attachment":[{"href":"https:\/\/notinor.com\/jujuy\/wp-json\/wp\/v2\/media?parent=347880"}],"wp:term":[{"taxonomy":"category","embeddable":true,"href":"https:\/\/notinor.com\/jujuy\/wp-json\/wp\/v2\/categories?post=347880"},{"taxonomy":"post_tag","embeddable":true,"href":"https:\/\/notinor.com\/jujuy\/wp-json\/wp\/v2\/tags?post=347880"}],"curies":[{"name":"wp","href":"https:\/\/api.w.org\/{rel}","templated":true}]}}