{"id":347710,"date":"2022-08-02T12:28:47","date_gmt":"2022-08-02T15:28:47","guid":{"rendered":"https:\/\/notinor.com\/jujuy\/?p=347710"},"modified":"2022-08-02T13:33:39","modified_gmt":"2022-08-02T16:33:39","slug":"paro-de-colectivos-dictan-la-conciliacion-obligatoria-y-se-suspende-la-medida","status":"publish","type":"post","link":"https:\/\/notinor.com\/jujuy\/paro-de-colectivos-dictan-la-conciliacion-obligatoria-y-se-suspende-la-medida\/","title":{"rendered":"Paro de colectivos: dictan conciliaci\u00f3n obligatoria y se suspende la medida"},"content":{"rendered":"\n<p class=\"has-medium-font-size\"><strong><em>La Uni\u00f3n Tranviarios Automotor (UTA) a nivel nacional, la semana pasada hab\u00eda anunciado que este martes desde las 22 hasta el mi\u00e9rcoles a las 6 de la ma\u00f1ana no habr\u00eda colectivos, sin embargo en horas de la ma\u00f1ana confirmaron que se levanta el paro de transporte dispuesto para hoy.<\/em><\/strong><\/p>\n\n\n\n<div class=\"wp-block-image\"><figure class=\"aligncenter size-large is-resized\"><img decoding=\"async\" loading=\"lazy\" src=\"https:\/\/notinor.com\/jujuy\/wp-content\/uploads\/2022\/08\/Dise\u00f1o-sin-t\u00edtulo-4-3.jpg\" alt=\"\" class=\"wp-image-347712\" width=\"760\" height=\"380\" srcset=\"https:\/\/notinor.com\/jujuy\/wp-content\/uploads\/2022\/08\/Dise\u00f1o-sin-t\u00edtulo-4-3.jpg 600w, https:\/\/notinor.com\/jujuy\/wp-content\/uploads\/2022\/08\/Dise\u00f1o-sin-t\u00edtulo-4-3-360x180.jpg 360w\" sizes=\"(max-width: 760px) 100vw, 760px\" \/><\/figure><\/div>\n\n\n\n<p><strong>El Gobierno dict\u00f3 un per\u00edodo de conciliaci\u00f3n obligatoria por el t\u00e9rmino de quince d\u00edas <\/strong>en el marco del conflicto con la Uni\u00f3n Tranviarios Automotor (UTA), que suspende la medida de paro de colectivos prevista para esta noche.<\/p>\n\n\n\n<p>En tanto,\u00a0<strong>las autoridades oficiales ratificaron la audiencia entre las partes fijada para este mi\u00e9rcoles a las 14.30.<\/strong><\/p>\n\n\n\n<p><strong>La medida de fuerza <a href=\"https:\/\/notinor.com\/jujuy\/habra-un-nuevo-paro-de-transporte-en-jujuy-entre-la-noche-del-martes-y-la-madrugada-del-miercoles\/\">estaba prevista para hoy a las 22 <\/a>y se iba a extender hasta las 6 de la ma\u00f1ana del mi\u00e9rcoles<\/strong> en todos los servicios de corta y media distancia del pa\u00eds en reclamo por la reapertura paritaria y el pago de un bono de 25 mil pesos.<\/p>\n\n\n\n<p><strong>\u201cUna vez m\u00e1s las provincias se encontraron ausentes en la negociaci\u00f3n salarial de los trabajadores del interior, pese a haber asumido con el Estado Nacional la responsabilidad del transporte, en el denominado Pacto Fiscal\u201d,<\/strong> sostuvo el gremio en un comunicado difundido esta ma\u00f1ana.<\/p>\n\n\n\n<div class=\"wp-block-image\"><figure class=\"aligncenter is-resized\"><img decoding=\"async\" loading=\"lazy\" src=\"https:\/\/somosjujuy-wordpress.s3.amazonaws.com\/wp-content\/uploads\/2022\/08\/02093522\/comunicado-UTA.jpg\" alt=\"\" width=\"650\" height=\"778\"\/><\/figure><\/div>\n","protected":false},"excerpt":{"rendered":"<p>La Uni\u00f3n Tranviarios Automotor (UTA) a nivel nacional, la semana pasada hab\u00eda anunciado que este martes desde las 22 hasta el mi\u00e9rcoles a las 6 de la ma\u00f1ana no habr\u00eda colectivos, sin embargo en horas de la ma\u00f1ana confirmaron que se levanta el paro de transporte dispuesto para hoy. El Gobierno dict\u00f3 un per\u00edodo de [&hellip;]<\/p>\n","protected":false},"author":40,"featured_media":347712,"comment_status":"open","ping_status":"open","sticky":false,"template":"","format":"standard","meta":{"_stopmodifiedupdate":false,"_modified_date":"","inline_featured_image":false,"spay_email":"","jetpack_publicize_message":""},"categories":[2,514],"tags":[573,1282,19,1394],"jetpack_featured_media_url":"https:\/\/notinor.com\/jujuy\/wp-content\/uploads\/2022\/08\/Dise\u00f1o-sin-t\u00edtulo-4-3.jpg","jetpack_publicize_connections":[],"_links":{"self":[{"href":"https:\/\/notinor.com\/jujuy\/wp-json\/wp\/v2\/posts\/347710"}],"collection":[{"href":"https:\/\/notinor.com\/jujuy\/wp-json\/wp\/v2\/posts"}],"about":[{"href":"https:\/\/notinor.com\/jujuy\/wp-json\/wp\/v2\/types\/post"}],"author":[{"embeddable":true,"href":"https:\/\/notinor.com\/jujuy\/wp-json\/wp\/v2\/users\/40"}],"replies":[{"embeddable":true,"href":"https:\/\/notinor.com\/jujuy\/wp-json\/wp\/v2\/comments?post=347710"}],"version-history":[{"count":3,"href":"https:\/\/notinor.com\/jujuy\/wp-json\/wp\/v2\/posts\/347710\/revisions"}],"predecessor-version":[{"id":347737,"href":"https:\/\/notinor.com\/jujuy\/wp-json\/wp\/v2\/posts\/347710\/revisions\/347737"}],"wp:featuredmedia":[{"embeddable":true,"href":"https:\/\/notinor.com\/jujuy\/wp-json\/wp\/v2\/media\/347712"}],"wp:attachment":[{"href":"https:\/\/notinor.com\/jujuy\/wp-json\/wp\/v2\/media?parent=347710"}],"wp:term":[{"taxonomy":"category","embeddable":true,"href":"https:\/\/notinor.com\/jujuy\/wp-json\/wp\/v2\/categories?post=347710"},{"taxonomy":"post_tag","embeddable":true,"href":"https:\/\/notinor.com\/jujuy\/wp-json\/wp\/v2\/tags?post=347710"}],"curies":[{"name":"wp","href":"https:\/\/api.w.org\/{rel}","templated":true}]}}