{"id":347621,"date":"2022-08-02T09:20:51","date_gmt":"2022-08-02T12:20:51","guid":{"rendered":"https:\/\/notinor.com\/jujuy\/?p=347621"},"modified":"2022-08-02T09:20:57","modified_gmt":"2022-08-02T12:20:57","slug":"jujuy-dedica-el-mes-de-agosto-a-la-promocion-de-la-lactancia-materna","status":"publish","type":"post","link":"https:\/\/notinor.com\/jujuy\/jujuy-dedica-el-mes-de-agosto-a-la-promocion-de-la-lactancia-materna\/","title":{"rendered":"Jujuy dedica el mes de agosto a la promoci\u00f3n de la lactancia materna"},"content":{"rendered":"\n<p class=\"has-medium-font-size\"><strong><em>La campa\u00f1a 2022 resalta los m\u00faltiples beneficios de amamantar y de propiciar herramientas de acompa\u00f1amiento en una responsabilidad compartida clave en esta etapa de la vida.<\/em><\/strong><\/p>\n\n\n\n<p>Se dio a conocer que <strong>Jujuy adhiere a la Semana Mundial de la Lactancia 2022<\/strong> que inici\u00f3 este 1 de agosto desarroll\u00f3 una nutrida agenda de actividades hasta fin de mes con el objetivo de promover y poner en valor la <a href=\"https:\/\/notinor.com\/jujuy\/taller-sobre-lactancia-materna\/\">posibilidad de amamantar<\/a>, acci\u00f3n con impacto positivo e inmediato en la salud de la mam\u00e1 y el beb\u00e9 que requiere necesariamente de medidas de apoyo y acompa\u00f1amiento a nivel comunitario.<\/p>\n\n\n\n<p><strong>\u201cComo <a href=\"https:\/\/notinor.com\/jujuy\/crearan-un-nuevo-centro-de-lactancia-materna-y-banco-de-leche-en-el-hospital-materno-infantil\/\">sistema de salud<\/a>, como instituciones, como familia, como entorno podemos pensar en las diferentes alternativas y medidas que faciliten y apoyen amorosamente como una responsabilidad compartida el acto cotidiano y fundamental de amamantar\u201d,<\/strong> explic\u00f3 la Directora Provincial de Maternidad e Infancia, Claudia Castro, y agreg\u00f3 que <strong>\u201cdar la teta inicia con la propia decisi\u00f3n de la mam\u00e1 que contin\u00faa, despu\u00e9s del embarazo, poniendo su cuerpo al servicio de su o sus beb\u00e9s y que adem\u00e1s debe coincidir con condiciones \u00f3ptimas de salud. Considerando una situaci\u00f3n ideal, en una etapa sumamente sensible, debemos incluir tambi\u00e9n el acompa\u00f1amiento desde lo emocional, desde lo laboral con miras a licencias cada vez m\u00e1s superadoras y desde lo comunitario con espacios amigables con la lactancia\u201d<\/strong>.<\/p>\n\n\n\n<p><strong>\u201cSiempre que sea posible, dar la teta es la mejor opci\u00f3n para la salud de la mam\u00e1 y el beb\u00e9<\/strong>\u201d, sostuvo y detall\u00f3 que<strong> \u201cla leche humana cubre perfectamente las necesidades nutricionales e inmunol\u00f3gicas de la ni\u00f1a y el ni\u00f1o, es decir, es el mejor alimento, lo protege de enfermedades e infecciones a lo largo de los a\u00f1os, aporta a un mayor coeficiente intelectual, reduce la posibilidad de obesidad y a menor frecuencia de diabetes e hipertensi\u00f3n y reduce la morbimortalidad infantil mientras promueve el v\u00ednculo entre la mam\u00e1 y su beb\u00e9 contribuyendo de manera simult\u00e1nea a la seguridad alimentaria de toda la familia considerando sobre todo el factor econ\u00f3mico y el car\u00e1cter sustentable de la lactancia\u201d<\/strong>.<\/p>\n\n\n\n<p>C\u00f3mo primer eslab\u00f3n, se\u00f1al\u00f3 que <strong>\u201ces muy importante que cada persona con capacidad de gestar pueda planificar, pueda decidir cu\u00e1ndo iniciar el camino del embarazo accediendo a los m\u00e9todos anticonceptivos disponibles si no es el caso\u201d<\/strong>. Del mismo modo, afirm\u00f3 que <strong>\u201cest\u00e1 asegurada la asistencia de los equipos de salud para garantizar los derechos de las familias, para que en las situaciones que la decisi\u00f3n o aceptaci\u00f3n del cuidado y control del embarazo suceda, se inicien las acciones de informaci\u00f3n y capacitaci\u00f3n en t\u00e9cnicas de amamantamiento para lograr una exitosa lactancia\u201d<\/strong>.<\/p>\n\n\n\n<h3><strong>Para tener en cuenta<\/strong><\/h3>\n\n\n\n<p>Siempre de acuerdo a la situaci\u00f3n de salud particular, se recomienda:<\/p>\n\n\n\n<ul><li>Iniciar con la lactancia dentro de la primera hora del nacimiento, la \u201chora de oro\u201d<\/li><\/ul>\n\n\n\n<ul><li>Ofrecer lactancia exclusiva (\u00fanico alimento) hasta los seis meses de edad del beb\u00e9<\/li><\/ul>\n\n\n\n<ul><li>Continuar la lactancia junto con alimentos complementarios nutricionalmente adecuados y seguros, hasta los dos a\u00f1os de edad.<\/li><\/ul>\n\n\n\n<h3><strong><a href=\"https:\/\/notinor.com\/jujuy\/lactancia-materna-y-vacunacion-anti-covid-las-10-preguntas-que-todas-las-madres-se-hacen\/\">Lactancia y Covid-19<\/a><\/strong><\/h3>\n\n\n\n<p>La persona con resultado positivo puede amamantar si as\u00ed lo desea, recordando:<\/p>\n\n\n\n<ul><li>Utilizar barbijo de manera correcta<\/li><\/ul>\n\n\n\n<ul><li>Lavar las manos con agua y jab\u00f3n antes y despu\u00e9s del contacto con el beb\u00e9<\/li><\/ul>\n\n\n\n<h3><strong>Cronograma de actividades<\/strong><\/h3>\n\n\n\n<p><strong>Martes 2 de agosto. 11 a 13 hs. Encuentro virtual abierto a equipos de salud y comunidad en general<\/strong><\/p>\n\n\n\n<ul><li>Apertura del Mes de la\u00a0Lactancia Materna. Dra. Claudia Castro (Directora de Dir. Prov. de Maternidad e Infancia - Ministerio de Salud de Jujuy)<\/li><\/ul>\n\n\n\n<ul><li>Apertura del Curso virtual: \u201cApoyando y Educando en Lactancia Materna\u201d. Dr. Carlos Quinteros (Sociedad Argentina de Pediatr\u00eda Filial Jujuy)<\/li><\/ul>\n\n\n\n<ul><li>Primer encuentro del Curso virtual \u201cApoyando y Educando en Lactancia Materna\u201d. Tema: Ictericia e Influencia en la Lactancia. Dra. Carina Krasnoff (CABA)<\/li><\/ul>\n\n\n\n<p><strong>Mi\u00e9rcoles 3 de agosto. 9 a 12 horas en Plaza de Abra Pampa Mi\u00e9rcoles y 10 a 13 horas en Comunidad aborigen Tape+V+TU. San Pedro. Jornada \u201cActitudes y pr\u00e1cticas sobre lactancia en comunidades ind\u00edgenas de Jujuy\u201d<\/strong><\/p>\n\n\n\n<ul><li>Stands informativos, di\u00e1logo de saberes ancestrales, folleter\u00eda, juegos recreativos<\/li><\/ul>\n\n\n\n<p><strong>Jueves 4 de agosto. 15 a 18 horas. Parque San Martin<\/strong><\/p>\n\n\n\n<ul><li>Exposici\u00f3n de Stands de promoci\u00f3n de Lactancia, Radio Abierta y pintada de mural<\/li><\/ul>\n\n\n\n<ul><li>Actividades de promoci\u00f3n y apoyo a la lactancia<\/li><\/ul>\n\n\n\n<p><strong>Viernes 5 de agosto. 10 a 11.30 horas. Encuentro virtual destinado a los equipos de salud<\/strong><\/p>\n\n\n\n<ul><li>Relato de experiencias desde una perspectiva integral y comunitaria de provincias seleccionadas<\/li><\/ul>\n\n\n\n<p><strong>Viernes 5 de agosto. 8 a 12 horas. Plaza Libertador General San Martin. Jornada \u201cActitudes y pr\u00e1cticas sobre lactancia en comunidades ind\u00edgenas de Jujuy\u201d<\/strong><\/p>\n\n\n\n<ul><li>Stands informativos, di\u00e1logo de saberes ancestrales, folleter\u00eda, juegos recreativos<\/li><\/ul>\n\n\n\n<p><strong>Martes 9 de agosto. 11 a 13 horas. Segundo encuentro del Curso virtual \u201cApoyando y Educando en Lactancia Materna\u201d abierto a equipos de salud y comunidad en general<\/strong><\/p>\n\n\n\n<ul><li>Temas: Amamantamiento en la primera hora de vida. Efectos de las rutinas del parto en la lactancia materna. Lactancia en ni\u00f1os mayores. Construyendo el futuro f\u00edsico y psicol\u00f3gico, con cada gota de leche materna. Lic M\u00f3nica Tesone (Bs.As.).<\/li><\/ul>\n\n\n\n<p><strong>Viernes 12 de agosto. 9 a 12 horas. Plaza Purmamarca. Jornada \u201cActitudes y pr\u00e1cticas sobre lactancia en comunidades ind\u00edgenas de Jujuy\u201d<\/strong><\/p>\n\n\n\n<ul><li>Stands informativos, di\u00e1logo de saberes ancestrales, folleter\u00eda, juegos recreativos<\/li><\/ul>\n\n\n\n<p><strong>Martes 16 de agosto. 11 a 13 horas. Tercer encuentro del Curso virtual \u201cApoyando y Educando en Lactancia Materna\u201d abierto a equipos de salud y comunidad en general<\/strong><\/p>\n\n\n\n<ul><li>Temas: Beneficios y Efectos en el Medio ambiente. Dra. Patricia Barrios Skrok (Bs.As.)<\/li><\/ul>\n\n\n\n<ul><li>Erradicando mitos en la Lactancia Materna. Lic. Judith Nolasco (Jujuy)<\/li><\/ul>\n\n\n\n<p><strong>Viernes 19 de agosto. 9 a 12 horas. Hall Hospital Gallardo de Palpal\u00e1. Jornada \u201cActitudes y pr\u00e1cticas sobre lactancia en comunidades ind\u00edgenas de Jujuy\u201d<\/strong><\/p>\n\n\n\n<ul><li>Stands informativos, di\u00e1logo de saberes ancestrales, folleter\u00eda, juegos recreativos<\/li><\/ul>\n\n\n\n<p>Lunes 22 de agosto. 10 a 12 horas. CAPS Molinos. Encuentro de Mujeres<\/p>\n\n\n\n<ul><li>Charlas y relatos de experiencias como lactantes<\/li><\/ul>\n\n\n\n<p><strong>Martes 30 de agosto. 11 a 13 horas. Cuarto encuentro del Curso virtual \u201cApoyando y Educando en Lactancia Materna\u201d abierto a equipos de salud y comunidad en general<\/strong><\/p>\n\n\n\n<ul><li>Temas: Iniciativa Centro de Salud Amigo de la Lactancia y A.P.S. Realidades y Controversias. Dra. Vera May (Bs.As.). Lic. Mar\u00eda del Carmen Arroyuelo (Bs.As.). Dr. Gerardo Albarrac\u00edn (Tucum\u00e1n) Dr. Mario Mart\u00ednez (Bs.As.)<\/li><\/ul>\n\n\n\n<ul><li>Compromiso a Centro de Salud amigo en la provincia. Dra. Claudia Lipari (Jujuy)<\/li><\/ul>\n\n\n\n<ul><li>Cierre del curso virtual. Dr. Carlos Quinteros (Sociedad Argentina de Pediatr\u00eda Filial Jujuy)<\/li><\/ul>\n\n\n\n<p><strong>Mi\u00e9rcoles 31 de agosto. 9 a 12 horas. Tilcara. Cierre Mes de la Lactancia Materna abierto a equipos de salud y comunidad en general<\/strong><\/p>\n\n\n\n<ul><li>Ceremonia de la Pachamama. Referente de Comunidades Originarias. Actitudes y pr\u00e1cticas de las madres de comunidades ind\u00edgenas de Jujuy en la Lactancia Materna. Exposici\u00f3n de stands.<\/li><\/ul>\n\n\n\n<ul><li>D\u00eda Internacional de la Obstetricia: Importancia del rol Obst\u00e9trico en la Lactancia.<\/li><\/ul>\n\n\n\n<ul><li>Presentaci\u00f3n de los datos preliminares de EnaLac 2022. (\u00c1rea de Nutrici\u00f3n - Direcci\u00f3n Prov. de Maternidad e Infancia)<\/li><\/ul>\n\n\n\n<ul><li>Palabras de Cierre del Mes de la Lactancia<\/li><\/ul>\n","protected":false},"excerpt":{"rendered":"<p>La campa\u00f1a 2022 resalta los m\u00faltiples beneficios de amamantar y de propiciar herramientas de acompa\u00f1amiento en una responsabilidad compartida clave en esta etapa de la vida. Se dio a conocer que Jujuy adhiere a la Semana Mundial de la Lactancia 2022 que inici\u00f3 este 1 de agosto desarroll\u00f3 una nutrida agenda de actividades hasta fin [&hellip;]<\/p>\n","protected":false},"author":52,"featured_media":347626,"comment_status":"open","ping_status":"open","sticky":false,"template":"","format":"standard","meta":{"_stopmodifiedupdate":false,"_modified_date":"","inline_featured_image":false,"spay_email":"","jetpack_publicize_message":""},"categories":[490,514],"tags":[19,1383],"jetpack_featured_media_url":"https:\/\/notinor.com\/jujuy\/wp-content\/uploads\/2022\/08\/preguntaslactancia.png","jetpack_publicize_connections":[],"_links":{"self":[{"href":"https:\/\/notinor.com\/jujuy\/wp-json\/wp\/v2\/posts\/347621"}],"collection":[{"href":"https:\/\/notinor.com\/jujuy\/wp-json\/wp\/v2\/posts"}],"about":[{"href":"https:\/\/notinor.com\/jujuy\/wp-json\/wp\/v2\/types\/post"}],"author":[{"embeddable":true,"href":"https:\/\/notinor.com\/jujuy\/wp-json\/wp\/v2\/users\/52"}],"replies":[{"embeddable":true,"href":"https:\/\/notinor.com\/jujuy\/wp-json\/wp\/v2\/comments?post=347621"}],"version-history":[{"count":1,"href":"https:\/\/notinor.com\/jujuy\/wp-json\/wp\/v2\/posts\/347621\/revisions"}],"predecessor-version":[{"id":347630,"href":"https:\/\/notinor.com\/jujuy\/wp-json\/wp\/v2\/posts\/347621\/revisions\/347630"}],"wp:featuredmedia":[{"embeddable":true,"href":"https:\/\/notinor.com\/jujuy\/wp-json\/wp\/v2\/media\/347626"}],"wp:attachment":[{"href":"https:\/\/notinor.com\/jujuy\/wp-json\/wp\/v2\/media?parent=347621"}],"wp:term":[{"taxonomy":"category","embeddable":true,"href":"https:\/\/notinor.com\/jujuy\/wp-json\/wp\/v2\/categories?post=347621"},{"taxonomy":"post_tag","embeddable":true,"href":"https:\/\/notinor.com\/jujuy\/wp-json\/wp\/v2\/tags?post=347621"}],"curies":[{"name":"wp","href":"https:\/\/api.w.org\/{rel}","templated":true}]}}