{"id":347612,"date":"2022-08-01T20:48:00","date_gmt":"2022-08-01T23:48:00","guid":{"rendered":"https:\/\/notinor.com\/jujuy\/?p=347612"},"modified":"2022-08-02T09:16:36","modified_gmt":"2022-08-02T12:16:36","slug":"celebramos-cuatro-anos-del-parque-xibi-xibi","status":"publish","type":"post","link":"https:\/\/notinor.com\/jujuy\/celebramos-cuatro-anos-del-parque-xibi-xibi\/","title":{"rendered":"Celebramos cuatro a\u00f1os del Parque Xibi Xibi"},"content":{"rendered":"\n<p><em><strong>Presente en la tarde de festejos estuvo el intendente de la ciudad, Ra\u00fal \u201cChuli\u201d Jorge, quien reconoci\u00f3 <em><strong>\u201c<\/strong><\/em>son\u00a0<em><strong>cuatro a\u00f1os de celebrar convivir con la naturaleza, la recreaci\u00f3n y la familia, en<\/strong><\/em>\u00a0una fiesta compartida, entre los que se apropian de este especial lugar de la Ciudad, que hemos recuperado para todos los juje\u00f1os<em><strong>\u201c<\/strong><\/em>\u00a0.<\/strong><\/em><\/p>\n\n\n\n<div class=\"wp-block-image\"><figure class=\"aligncenter size-large is-resized\"><img decoding=\"async\" loading=\"lazy\" src=\"https:\/\/notinor.com\/jujuy\/wp-content\/uploads\/2022\/08\/Chuli-Xibi-739x480.jpg\" alt=\"\" class=\"wp-image-347617\" width=\"607\" height=\"394\" srcset=\"https:\/\/notinor.com\/jujuy\/wp-content\/uploads\/2022\/08\/Chuli-Xibi-739x480.jpg 739w, https:\/\/notinor.com\/jujuy\/wp-content\/uploads\/2022\/08\/Chuli-Xibi-562x365.jpg 562w, https:\/\/notinor.com\/jujuy\/wp-content\/uploads\/2022\/08\/Chuli-Xibi-768x499.jpg 768w, https:\/\/notinor.com\/jujuy\/wp-content\/uploads\/2022\/08\/Chuli-Xibi-750x487.jpg 750w, https:\/\/notinor.com\/jujuy\/wp-content\/uploads\/2022\/08\/Chuli-Xibi.jpg 1024w\" sizes=\"(max-width: 607px) 100vw, 607px\" \/><\/figure><\/div>\n\n\n\n<p>La Municipalidad de San Salvador de Jujuy conmemor\u00f3 este cuarto aniversario con una jornada en la que una multitud de vecinos que acudi\u00f3 a la convocatoria en el Anfiteatro Las Lavanderas, pudo disfrutar y participar de actividades recreativas y culturales que incluyeron espect\u00e1culos musicales, muestras y talleres sobre diversidad y ambiente.<\/p>\n\n\n\n<p>Rememorando los dif\u00edciles momentos vividos en la previa al inicio de obras del Parque, el intendente contrast\u00f3, \u201c<em><strong>hab\u00eda mucha gente que expres\u00f3 duras cr\u00edticas, cortaban calles y se opon\u00edan a esta obra, y hoy se puede ver como se recuper\u00f3 la biodiversidad y como se goza en este espacio&nbsp;<\/strong>tan especial que no parece que estuviera dentro de la Ciudad y est\u00e1 tan cercano y pr\u00e1cticamente ligado a todo<\/em>s\u201d.<\/p>\n\n\n\n<p>Y adelant\u00f3,&nbsp;<em><strong>\u201cvamos a seguir apostando por desarrollar m\u00e1s espacios verdes<\/strong>, m\u00e1s biodiversidad, m\u00e1s forestaci\u00f3n, m\u00e1s interconexi\u00f3n con m\u00e1s usos de movilidad como las bicicletas y&nbsp;<strong>el segundo ascensor urbano que estamos planificando para Villa Belgrano y toda el \u00e1rea baja de la ciudad<\/strong><\/em>\u201c.<\/p>\n\n\n\n<p>Por su parte, el presidente del Concejo Deliberante capitalino, Lisandro Aguiar, tambi\u00e9n record\u00f3,<strong>&nbsp;\u201c<\/strong><em><strong>hace cuatro a\u00f1os era un espacio olvidado al que la Ciudad le hab\u00eda dado la espalda e incluso se hab\u00eda transformado en un basurero,<\/strong>&nbsp;y ver hoy gente disfrutando al lado del r\u00edo, en el Anfiteatro, compartiendo, tomando mate, aprovechando este espacio, es incre\u00edble y nos llena el alma\u201d, y enfatiz\u00f3, \u201ces la buena pol\u00edtica; cuando el Intendente so\u00f1\u00f3 este espacio hubo mucha gente que se opon\u00eda y&nbsp;<strong>hoy es el coraz\u00f3n de la ciudad de San Salvador de Jujuy, uno de los mejores parques que tiene la Rep\u00fablica Argentin<\/strong><\/em><strong>a\u201d.<\/strong><\/p>\n\n\n\n<div class=\"wp-block-image\"><figure class=\"aligncenter size-large is-resized\"><img decoding=\"async\" loading=\"lazy\" src=\"https:\/\/notinor.com\/jujuy\/wp-content\/uploads\/2022\/08\/Chuli-Xibi-840x402.jpeg\" alt=\"\" class=\"wp-image-347618\" width=\"618\" height=\"296\" srcset=\"https:\/\/notinor.com\/jujuy\/wp-content\/uploads\/2022\/08\/Chuli-Xibi-840x402.jpeg 840w, https:\/\/notinor.com\/jujuy\/wp-content\/uploads\/2022\/08\/Chuli-Xibi-660x316.jpeg 660w, https:\/\/notinor.com\/jujuy\/wp-content\/uploads\/2022\/08\/Chuli-Xibi-768x368.jpeg 768w, https:\/\/notinor.com\/jujuy\/wp-content\/uploads\/2022\/08\/Chuli-Xibi-750x359.jpeg 750w, https:\/\/notinor.com\/jujuy\/wp-content\/uploads\/2022\/08\/Chuli-Xibi.jpeg 1024w\" sizes=\"(max-width: 618px) 100vw, 618px\" \/><\/figure><\/div>\n\n\n\n<h2>Limpieza, Mantenimiento, Difusi\u00f3n y Concientizaci\u00f3n los 365 d\u00edas del a\u00f1o<\/h2>\n\n\n\n<p>Refiri\u00e9ndose a la consolidaci\u00f3n de una pol\u00edtica p\u00fablica urban\u00edstica de transformaci\u00f3n de la ciudad mediante la proliferaci\u00f3n de espacios verdes sustentables y amigables con el medioambiente, el secretario de Servicios P\u00fablicos, Guillermo Marenco, resalt\u00f3,&nbsp;<strong>\u201c<\/strong><em><strong>en estos primeros cuatro a\u00f1os&nbsp; el rol del empleado municipal, especialmente del \u00e1rea de Servicios P\u00fablicos, tuvo una importancia fundamental&nbsp;<\/strong>habida cuenta que la limpieza, el mantenimiento de las especies arb\u00f3reas y florales, el riego, est\u00e1n a cargo de la Direcci\u00f3n General de Higiene Urbana y de la Direcci\u00f3n de Espacios Verdes, gente que trabaja de lunes a lunes los 365 d\u00edas de a\u00f1o<\/em>\u201c.<\/p>\n\n\n\n<p>Tambi\u00e9n destac\u00f3,&nbsp;<strong>\u201c<\/strong><em><strong>el proyecto de iluminaci\u00f3n que hicimos en este Parque es importante y se pens\u00f3 para que tuviera una perspectiva de diez a\u00f1os sin&nbsp; ning\u00fan tipo de problemas<\/strong>; ofrece seguridad a las avenidas Yrigoyen, 19 de Abril y Martiarena, y hacia el interior tambi\u00e9n donde tenemos muchos juegos infantiles, gimnasios urbanos y juegos tem\u00e1ticos, e ilumina tambi\u00e9n esta gran carpeta que hemos dise\u00f1ado para poder afrontar lo que va a ser la Marcha Evocativa del 22 de agosto<\/em>\u201c.<\/p>\n\n\n\n<p>\u201c<em>En definitiva, le estamos encontrando el 100% de utilidad que brinda este Parque para que lo puedan disfrutar la totalidad de los visitantes, tanto los vecinos como los turistas;&nbsp;<strong>contra todos los pron\u00f3sticos que se hac\u00edan hace cuatro a\u00f1os, se pensaba que esto iba a tener que ser privatizado en materia de mantenimiento, asumimos el desaf\u00edo y vimos que pod\u00edamos hacerlo<\/strong><\/em><strong>\u201c<\/strong>, concluy\u00f3.<\/p>\n\n\n\n<p>A su turno, la secretaria de Planificaci\u00f3n y Ambiente, Adriana D\u00edaz, se refiri\u00f3 al importante despliegue de campa\u00f1as de difusi\u00f3n y concientizaci\u00f3n ambiental realizadas en la jornada de celebraci\u00f3n y realiz\u00f3 un positivo balance de los resultados obtenidos, \u201c<em>adem\u00e1s de los stands del \u00e1rea de Gesti\u00f3n Ambiental, Club de Emprendedores, Parque Bot\u00e1nico, Pro-Bio y otras instituciones que nos acompa\u00f1aron en las campa\u00f1as de difusi\u00f3n y concientizaci\u00f3n,&nbsp;<strong>desplegamos un Punto Blanco que recogi\u00f3 m\u00e1s de 200 litros de aceite vegetal usado, que luego es retirado por una empresa que lo reconvierte en biocombustible; tambi\u00e9n hemos tenido cuatro Puntos Verdes que recolectan material reciclable, donde nos acompa\u00f1aron los promotores ambientales barriales y superamos las expectativas con todos los big bags lleno<\/strong><\/em><strong><em>s<\/em>\u201c,&nbsp;<\/strong>y explic\u00f3 \u201c<em>cada big bag tiene aproximadamente 1 metro c\u00fabico y hemos llenado cuatro\u201d.<\/em><\/p>\n\n\n\n<p>Fue una tarde inolvidable con un hermoso atardecer de tel\u00f3n de fondo de una jornada con campa\u00f1as de difusi\u00f3n y concientizaci\u00f3n que se sumaron a las actividades culturales programadas que incluyeron la presentaci\u00f3n de ballets y el espect\u00e1culo musical a cargo del D\u00fao Tacta, Skalarastra y Echale Soda, grupos que deleitaron a la multitud de vecinos con folklore, reggae y rock.<\/p>\n\n\n\n<div class=\"wp-block-image\"><figure class=\"aligncenter size-large is-resized\"><img decoding=\"async\" loading=\"lazy\" src=\"https:\/\/notinor.com\/jujuy\/wp-content\/uploads\/2022\/08\/Xib-XIBI-690x480.jpg\" alt=\"\" class=\"wp-image-347619\" width=\"603\" height=\"419\" srcset=\"https:\/\/notinor.com\/jujuy\/wp-content\/uploads\/2022\/08\/Xib-XIBI-690x480.jpg 690w, https:\/\/notinor.com\/jujuy\/wp-content\/uploads\/2022\/08\/Xib-XIBI-525x365.jpg 525w, https:\/\/notinor.com\/jujuy\/wp-content\/uploads\/2022\/08\/Xib-XIBI-768x534.jpg 768w, https:\/\/notinor.com\/jujuy\/wp-content\/uploads\/2022\/08\/Xib-XIBI-750x521.jpg 750w, https:\/\/notinor.com\/jujuy\/wp-content\/uploads\/2022\/08\/Xib-XIBI.jpg 1024w\" sizes=\"(max-width: 603px) 100vw, 603px\" \/><\/figure><\/div>\n","protected":false},"excerpt":{"rendered":"<p>Presente en la tarde de festejos estuvo el intendente de la ciudad, Ra\u00fal \u201cChuli\u201d Jorge, quien reconoci\u00f3 \u201cson\u00a0cuatro a\u00f1os de celebrar convivir con la naturaleza, la recreaci\u00f3n y la familia, en\u00a0una fiesta compartida, entre los que se apropian de este especial lugar de la Ciudad, que hemos recuperado para todos los juje\u00f1os\u201c\u00a0. La Municipalidad de [&hellip;]<\/p>\n","protected":false},"author":5,"featured_media":347616,"comment_status":"open","ping_status":"open","sticky":false,"template":"","format":"standard","meta":{"_stopmodifiedupdate":false,"_modified_date":"","inline_featured_image":false,"spay_email":"","jetpack_publicize_message":""},"categories":[514],"tags":[],"jetpack_featured_media_url":"https:\/\/notinor.com\/jujuy\/wp-content\/uploads\/2022\/08\/Xibi-Xibi-.jpg","jetpack_publicize_connections":[],"_links":{"self":[{"href":"https:\/\/notinor.com\/jujuy\/wp-json\/wp\/v2\/posts\/347612"}],"collection":[{"href":"https:\/\/notinor.com\/jujuy\/wp-json\/wp\/v2\/posts"}],"about":[{"href":"https:\/\/notinor.com\/jujuy\/wp-json\/wp\/v2\/types\/post"}],"author":[{"embeddable":true,"href":"https:\/\/notinor.com\/jujuy\/wp-json\/wp\/v2\/users\/5"}],"replies":[{"embeddable":true,"href":"https:\/\/notinor.com\/jujuy\/wp-json\/wp\/v2\/comments?post=347612"}],"version-history":[{"count":2,"href":"https:\/\/notinor.com\/jujuy\/wp-json\/wp\/v2\/posts\/347612\/revisions"}],"predecessor-version":[{"id":347627,"href":"https:\/\/notinor.com\/jujuy\/wp-json\/wp\/v2\/posts\/347612\/revisions\/347627"}],"wp:featuredmedia":[{"embeddable":true,"href":"https:\/\/notinor.com\/jujuy\/wp-json\/wp\/v2\/media\/347616"}],"wp:attachment":[{"href":"https:\/\/notinor.com\/jujuy\/wp-json\/wp\/v2\/media?parent=347612"}],"wp:term":[{"taxonomy":"category","embeddable":true,"href":"https:\/\/notinor.com\/jujuy\/wp-json\/wp\/v2\/categories?post=347612"},{"taxonomy":"post_tag","embeddable":true,"href":"https:\/\/notinor.com\/jujuy\/wp-json\/wp\/v2\/tags?post=347612"}],"curies":[{"name":"wp","href":"https:\/\/api.w.org\/{rel}","templated":true}]}}