{"id":347506,"date":"2022-08-01T15:56:40","date_gmt":"2022-08-01T18:56:40","guid":{"rendered":"https:\/\/notinor.com\/jujuy\/?p=347506"},"modified":"2022-08-01T16:31:35","modified_gmt":"2022-08-01T19:31:35","slug":"carlos-haquim-la-figura-de-massa-genera-expectativa","status":"publish","type":"post","link":"https:\/\/notinor.com\/jujuy\/carlos-haquim-la-figura-de-massa-genera-expectativa\/","title":{"rendered":"Carlos Haquim: \u201cLa figura de Massa genera expectativa\u201d"},"content":{"rendered":"\n<p class=\"has-medium-font-size\"><strong><em>El vicegobernador de Jujuy consider\u00f3 que la designaci\u00f3n de Sergio Massa al frente de las \u00e1reas de Econom\u00eda, Producci\u00f3n y Ganader\u00eda abre las puertas a \u201cnuevas expectativas\u201d para el pa\u00eds y en particular para nuestra provincia, entendiendo que con el renovado gabinete se puede gestar una \u201cmejor relaci\u00f3n\u201d entre Jujuy y la Naci\u00f3n.<\/em><\/strong><\/p>\n\n\n\n<div class=\"wp-block-image\"><figure class=\"aligncenter size-large\"><img decoding=\"async\" loading=\"lazy\" width=\"800\" height=\"450\" src=\"https:\/\/notinor.com\/jujuy\/wp-content\/uploads\/2022\/08\/norte-grande.jpg\" alt=\"\" class=\"wp-image-347510\" srcset=\"https:\/\/notinor.com\/jujuy\/wp-content\/uploads\/2022\/08\/norte-grande.jpg 800w, https:\/\/notinor.com\/jujuy\/wp-content\/uploads\/2022\/08\/norte-grande-649x365.jpg 649w, https:\/\/notinor.com\/jujuy\/wp-content\/uploads\/2022\/08\/norte-grande-500x280.jpg 500w, https:\/\/notinor.com\/jujuy\/wp-content\/uploads\/2022\/08\/norte-grande-768x432.jpg 768w, https:\/\/notinor.com\/jujuy\/wp-content\/uploads\/2022\/08\/norte-grande-750x422.jpg 750w\" sizes=\"(max-width: 800px) 100vw, 800px\" \/><\/figure><\/div>\n\n\n\n<p>Adem\u00e1s, plante\u00f3 la necesidad de \u201caunar esfuerzos\u201d y <strong>\u201cponer todos lo que tenemos para cambiar la realidad\u201d<\/strong> del pa\u00eds. \u201cEn definitiva, el nuevo esquema del gabinete nacional encierra la posibilidad de <strong>salir de la crisis que estamos atravesando\u201d,<\/strong> sostuvo.<\/p>\n\n\n\n<p>\u201cEstimamos que la relaci\u00f3n entre Naci\u00f3n y Jujuy mejorar\u00e1 con <strong><a href=\"https:\/\/notinor.com\/jujuy\/massa-de-gira-viajara-a-ver-al-fmi-al-club-de-paris-y-a-qatar\/\" target=\"_blank\" aria-label=\"undefined (abre en una nueva pesta\u00f1a)\" rel=\"noreferrer noopener\">Massa\u201d,<\/a><\/strong> indic\u00f3 y record\u00f3 el trato personal que mantiene con el gobernador <strong><a href=\"https:\/\/notinor.com\/jujuy\/gerardo-morales-afirmo-que-si-el-fuera-presidente-los-grabois-no-duran-un-minuto\/\" target=\"_blank\" aria-label=\"undefined (abre en una nueva pesta\u00f1a)\" rel=\"noreferrer noopener\">Gerardo Morales.<\/a><\/strong> \u201cTrabajamos juntos en 2015 y <strong>guardamos una buena relaci\u00f3n\u201d,<\/strong> afirm\u00f3.<\/p>\n\n\n\n<p>\u201cEconom\u00eda, Producci\u00f3n y Ganader\u00eda son \u00e1reas directamente vinculadas con la <strong>generaci\u00f3n de actividades econ\u00f3micas y empleo\u201d,<\/strong> se\u00f1al\u00f3 y puntualiz\u00f3 que \u201cseguramente tendremos una buena relaci\u00f3n de cara a las necesidades de Jujuy\u201d.<\/p>\n\n\n\n<p>Ampli\u00f3 sus conceptos, remarcando que los <strong>cambios en el gabinete nacional<\/strong> \u201ctambi\u00e9n pueden reportar m\u00e1s obras y asistencia para Jujuy\u201d.<\/p>\n\n\n\n<p>Por otra parte, Haquim confirm\u00f3 la presencia de vicegobernadores del <strong><a href=\"https:\/\/notinor.com\/jujuy\/jujuy-sera-sede-de-la-proxima-asamblea-de-gobernadores-del-norte-grande-en-agosto\/\" target=\"_blank\" aria-label=\"undefined (abre en una nueva pesta\u00f1a)\" rel=\"noreferrer noopener\">Norte Grande<\/a><\/strong> en Jujuy durante el presente mes de agosto, en el marco de una reuni\u00f3n plenaria del Parlamento regional con la participaci\u00f3n de 120 legisladores de 10 provincias. \u201cSer\u00e1 la primera sesi\u00f3n del Parlamento del Norte Grande en Jujuy\u201d, subray\u00f3 finalmente.<\/p>\n","protected":false},"excerpt":{"rendered":"<p>El vicegobernador de Jujuy consider\u00f3 que la designaci\u00f3n de Sergio Massa al frente de las \u00e1reas de Econom\u00eda, Producci\u00f3n y Ganader\u00eda abre las puertas a \u201cnuevas expectativas\u201d para el pa\u00eds y en particular para nuestra provincia, entendiendo que con el renovado gabinete se puede gestar una \u201cmejor relaci\u00f3n\u201d entre Jujuy y la Naci\u00f3n. Adem\u00e1s, plante\u00f3 [&hellip;]<\/p>\n","protected":false},"author":49,"featured_media":347510,"comment_status":"open","ping_status":"open","sticky":false,"template":"","format":"standard","meta":{"_stopmodifiedupdate":false,"_modified_date":"","inline_featured_image":false,"spay_email":"","jetpack_publicize_message":""},"categories":[2,501],"tags":[],"jetpack_featured_media_url":"https:\/\/notinor.com\/jujuy\/wp-content\/uploads\/2022\/08\/norte-grande.jpg","jetpack_publicize_connections":[],"_links":{"self":[{"href":"https:\/\/notinor.com\/jujuy\/wp-json\/wp\/v2\/posts\/347506"}],"collection":[{"href":"https:\/\/notinor.com\/jujuy\/wp-json\/wp\/v2\/posts"}],"about":[{"href":"https:\/\/notinor.com\/jujuy\/wp-json\/wp\/v2\/types\/post"}],"author":[{"embeddable":true,"href":"https:\/\/notinor.com\/jujuy\/wp-json\/wp\/v2\/users\/49"}],"replies":[{"embeddable":true,"href":"https:\/\/notinor.com\/jujuy\/wp-json\/wp\/v2\/comments?post=347506"}],"version-history":[{"count":2,"href":"https:\/\/notinor.com\/jujuy\/wp-json\/wp\/v2\/posts\/347506\/revisions"}],"predecessor-version":[{"id":347515,"href":"https:\/\/notinor.com\/jujuy\/wp-json\/wp\/v2\/posts\/347506\/revisions\/347515"}],"wp:featuredmedia":[{"embeddable":true,"href":"https:\/\/notinor.com\/jujuy\/wp-json\/wp\/v2\/media\/347510"}],"wp:attachment":[{"href":"https:\/\/notinor.com\/jujuy\/wp-json\/wp\/v2\/media?parent=347506"}],"wp:term":[{"taxonomy":"category","embeddable":true,"href":"https:\/\/notinor.com\/jujuy\/wp-json\/wp\/v2\/categories?post=347506"},{"taxonomy":"post_tag","embeddable":true,"href":"https:\/\/notinor.com\/jujuy\/wp-json\/wp\/v2\/tags?post=347506"}],"curies":[{"name":"wp","href":"https:\/\/api.w.org\/{rel}","templated":true}]}}