{"id":347496,"date":"2022-08-01T15:49:39","date_gmt":"2022-08-01T18:49:39","guid":{"rendered":"https:\/\/notinor.com\/jujuy\/?p=347496"},"modified":"2022-08-01T15:55:41","modified_gmt":"2022-08-01T18:55:41","slug":"el-gobernador-gerardo-morales-agradecio-a-la-pachamama","status":"publish","type":"post","link":"https:\/\/notinor.com\/jujuy\/el-gobernador-gerardo-morales-agradecio-a-la-pachamama\/","title":{"rendered":"El gobernador Gerardo Morales agradeci\u00f3 a la Pachamama"},"content":{"rendered":"\n<p class=\"has-medium-font-size\"><strong><em>El Gobernador de la Provincia, Gerardo Morales, encabez\u00f3 junto a la ministra de Desarrollo Humano, Natalia Sarapura, equipo de gobierno y comunidades originarias la ceremonia de ofrenda a la Pachamama, que se concret\u00f3 en la localidad de Tumbaya. El Mandatario provincial agradeci\u00f3 a la Madre Tierra por todo lo brindado el \u00faltimo a\u00f1o, y pidi\u00f3 prosperidad, m\u00e1s producci\u00f3n y trabajo para todos los juje\u00f1os.<\/em><\/strong><\/p>\n\n\n\n<p>El Gobernador de la Provincia, Gerardo Morales, agradeci\u00f3 a los miembros de la comunidad por permitirles ofrendar a la Madre Tierra y record\u00f3 la importancia de \u00e9sta fecha <strong>\u201cagosto es el mes de Jujuy, no por nada somos <a href=\"https:\/\/notinor.com\/jujuy\/jujuy-capital-nacional-de-la-pachamama\/\">capital nacional de la Pachamama<\/a>, es un mes muy importante para nuestras comunidades, para nuestra cultura, para nuestro pueblo\u201d.<\/strong><\/p>\n\n\n\n<p>Agradeci\u00f3 y pidi\u00f3 por la salud del pueblo juje\u00f1o y argentino <strong>\u201cestamos superando de a poco una pandemia que ha golpeado fuerte a la humanidad. Que la Pacha nos de toda la energ\u00eda para poder superar todos estos momentos dif\u00edciles\u201d <\/strong>afirm\u00f3.<\/p>\n\n\n\n<p>Un momento para pedir y tambi\u00e9n agradecer, <strong>\u201ca la <a href=\"https:\/\/notinor.com\/jujuy\/pachamama-consejo-para-limpiar-la-casa-y-el-significado-de-cada-sahumador\/\">Pachamama <\/a>le agradecemos por todo el trabajo que le permite a nuestro pueblo juje\u00f1o en especial a las comunidades ind\u00edgenas que tenemos en nuestra provincia. Estamos muy agradecidos y tenemos que seguir cuidando nuestra tierra, el desaf\u00edo central es la lucha contra el cambio clim\u00e1tico\u201d,<\/strong> recalc\u00f3 finalmente Morales.<\/p>\n\n\n\n<p class=\"has-medium-font-size\"><strong>Una celebraci\u00f3n en familia<\/strong><\/p>\n\n\n\n<p>Junto a su <strong>mujer Tulia Snopek y su peque\u00f1a hija Guada<\/strong> realiz\u00f3 la tradicional ceremonia en su hogar.<\/p>\n\n\n\n<p><strong>\"Agradecemos por la energ\u00eda y todo lo bueno que llega a nuestra vidas. Tambi\u00e9n pedimos por la paz y la fortaleza de nuestro pueblo\u201d<\/strong>, afirm\u00f3 el mandatario mediante las redes sociales.<\/p>\n\n\n\n<figure><iframe loading=\"lazy\" src=\"https:\/\/www.facebook.com\/plugins\/post.php?href=https%3A%2F%2Fwww.facebook.com%2FGobernadorGerardoMorales%2Fposts%2Fpfbid026YiqwpiMN4XH3QAzTfpW2kSXZXrkWFBXNgTq5r7S4dWBWgDrcedDWmp2NagynrYml&amp;show_text=true&amp;width=500\" width=\"500\" height=\"735\" allowfullscreen=\"true\"><\/iframe><\/figure>\n","protected":false},"excerpt":{"rendered":"<p>El Gobernador de la Provincia, Gerardo Morales, encabez\u00f3 junto a la ministra de Desarrollo Humano, Natalia Sarapura, equipo de gobierno y comunidades originarias la ceremonia de ofrenda a la Pachamama, que se concret\u00f3 en la localidad de Tumbaya. El Mandatario provincial agradeci\u00f3 a la Madre Tierra por todo lo brindado el \u00faltimo a\u00f1o, y pidi\u00f3 [&hellip;]<\/p>\n","protected":false},"author":52,"featured_media":347504,"comment_status":"open","ping_status":"open","sticky":false,"template":"","format":"standard","meta":{"_stopmodifiedupdate":false,"_modified_date":"","inline_featured_image":false,"spay_email":"","jetpack_publicize_message":""},"categories":[2,490,514],"tags":[604,1341,1378],"jetpack_featured_media_url":"https:\/\/notinor.com\/jujuy\/wp-content\/uploads\/2022\/08\/WhatsApp-Image-2022-08-01-at-2.04.45-PM.jpeg","jetpack_publicize_connections":[],"_links":{"self":[{"href":"https:\/\/notinor.com\/jujuy\/wp-json\/wp\/v2\/posts\/347496"}],"collection":[{"href":"https:\/\/notinor.com\/jujuy\/wp-json\/wp\/v2\/posts"}],"about":[{"href":"https:\/\/notinor.com\/jujuy\/wp-json\/wp\/v2\/types\/post"}],"author":[{"embeddable":true,"href":"https:\/\/notinor.com\/jujuy\/wp-json\/wp\/v2\/users\/52"}],"replies":[{"embeddable":true,"href":"https:\/\/notinor.com\/jujuy\/wp-json\/wp\/v2\/comments?post=347496"}],"version-history":[{"count":3,"href":"https:\/\/notinor.com\/jujuy\/wp-json\/wp\/v2\/posts\/347496\/revisions"}],"predecessor-version":[{"id":347509,"href":"https:\/\/notinor.com\/jujuy\/wp-json\/wp\/v2\/posts\/347496\/revisions\/347509"}],"wp:featuredmedia":[{"embeddable":true,"href":"https:\/\/notinor.com\/jujuy\/wp-json\/wp\/v2\/media\/347504"}],"wp:attachment":[{"href":"https:\/\/notinor.com\/jujuy\/wp-json\/wp\/v2\/media?parent=347496"}],"wp:term":[{"taxonomy":"category","embeddable":true,"href":"https:\/\/notinor.com\/jujuy\/wp-json\/wp\/v2\/categories?post=347496"},{"taxonomy":"post_tag","embeddable":true,"href":"https:\/\/notinor.com\/jujuy\/wp-json\/wp\/v2\/tags?post=347496"}],"curies":[{"name":"wp","href":"https:\/\/api.w.org\/{rel}","templated":true}]}}