{"id":347438,"date":"2022-08-01T10:54:36","date_gmt":"2022-08-01T13:54:36","guid":{"rendered":"https:\/\/notinor.com\/jujuy\/?p=347438"},"modified":"2022-08-01T10:54:42","modified_gmt":"2022-08-01T13:54:42","slug":"177-anos-de-la-creacion-de-la-policia-de-jujuy","status":"publish","type":"post","link":"https:\/\/notinor.com\/jujuy\/177-anos-de-la-creacion-de-la-policia-de-jujuy\/","title":{"rendered":"177 a\u00f1os de la creaci\u00f3n de la Polic\u00eda de Jujuy"},"content":{"rendered":"\n<p class=\"has-medium-font-size\"><strong><em>Como cada 1\u00b0 de agosto, hoy se celebra 177 a\u00f1os de la creaci\u00f3n de la Polic\u00eda de la provincia de Jujuy.<\/em><\/strong><\/p>\n\n\n\n<p>En el d\u00eda de la fecha, se celebra un aniversario de la <strong>creaci\u00f3n de la Polic\u00eda de la provincia de Juju<\/strong>y. En el a\u00f1o 1845, durante el gobierno de Mariano Iturbe, se sancion\u00f3 el reglamento que dar\u00eda origen a la instituci\u00f3n.<\/p>\n\n\n\n<p>Para celebrar y recordar el d\u00eda, desde la p\u00e1gina oficial de la <a href=\"https:\/\/notinor.com\/jujuy\/siniestro-vial-dos-camiones-impactaron-en-ruta-66\/\">polic\u00eda de la provincia<\/a> se hizo extensivo el saludo para todo el personal que forma parte de la instituci\u00f3n desarrollando las distintas labores. <strong>Los actos centrales se celebran durante la ma\u00f1ana en Ciudad Cultural.<\/strong><\/p>\n","protected":false},"excerpt":{"rendered":"<p>Como cada 1\u00b0 de agosto, hoy se celebra 177 a\u00f1os de la creaci\u00f3n de la Polic\u00eda de la provincia de Jujuy. En el d\u00eda de la fecha, se celebra un aniversario de la creaci\u00f3n de la Polic\u00eda de la provincia de Jujuy. En el a\u00f1o 1845, durante el gobierno de Mariano Iturbe, se sancion\u00f3 el [&hellip;]<\/p>\n","protected":false},"author":52,"featured_media":347439,"comment_status":"open","ping_status":"open","sticky":false,"template":"","format":"standard","meta":{"_stopmodifiedupdate":false,"_modified_date":"","inline_featured_image":false,"spay_email":"","jetpack_publicize_message":""},"categories":[490,514],"tags":[1366,783,1367],"jetpack_featured_media_url":"https:\/\/notinor.com\/jujuy\/wp-content\/uploads\/2022\/08\/policia-de-jujuy-e1659361969362.jpg","jetpack_publicize_connections":[],"_links":{"self":[{"href":"https:\/\/notinor.com\/jujuy\/wp-json\/wp\/v2\/posts\/347438"}],"collection":[{"href":"https:\/\/notinor.com\/jujuy\/wp-json\/wp\/v2\/posts"}],"about":[{"href":"https:\/\/notinor.com\/jujuy\/wp-json\/wp\/v2\/types\/post"}],"author":[{"embeddable":true,"href":"https:\/\/notinor.com\/jujuy\/wp-json\/wp\/v2\/users\/52"}],"replies":[{"embeddable":true,"href":"https:\/\/notinor.com\/jujuy\/wp-json\/wp\/v2\/comments?post=347438"}],"version-history":[{"count":1,"href":"https:\/\/notinor.com\/jujuy\/wp-json\/wp\/v2\/posts\/347438\/revisions"}],"predecessor-version":[{"id":347442,"href":"https:\/\/notinor.com\/jujuy\/wp-json\/wp\/v2\/posts\/347438\/revisions\/347442"}],"wp:featuredmedia":[{"embeddable":true,"href":"https:\/\/notinor.com\/jujuy\/wp-json\/wp\/v2\/media\/347439"}],"wp:attachment":[{"href":"https:\/\/notinor.com\/jujuy\/wp-json\/wp\/v2\/media?parent=347438"}],"wp:term":[{"taxonomy":"category","embeddable":true,"href":"https:\/\/notinor.com\/jujuy\/wp-json\/wp\/v2\/categories?post=347438"},{"taxonomy":"post_tag","embeddable":true,"href":"https:\/\/notinor.com\/jujuy\/wp-json\/wp\/v2\/tags?post=347438"}],"curies":[{"name":"wp","href":"https:\/\/api.w.org\/{rel}","templated":true}]}}