{"id":347434,"date":"2022-08-01T10:40:20","date_gmt":"2022-08-01T13:40:20","guid":{"rendered":"https:\/\/notinor.com\/jujuy\/?p=347434"},"modified":"2022-08-01T10:40:25","modified_gmt":"2022-08-01T13:40:25","slug":"se-extendio-el-plazo-de-inscripcion-para-conservar-los-subsidios","status":"publish","type":"post","link":"https:\/\/notinor.com\/jujuy\/se-extendio-el-plazo-de-inscripcion-para-conservar-los-subsidios\/","title":{"rendered":"Se extendi\u00f3 el plazo de inscripci\u00f3n para conservar los subsidios"},"content":{"rendered":"\n<p class=\"has-medium-font-size\"><strong><em>El Gobierno Nacional resolvi\u00f3 que exista una etapa para poder realizar cambios en los formularios para la segmentaci\u00f3n de tarifas y seg\u00fan aseguran, no tendr\u00e1 fecha de cierre.<\/em><\/strong><\/p>\n\n\n\n<div class=\"wp-block-image\"><figure class=\"aligncenter size-large is-resized\"><img decoding=\"async\" loading=\"lazy\" src=\"https:\/\/notinor.com\/jujuy\/wp-content\/uploads\/2022\/08\/Dise\u00f1o-sin-t\u00edtulo-6.jpg\" alt=\"\" class=\"wp-image-347435\" width=\"814\" height=\"407\" srcset=\"https:\/\/notinor.com\/jujuy\/wp-content\/uploads\/2022\/08\/Dise\u00f1o-sin-t\u00edtulo-6.jpg 600w, https:\/\/notinor.com\/jujuy\/wp-content\/uploads\/2022\/08\/Dise\u00f1o-sin-t\u00edtulo-6-360x180.jpg 360w\" sizes=\"(max-width: 814px) 100vw, 814px\" \/><\/figure><\/div>\n\n\n\n<p><strong>El gobierno nacional habr\u00eda extendido hasta hoy, 1\u00b0 de agosto, el tiempo para poder inscribirse en los formularios para la\u00a0segmentaci\u00f3n de tarifas\u00a0<\/strong>de las facturas de luz y gas, ya que todav\u00eda hab\u00eda casi un 40% de los argentinos que no lo hab\u00edan hecho.<\/p>\n\n\n\n<p><strong>S\u00f3lo el 63,5% se anot\u00f3 en este formulario para poder seguir recibiendo el subsidio en las facturas de luz y gas.<\/strong> El Gobierno Nacional estimaba que la quita de estos subsidios s\u00f3lo alcanzar\u00eda al 10% de los usuarios, pero si no se terminan de anotar, ser\u00e1n muchos m\u00e1s. Con todo este contexto y ante la falta de inscripciones, las autoridades decidieron que van a volver a extender el plazo de inscripci\u00f3n para que todos los que faltan (que son muchos), puedan hacerlo. En principio, esta nueva fecha de cierre ser\u00eda el 15 de agosto.<\/p>\n\n\n\n<p><strong>El monto sobre el cual regir\u00e1 el umbral para conservar los subsidios (3,5 canastas que miden la pobreza del Indec) cambiar\u00e1 una vez por mes con el dato mensual que informa el Indec.<\/strong>\u00a0Por lo tanto, si un hogar hoy no est\u00e1 alcanzado por la quita de los subsidios, si sus ingresos aumentan y superan mes a mes las 3,5 canastas b\u00e1sicas totales perder\u00e1n el beneficio.<\/p>\n\n\n\n<p><strong>Una vez que los usuarios completen el formulario, el Gobierno Nacional va a cruzar datos de manera autom\u00e1tica una vez por mes, y de ah\u00ed va a dar de alta o de baja los subsidios en caso de que pueda identificar los ingresos. <\/strong>Obviamente que si no est\u00e1n registrados los montos, ser\u00e1 la persona que viva en el inmueble la que deba actualizar sus datos, en caso de que cambie su situaci\u00f3n econ\u00f3mica y requiera el subsidio.<\/p>\n","protected":false},"excerpt":{"rendered":"<p>El Gobierno Nacional resolvi\u00f3 que exista una etapa para poder realizar cambios en los formularios para la segmentaci\u00f3n de tarifas y seg\u00fan aseguran, no tendr\u00e1 fecha de cierre. El gobierno nacional habr\u00eda extendido hasta hoy, 1\u00b0 de agosto, el tiempo para poder inscribirse en los formularios para la\u00a0segmentaci\u00f3n de tarifas\u00a0de las facturas de luz y [&hellip;]<\/p>\n","protected":false},"author":40,"featured_media":347435,"comment_status":"open","ping_status":"open","sticky":false,"template":"","format":"standard","meta":{"_stopmodifiedupdate":false,"_modified_date":"","inline_featured_image":false,"spay_email":"","jetpack_publicize_message":""},"categories":[2,5],"tags":[573,1365,1361],"jetpack_featured_media_url":"https:\/\/notinor.com\/jujuy\/wp-content\/uploads\/2022\/08\/Dise\u00f1o-sin-t\u00edtulo-6.jpg","jetpack_publicize_connections":[],"_links":{"self":[{"href":"https:\/\/notinor.com\/jujuy\/wp-json\/wp\/v2\/posts\/347434"}],"collection":[{"href":"https:\/\/notinor.com\/jujuy\/wp-json\/wp\/v2\/posts"}],"about":[{"href":"https:\/\/notinor.com\/jujuy\/wp-json\/wp\/v2\/types\/post"}],"author":[{"embeddable":true,"href":"https:\/\/notinor.com\/jujuy\/wp-json\/wp\/v2\/users\/40"}],"replies":[{"embeddable":true,"href":"https:\/\/notinor.com\/jujuy\/wp-json\/wp\/v2\/comments?post=347434"}],"version-history":[{"count":1,"href":"https:\/\/notinor.com\/jujuy\/wp-json\/wp\/v2\/posts\/347434\/revisions"}],"predecessor-version":[{"id":347436,"href":"https:\/\/notinor.com\/jujuy\/wp-json\/wp\/v2\/posts\/347434\/revisions\/347436"}],"wp:featuredmedia":[{"embeddable":true,"href":"https:\/\/notinor.com\/jujuy\/wp-json\/wp\/v2\/media\/347435"}],"wp:attachment":[{"href":"https:\/\/notinor.com\/jujuy\/wp-json\/wp\/v2\/media?parent=347434"}],"wp:term":[{"taxonomy":"category","embeddable":true,"href":"https:\/\/notinor.com\/jujuy\/wp-json\/wp\/v2\/categories?post=347434"},{"taxonomy":"post_tag","embeddable":true,"href":"https:\/\/notinor.com\/jujuy\/wp-json\/wp\/v2\/tags?post=347434"}],"curies":[{"name":"wp","href":"https:\/\/api.w.org\/{rel}","templated":true}]}}