{"id":347401,"date":"2022-07-31T21:07:00","date_gmt":"2022-08-01T00:07:00","guid":{"rendered":"https:\/\/notinor.com\/jujuy\/?p=347401"},"modified":"2022-07-31T09:07:00","modified_gmt":"2022-07-31T09:07:00","slug":"instalaran-nuevas-esculturas-de-las-lavanderas-en-el-parque-xibi-xibi-2","status":"publish","type":"post","link":"https:\/\/notinor.com\/jujuy\/instalaran-nuevas-esculturas-de-las-lavanderas-en-el-parque-xibi-xibi-2\/","title":{"rendered":"Instalar\u00e1n nuevas esculturas de \u201cLas Lavanderas\u201d en el parque Xibi Xibi"},"content":{"rendered":"\n<p><strong><em>Se trata de figuras de bronce dise\u00f1adas por el Director de Arte, Marcelo Pont, y confeccionadas por el escultor Carlos Benavidez. El intendente Ra\u00fal \u201cChuli\u201d Jorge detall\u00f3 que quedar\u00e1n apostadas de manera definitiva en un sector del emblem\u00e1tico Parque, en el marco de su cuarto aniversario. Dicha obra se complementar\u00e1 con una fuente de agua proveniente del r\u00edo y se podr\u00e1 apreciar con un moderno sistema de iluminaci\u00f3n.<\/em><\/strong><\/p>\n\n\n\n<div class=\"wp-block-image\"><figure class=\"aligncenter size-large is-resized\"><img decoding=\"async\" loading=\"lazy\" src=\"https:\/\/notinor.com\/jujuy\/wp-content\/uploads\/2022\/08\/obra-lavanderas-1-721x480.jpg\" alt=\"\" class=\"wp-image-347405\" width=\"614\" height=\"409\" srcset=\"https:\/\/notinor.com\/jujuy\/wp-content\/uploads\/2022\/08\/obra-lavanderas-1-721x480.jpg 721w, https:\/\/notinor.com\/jujuy\/wp-content\/uploads\/2022\/08\/obra-lavanderas-1-548x365.jpg 548w, https:\/\/notinor.com\/jujuy\/wp-content\/uploads\/2022\/08\/obra-lavanderas-1-768x512.jpg 768w, https:\/\/notinor.com\/jujuy\/wp-content\/uploads\/2022\/08\/obra-lavanderas-1-750x500.jpg 750w, https:\/\/notinor.com\/jujuy\/wp-content\/uploads\/2022\/08\/obra-lavanderas-1.jpg 1024w\" sizes=\"(max-width: 614px) 100vw, 614px\" \/><\/figure><\/div>\n\n\n\n<p>Recorriendo el Parque estuvo el Intendente Ra\u00fal \u201cChuli\u201d Jorge, qui\u00e9n adelant\u00f3 que \u201cen un sector muy pr\u00f3ximo donde est\u00e1n las esculturas de resina se est\u00e1 configurando un nuevo espacio que tambi\u00e9n va a contener el agua del r\u00edo, y estar\u00e1 complementado con iluminaci\u00f3n al monumento a<strong>&nbsp;\u2018Las Lavanderas\u2019 con esculturas que ser\u00e1n de bronce, un material noble que dura cientos de a\u00f1os<\/strong>, para de esta manera dejar ya plasmada esta idea que ha sido tomada por la gente como una referencia a la historia de nuestro querido Xibi Xibi, nuestro querido Parque, que est\u00e1 cumpliendo su cuarto aniversario que celebramos con actividades culturales y de concientizaci\u00f3n ambiental\u201d.<\/p>\n\n\n\n<p>Acompa\u00f1ando al intendente estuvo el secretario de Obras P\u00fablicas, Aldo Montiel, quien detall\u00f3: \u201cnos encontramos en el Parque Xibi Xibi, trabajando en tareas de mantenimiento de todo el Parque, y por supuesto cumpliendo con una deuda pendiente con el Parque y con la Ciudad: la instalaci\u00f3n de la escultura \u2018Las Lavanderas\u2019, las definitivas, que son de bronce fundido, que llegaron hace tiempo y por cuestiones operativas por la pandemia qued\u00f3 pendiente su instalaci\u00f3n. Estamos trabajando en el nuevo sector donde quedar\u00e1n implantadas \u2018Las Lavanderas\u2019,&nbsp;<strong>tenemos previsto el traslado de las mismas la semana que viene<\/strong>, ya terminamos la base para crear un lugar m\u00e1s para que la gente disfrute en nuestro Parque Xibi Xibi\u201d&nbsp;<\/p>\n","protected":false},"excerpt":{"rendered":"<p>Se trata de figuras de bronce dise\u00f1adas por el Director de Arte, Marcelo Pont, y confeccionadas por el escultor Carlos Benavidez. El intendente Ra\u00fal \u201cChuli\u201d Jorge detall\u00f3 que quedar\u00e1n apostadas de manera definitiva en un sector del emblem\u00e1tico Parque, en el marco de su cuarto aniversario. Dicha obra se complementar\u00e1 con una fuente de agua [&hellip;]<\/p>\n","protected":false},"author":5,"featured_media":347404,"comment_status":"open","ping_status":"open","sticky":false,"template":"","format":"standard","meta":{"_stopmodifiedupdate":false,"_modified_date":"","inline_featured_image":false,"spay_email":"","jetpack_publicize_message":""},"categories":[514],"tags":[19,1358],"jetpack_featured_media_url":"https:\/\/notinor.com\/jujuy\/wp-content\/uploads\/2022\/08\/obra-lavanderas.jpg","jetpack_publicize_connections":[],"_links":{"self":[{"href":"https:\/\/notinor.com\/jujuy\/wp-json\/wp\/v2\/posts\/347401"}],"collection":[{"href":"https:\/\/notinor.com\/jujuy\/wp-json\/wp\/v2\/posts"}],"about":[{"href":"https:\/\/notinor.com\/jujuy\/wp-json\/wp\/v2\/types\/post"}],"author":[{"embeddable":true,"href":"https:\/\/notinor.com\/jujuy\/wp-json\/wp\/v2\/users\/5"}],"replies":[{"embeddable":true,"href":"https:\/\/notinor.com\/jujuy\/wp-json\/wp\/v2\/comments?post=347401"}],"version-history":[{"count":1,"href":"https:\/\/notinor.com\/jujuy\/wp-json\/wp\/v2\/posts\/347401\/revisions"}],"predecessor-version":[{"id":347406,"href":"https:\/\/notinor.com\/jujuy\/wp-json\/wp\/v2\/posts\/347401\/revisions\/347406"}],"wp:featuredmedia":[{"embeddable":true,"href":"https:\/\/notinor.com\/jujuy\/wp-json\/wp\/v2\/media\/347404"}],"wp:attachment":[{"href":"https:\/\/notinor.com\/jujuy\/wp-json\/wp\/v2\/media?parent=347401"}],"wp:term":[{"taxonomy":"category","embeddable":true,"href":"https:\/\/notinor.com\/jujuy\/wp-json\/wp\/v2\/categories?post=347401"},{"taxonomy":"post_tag","embeddable":true,"href":"https:\/\/notinor.com\/jujuy\/wp-json\/wp\/v2\/tags?post=347401"}],"curies":[{"name":"wp","href":"https:\/\/api.w.org\/{rel}","templated":true}]}}