{"id":347380,"date":"2022-08-01T06:17:00","date_gmt":"2022-08-01T09:17:00","guid":{"rendered":"https:\/\/notinor.com\/jujuy\/?p=347380"},"modified":"2022-08-01T09:21:44","modified_gmt":"2022-08-01T12:21:44","slug":"1-de-agosto-dia-de-la-pachamama-2","status":"publish","type":"post","link":"https:\/\/notinor.com\/jujuy\/1-de-agosto-dia-de-la-pachamama-2\/","title":{"rendered":"1\u00b0 de agosto: d\u00eda de la Pachamama"},"content":{"rendered":"\n<p class=\"has-medium-font-size\"><strong><em>Una celebraci\u00f3n que homenajea a la Madre Tierra,\u00a0que engendra vida, nutre y protege.<\/em><\/strong><\/p>\n\n\n\n<div class=\"wp-block-image\"><figure class=\"aligncenter size-large is-resized\"><img decoding=\"async\" loading=\"lazy\" src=\"https:\/\/notinor.com\/jujuy\/wp-content\/uploads\/2022\/08\/Dise\u00f1o-sin-t\u00edtulo-1.jpg\" alt=\"\" class=\"wp-image-347381\" width=\"901\" height=\"451\" srcset=\"https:\/\/notinor.com\/jujuy\/wp-content\/uploads\/2022\/08\/Dise\u00f1o-sin-t\u00edtulo-1.jpg 600w, https:\/\/notinor.com\/jujuy\/wp-content\/uploads\/2022\/08\/Dise\u00f1o-sin-t\u00edtulo-1-360x180.jpg 360w\" sizes=\"(max-width: 901px) 100vw, 901px\" \/><\/figure><\/div>\n\n\n\n<p>Cada 1\u00b0 de agosto, adem\u00e1s de la tradicional celebraci\u00f3n, es el d\u00eda para alimentar a la Pachamama y ofrecerle todo lo que uno quiere que a su familia no le falte durante todo el a\u00f1o, seg\u00fan rezan las creencias. Por eso, te contamos qu\u00e9 rituales debes realizar. <strong>Este tiempo es muy importante para la cultura andina porque se recuerda el <a href=\"https:\/\/notinor.com\/jujuy\/pachamama-consejo-para-limpiar-la-casa-y-el-significado-de-cada-sahumador\/\">D\u00eda de la Pachamama<\/a>, el D\u00eda de la Madre Tierra. <\/strong>Este concepto proviene de la lengua quechua:\u00a0<em>Pacha<\/em>: \"<strong>mundo\"<\/strong>\u00a0o \"<strong>Tierra\"<\/strong>, y\u00a0<em>mama<\/em>: \"<strong>madre\"<\/strong>.<\/p>\n\n\n\n<p>En el norte argentino esta celebraci\u00f3n se vive con mucha intensidad. Se la conmemora durante todo el mes agosto pero, como indica la tradici\u00f3n, es el primer d\u00eda del mes cuando se realiza la ceremonia de ofrenda a la madre tierra por todo lo que ella ha provisto y brindado.<\/p>\n\n\n\n<h4><strong><em>\u00bfQu\u00e9 significa la Pachamama para los pueblos andinos?<\/em><\/strong><\/h4>\n\n\n\n<p>La Pachamama es una ceremonia, un ritual, una fiesta, una celebraci\u00f3n que debe tener dos mil o tres mil a\u00f1os, desde que los pueblos originarios son agricultores. Obviamente que fue cambiando a lo largo del tiempo. La Pachamama se inserta dentro del ciclo agro pastoril a lo largo del a\u00f1o, que en el mundo andino se divide solamente en la \u00e9poca seca y en la \u00e9poca h\u00fameda.\u00a0<strong>En la \u00e9poca seca se celebra la Pachamama, agradecemos lo cosechado en el per\u00edodo anterior del verano, y ofrendamos comidas, sahumamos, tomamos yerbeado, chichas culpada, api y la tistincha que es toda comida hervida hecha con mote de haba, mote de ma\u00edz, tamales.<\/strong><\/p>\n\n\n\n<h4><strong>\u00bfQu\u00e9 simboliza la ceremonia ancestral de la Pachamama?<\/strong><\/h4>\n\n\n\n<p><strong>La Pachamama viene a simbolizar el espacio y el tiempo<\/strong>, la Pacha, y la Mama, la naturaleza. Nosotros estamos conjugados en ese transitar del espacio, el tiempo y la naturaleza. Ah\u00ed est\u00e1n los cuatro elementos importantes para\u00a0<strong>la vida, el aire, el fuego, la tierra\u00a0y combinados todos ellos hacia nuestra vida. <\/strong>La ceremonia es ofrendarle, agradecerle al universo, a la tierra eso que hemos producido. Hoy, obviamente, sufri\u00f3 transformaciones pero es un agradecimiento.<\/p>\n\n\n\n<p><strong>El d\u00eda principal es el 1ro. de agosto.<\/strong> Previamente\u00a0hemos cosechado ma\u00edz, hicimos harina de ma\u00edz con la que vamos a preparar los tamales, preparamos el charqui\u00a0en abril y mayo cuando comenzamos con todo este proceso. Tambi\u00e9n\u00a0tenemos habas\u00a0que cosechamos, sus semillas se hierven, las papas oca,\u00a0comemos guiso de papa lisa, guiso de quinoa, nada de asado, nada frito, todo es hervido. La carne hervida solamente con mote en bateas.<\/p>\n","protected":false},"excerpt":{"rendered":"<p>Una celebraci\u00f3n que homenajea a la Madre Tierra,\u00a0que engendra vida, nutre y protege. Cada 1\u00b0 de agosto, adem\u00e1s de la tradicional celebraci\u00f3n, es el d\u00eda para alimentar a la Pachamama y ofrecerle todo lo que uno quiere que a su familia no le falte durante todo el a\u00f1o, seg\u00fan rezan las creencias. Por eso, te [&hellip;]<\/p>\n","protected":false},"author":40,"featured_media":347381,"comment_status":"open","ping_status":"open","sticky":false,"template":"","format":"standard","meta":{"_stopmodifiedupdate":false,"_modified_date":"","inline_featured_image":false,"spay_email":"","jetpack_publicize_message":""},"categories":[17,13],"tags":[],"jetpack_featured_media_url":"https:\/\/notinor.com\/jujuy\/wp-content\/uploads\/2022\/08\/Dise\u00f1o-sin-t\u00edtulo-1.jpg","jetpack_publicize_connections":[],"_links":{"self":[{"href":"https:\/\/notinor.com\/jujuy\/wp-json\/wp\/v2\/posts\/347380"}],"collection":[{"href":"https:\/\/notinor.com\/jujuy\/wp-json\/wp\/v2\/posts"}],"about":[{"href":"https:\/\/notinor.com\/jujuy\/wp-json\/wp\/v2\/types\/post"}],"author":[{"embeddable":true,"href":"https:\/\/notinor.com\/jujuy\/wp-json\/wp\/v2\/users\/40"}],"replies":[{"embeddable":true,"href":"https:\/\/notinor.com\/jujuy\/wp-json\/wp\/v2\/comments?post=347380"}],"version-history":[{"count":2,"href":"https:\/\/notinor.com\/jujuy\/wp-json\/wp\/v2\/posts\/347380\/revisions"}],"predecessor-version":[{"id":347383,"href":"https:\/\/notinor.com\/jujuy\/wp-json\/wp\/v2\/posts\/347380\/revisions\/347383"}],"wp:featuredmedia":[{"embeddable":true,"href":"https:\/\/notinor.com\/jujuy\/wp-json\/wp\/v2\/media\/347381"}],"wp:attachment":[{"href":"https:\/\/notinor.com\/jujuy\/wp-json\/wp\/v2\/media?parent=347380"}],"wp:term":[{"taxonomy":"category","embeddable":true,"href":"https:\/\/notinor.com\/jujuy\/wp-json\/wp\/v2\/categories?post=347380"},{"taxonomy":"post_tag","embeddable":true,"href":"https:\/\/notinor.com\/jujuy\/wp-json\/wp\/v2\/tags?post=347380"}],"curies":[{"name":"wp","href":"https:\/\/api.w.org\/{rel}","templated":true}]}}