{"id":347333,"date":"2022-08-01T07:11:54","date_gmt":"2022-08-01T10:11:54","guid":{"rendered":"https:\/\/notinor.com\/jujuy\/?p=347333"},"modified":"2022-07-31T23:17:46","modified_gmt":"2022-08-01T02:17:46","slug":"intento-de-saqueo-en-san-juan-pediran-que-les-suspendan-los-planes-sociales-a-los-detenidos","status":"publish","type":"post","link":"https:\/\/notinor.com\/jujuy\/intento-de-saqueo-en-san-juan-pediran-que-les-suspendan-los-planes-sociales-a-los-detenidos\/","title":{"rendered":"Intento de saqueo en San Juan: pedir\u00e1n que les suspendan los planes sociales a los detenidos"},"content":{"rendered":"\n<p class=\"has-medium-font-size\"><strong><em>Lo asegur\u00f3 el secretario de Seguridad y Orden P\u00fablico de esa provincia, Carlos Munisaga. \u201cVamos a ir hasta las \u00faltimas consecuencias\u201d, advirti\u00f3.<\/em><\/strong><\/p>\n\n\n\n<div class=\"wp-block-image\"><figure class=\"aligncenter size-large is-resized\"><img decoding=\"async\" loading=\"lazy\" src=\"https:\/\/notinor.com\/jujuy\/wp-content\/uploads\/2022\/07\/Dise\u00f1o-sin-t\u00edtulo-1-24.jpg\" alt=\"\" class=\"wp-image-347338\" width=\"772\" height=\"386\" srcset=\"https:\/\/notinor.com\/jujuy\/wp-content\/uploads\/2022\/07\/Dise\u00f1o-sin-t\u00edtulo-1-24.jpg 600w, https:\/\/notinor.com\/jujuy\/wp-content\/uploads\/2022\/07\/Dise\u00f1o-sin-t\u00edtulo-1-24-360x180.jpg 360w\" sizes=\"(max-width: 772px) 100vw, 772px\" \/><\/figure><\/div>\n\n\n\n<p><strong>Este s\u00e1bado se registraron intentos de saqueos en un supermercado de San Juan.<\/strong> Minutos despu\u00e9s del mediod\u00eda un grupo de m\u00e1s de cien personas se organizaron para intentar tomar un hipermercado que tiene la cadena \u201cChangom\u00e1s\u201d en Rawson, una localidad del Gran San Juan. Despu\u00e9s de un fuerte operativo policial que impidi\u00f3 el ingreso de los manifestantes, se realizaron varias detenciones.<\/p>\n\n\n\n<p>Seg\u00fan se inform\u00f3, 36 personas fueron arrestadas tras protagonizar el incidentes, donde adem\u00e1s hubo varios agentes de seguridad heridos, seg\u00fan indicaron fuentes policiales. <strong>El incidente habr\u00eda surgido a partir de una convocatoria, que no estaba vinculada a ninguna organizaci\u00f3n pol\u00edtica y que se hizo viral en las redes sociales.<\/strong><\/p>\n\n\n\n<p><strong>Asimismo, informaron que, mientras se estaba trabajando en el lugar, comenz\u00f3 a circular la informaci\u00f3n de otros actos delictivos de la misma \u00edndole en otros comercios de la zona, por caso, una distribuidora de alimentos. <\/strong>Despu\u00e9s de esos incidentes, no se reportaron otros intentos de saqueos ni en la zona ni en ning\u00fan otro de los departamentos sanjuaninos.<\/p>\n\n\n\n<p>El funcionario sanjuanino adelant\u00f3 que\u00a0<strong>el gobernador Sergio U\u00f1ac le pedir\u00e1 a la Naci\u00f3n que, en caso que los detenidos tengan, planes sociales otorgados, les sean suspendidos.<\/strong><\/p>\n\n\n\n<figure class=\"wp-block-embed-twitter aligncenter wp-block-embed is-type-rich is-provider-twitter\"><div class=\"wp-block-embed__wrapper\">\n<blockquote class=\"twitter-tweet\" data-width=\"500\" data-dnt=\"true\"><p lang=\"es\" dir=\"ltr\">Saqueo en chango mas (San Juan - Argentina)<a href=\"https:\/\/twitter.com\/hashtag\/SanJuan?src=hash&amp;ref_src=twsrc%5Etfw\">#SanJuan<\/a> <a href=\"https:\/\/twitter.com\/hashtag\/A24?src=hash&amp;ref_src=twsrc%5Etfw\">#A24<\/a> <a href=\"https:\/\/twitter.com\/hashtag\/Changomas?src=hash&amp;ref_src=twsrc%5Etfw\">#Changomas<\/a> <a href=\"https:\/\/t.co\/aGcx9znQww\">pic.twitter.com\/aGcx9znQww<\/a><\/p>&mdash; alanxito (@AlanZempai) <a href=\"https:\/\/twitter.com\/AlanZempai\/status\/1553489605269274627?ref_src=twsrc%5Etfw\">July 30, 2022<\/a><\/blockquote><script async src=\"https:\/\/platform.twitter.com\/widgets.js\" charset=\"utf-8\"><\/script>\n<\/div><\/figure>\n","protected":false},"excerpt":{"rendered":"<p>Lo asegur\u00f3 el secretario de Seguridad y Orden P\u00fablico de esa provincia, Carlos Munisaga. \u201cVamos a ir hasta las \u00faltimas consecuencias\u201d, advirti\u00f3. Este s\u00e1bado se registraron intentos de saqueos en un supermercado de San Juan. Minutos despu\u00e9s del mediod\u00eda un grupo de m\u00e1s de cien personas se organizaron para intentar tomar un hipermercado que tiene [&hellip;]<\/p>\n","protected":false},"author":40,"featured_media":347338,"comment_status":"open","ping_status":"open","sticky":false,"template":"","format":"standard","meta":{"_stopmodifiedupdate":false,"_modified_date":"","inline_featured_image":false,"spay_email":"","jetpack_publicize_message":""},"categories":[5],"tags":[783,1345,731,680],"jetpack_featured_media_url":"https:\/\/notinor.com\/jujuy\/wp-content\/uploads\/2022\/07\/Dise\u00f1o-sin-t\u00edtulo-1-24.jpg","jetpack_publicize_connections":[],"_links":{"self":[{"href":"https:\/\/notinor.com\/jujuy\/wp-json\/wp\/v2\/posts\/347333"}],"collection":[{"href":"https:\/\/notinor.com\/jujuy\/wp-json\/wp\/v2\/posts"}],"about":[{"href":"https:\/\/notinor.com\/jujuy\/wp-json\/wp\/v2\/types\/post"}],"author":[{"embeddable":true,"href":"https:\/\/notinor.com\/jujuy\/wp-json\/wp\/v2\/users\/40"}],"replies":[{"embeddable":true,"href":"https:\/\/notinor.com\/jujuy\/wp-json\/wp\/v2\/comments?post=347333"}],"version-history":[{"count":4,"href":"https:\/\/notinor.com\/jujuy\/wp-json\/wp\/v2\/posts\/347333\/revisions"}],"predecessor-version":[{"id":347340,"href":"https:\/\/notinor.com\/jujuy\/wp-json\/wp\/v2\/posts\/347333\/revisions\/347340"}],"wp:featuredmedia":[{"embeddable":true,"href":"https:\/\/notinor.com\/jujuy\/wp-json\/wp\/v2\/media\/347338"}],"wp:attachment":[{"href":"https:\/\/notinor.com\/jujuy\/wp-json\/wp\/v2\/media?parent=347333"}],"wp:term":[{"taxonomy":"category","embeddable":true,"href":"https:\/\/notinor.com\/jujuy\/wp-json\/wp\/v2\/categories?post=347333"},{"taxonomy":"post_tag","embeddable":true,"href":"https:\/\/notinor.com\/jujuy\/wp-json\/wp\/v2\/tags?post=347333"}],"curies":[{"name":"wp","href":"https:\/\/api.w.org\/{rel}","templated":true}]}}