{"id":347324,"date":"2022-08-01T07:00:00","date_gmt":"2022-08-01T10:00:00","guid":{"rendered":"https:\/\/notinor.com\/jujuy\/?p=347324"},"modified":"2022-07-31T22:56:57","modified_gmt":"2022-08-01T01:56:57","slug":"jorge-capitanich-confundio-un-maniqui-con-una-persona-y-le-dio-un-beso-en-la-cabeza","status":"publish","type":"post","link":"https:\/\/notinor.com\/jujuy\/jorge-capitanich-confundio-un-maniqui-con-una-persona-y-le-dio-un-beso-en-la-cabeza\/","title":{"rendered":"Jorge Capitanich confundi\u00f3 un maniqu\u00ed con una persona y le dio un beso en la cabeza"},"content":{"rendered":"\n<p class=\"has-medium-font-size\"><strong><em>El gobernador de Chaco protagoniz\u00f3 un ins\u00f3lito blooper durante una feria y el video se volvi\u00f3 viral en las redes sociales.<\/em><\/strong><\/p>\n\n\n\n<figure class=\"wp-block-image size-large is-resized\"><img decoding=\"async\" loading=\"lazy\" src=\"https:\/\/notinor.com\/jujuy\/wp-content\/uploads\/2022\/07\/Dise\u00f1o-sin-t\u00edtulo-42.jpg\" alt=\"\" class=\"wp-image-347329\" width=\"950\" height=\"475\" srcset=\"https:\/\/notinor.com\/jujuy\/wp-content\/uploads\/2022\/07\/Dise\u00f1o-sin-t\u00edtulo-42.jpg 600w, https:\/\/notinor.com\/jujuy\/wp-content\/uploads\/2022\/07\/Dise\u00f1o-sin-t\u00edtulo-42-360x180.jpg 360w\" sizes=\"(max-width: 950px) 100vw, 950px\" \/><\/figure>\n\n\n\n<p>El gobernador de Chaco, Jorge Capitanich, realizaba una t\u00edpica recorrida cuando protagoniz\u00f3 un papel\u00f3n que se viraliz\u00f3 en redes sociales. <strong>Resulta que el referente del Partido Justicialista le dio un beso en la cabeza a un maniqu\u00ed y algunos aseguran que lo confundi\u00f3 con una persona<\/strong>, mientras que otros sostienen que fue una broma de \"Coqui\".<\/p>\n\n\n\n<figure><iframe allowfullscreen=\"true\" class=\"\" src=\"https:\/\/platform.twitter.com\/embed\/Tweet.html?creatorScreenName=ellitoral&amp;dnt=false&amp;embedId=twitter-widget-0&amp;features=eyJ0ZndfdHdlZXRfZWRpdF9iYWNrZW5kIjp7ImJ1Y2tldCI6Im9mZiIsInZlcnNpb24iOm51bGx9LCJ0ZndfcmVmc3JjX3Nlc3Npb24iOnsiYnVja2V0Ijoib24iLCJ2ZXJzaW9uIjpudWxsfSwidGZ3X3R3ZWV0X3Jlc3VsdF9taWdyYXRpb25fMTM5NzkiOnsiYnVja2V0IjoidHdlZXRfcmVzdWx0IiwidmVyc2lvbiI6bnVsbH0sInRmd19zZW5zaXRpdmVfbWVkaWFfaW50ZXJzdGl0aWFsXzEzOTYzIjp7ImJ1Y2tldCI6ImludGVyc3RpdGlhbCIsInZlcnNpb24iOm51bGx9LCJ0ZndfZXhwZXJpbWVudHNfY29va2llX2V4cGlyYXRpb24iOnsiYnVja2V0IjoxMjA5NjAwLCJ2ZXJzaW9uIjpudWxsfSwidGZ3X2R1cGxpY2F0ZV9zY3JpYmVzX3RvX3NldHRpbmdzIjp7ImJ1Y2tldCI6Im9mZiIsInZlcnNpb24iOm51bGx9LCJ0ZndfdHdlZXRfZWRpdF9mcm9udGVuZCI6eyJidWNrZXQiOiJvZmYiLCJ2ZXJzaW9uIjpudWxsfX0%3D&amp;frame=false&amp;hideCard=false&amp;hideThread=false&amp;id=1553566577798283265&amp;lang=es&amp;origin=https%3A%2F%2Fwww.ellitoral.com%2Finformacion-general%2Fjorge-capitanich-gobernador-chaco-video-viral-maniqui-memes_0_gYWt2RVZ13.html&amp;sessionId=d54a7a733e12f3a8c56411bdf39182ac860bb155&amp;siteScreenName=ellitoral&amp;theme=light&amp;widgetsVersion=6da0b7085cc99%3A1658260301864&amp;width=550px\"><\/iframe><\/figure>\n\n\n\n<p><strong>\u201cCapitanich la ven\u00eda populeando como un campe\u00f3n y bes\u00f3 la cabeza de un maniqu\u00ed creyendo que era una persona real\u201d, escribi\u00f3 el tuitero en la descripci\u00f3n del posteo. <\/strong>En la grabaci\u00f3n, que dura apenas unos segundos, se puede observar al funcionario saludando a la gente. En un momento, le extiende la mano a un comerciante y, con el barbijo puesto, le da un beso en la frente a una cabeza que estaba debajo de su brazo sin notar que se trataba de un mu\u00f1eco con un gorro de lana negro.<\/p>\n","protected":false},"excerpt":{"rendered":"<p>El gobernador de Chaco protagoniz\u00f3 un ins\u00f3lito blooper durante una feria y el video se volvi\u00f3 viral en las redes sociales. El gobernador de Chaco, Jorge Capitanich, realizaba una t\u00edpica recorrida cuando protagoniz\u00f3 un papel\u00f3n que se viraliz\u00f3 en redes sociales. Resulta que el referente del Partido Justicialista le dio un beso en la cabeza [&hellip;]<\/p>\n","protected":false},"author":40,"featured_media":347329,"comment_status":"open","ping_status":"open","sticky":false,"template":"","format":"standard","meta":{"_stopmodifiedupdate":false,"_modified_date":"","inline_featured_image":false,"spay_email":"","jetpack_publicize_message":""},"categories":[17,13],"tags":[1344,776,680],"jetpack_featured_media_url":"https:\/\/notinor.com\/jujuy\/wp-content\/uploads\/2022\/07\/Dise\u00f1o-sin-t\u00edtulo-42.jpg","jetpack_publicize_connections":[],"_links":{"self":[{"href":"https:\/\/notinor.com\/jujuy\/wp-json\/wp\/v2\/posts\/347324"}],"collection":[{"href":"https:\/\/notinor.com\/jujuy\/wp-json\/wp\/v2\/posts"}],"about":[{"href":"https:\/\/notinor.com\/jujuy\/wp-json\/wp\/v2\/types\/post"}],"author":[{"embeddable":true,"href":"https:\/\/notinor.com\/jujuy\/wp-json\/wp\/v2\/users\/40"}],"replies":[{"embeddable":true,"href":"https:\/\/notinor.com\/jujuy\/wp-json\/wp\/v2\/comments?post=347324"}],"version-history":[{"count":2,"href":"https:\/\/notinor.com\/jujuy\/wp-json\/wp\/v2\/posts\/347324\/revisions"}],"predecessor-version":[{"id":347330,"href":"https:\/\/notinor.com\/jujuy\/wp-json\/wp\/v2\/posts\/347324\/revisions\/347330"}],"wp:featuredmedia":[{"embeddable":true,"href":"https:\/\/notinor.com\/jujuy\/wp-json\/wp\/v2\/media\/347329"}],"wp:attachment":[{"href":"https:\/\/notinor.com\/jujuy\/wp-json\/wp\/v2\/media?parent=347324"}],"wp:term":[{"taxonomy":"category","embeddable":true,"href":"https:\/\/notinor.com\/jujuy\/wp-json\/wp\/v2\/categories?post=347324"},{"taxonomy":"post_tag","embeddable":true,"href":"https:\/\/notinor.com\/jujuy\/wp-json\/wp\/v2\/tags?post=347324"}],"curies":[{"name":"wp","href":"https:\/\/api.w.org\/{rel}","templated":true}]}}