{"id":347302,"date":"2022-07-31T20:01:18","date_gmt":"2022-07-31T23:01:18","guid":{"rendered":"https:\/\/notinor.com\/jujuy\/?p=347302"},"modified":"2022-07-31T20:56:54","modified_gmt":"2022-07-31T23:56:54","slug":"el-lobo-no-puede-de-visitante-cayo-tres-a-cero-ante-deportivo-maipu","status":"publish","type":"post","link":"https:\/\/notinor.com\/jujuy\/el-lobo-no-puede-de-visitante-cayo-tres-a-cero-ante-deportivo-maipu\/","title":{"rendered":"El \"Lobo\" no puede de visitante: cay\u00f3 tres a cero ante Deportivo Maip\u00fa"},"content":{"rendered":"\n<p><em>La deuda de los dirigidos por Dar\u00edo Franco es fuera de casa y el objetivo del reducido se aleja. Mat\u00edas Palavecino no estar\u00e1 la pr\u00f3xima fecha debido a que vio la tarjeta roja. <\/em><\/p>\n\n\n\n<div class=\"wp-block-image\"><figure class=\"aligncenter size-large\"><img decoding=\"async\" loading=\"lazy\" width=\"689\" height=\"480\" src=\"https:\/\/notinor.com\/jujuy\/wp-content\/uploads\/2022\/07\/296761614_7681017331969809_412866504888043515_n-689x480.jpg\" alt=\"\" class=\"wp-image-347303\" srcset=\"https:\/\/notinor.com\/jujuy\/wp-content\/uploads\/2022\/07\/296761614_7681017331969809_412866504888043515_n-689x480.jpg 689w, https:\/\/notinor.com\/jujuy\/wp-content\/uploads\/2022\/07\/296761614_7681017331969809_412866504888043515_n-524x365.jpg 524w, https:\/\/notinor.com\/jujuy\/wp-content\/uploads\/2022\/07\/296761614_7681017331969809_412866504888043515_n-768x535.jpg 768w, https:\/\/notinor.com\/jujuy\/wp-content\/uploads\/2022\/07\/296761614_7681017331969809_412866504888043515_n-750x522.jpg 750w, https:\/\/notinor.com\/jujuy\/wp-content\/uploads\/2022\/07\/296761614_7681017331969809_412866504888043515_n.jpg 1024w\" sizes=\"(max-width: 689px) 100vw, 689px\" \/><\/figure><\/div>\n\n\n\n<p><em><a href=\"https:\/\/www.instagram.com\/rocioroj_\/\">Por Roc\u00edo Rojas<\/a><\/em><\/p>\n\n\n\n<p><strong>Dura derrota de Gimnasia y Esgrima de Jujuy frente a Deportivo Maip\u00fa<\/strong>. El equipo juje\u00f1o cay\u00f3 sin atenuantes en el marco de la 27\u00b0 fecha de la Primera Nacional, por tres a cero con goles de <em>Marcelo Eggel, Guillermo Cosaro - en contra - y Fausto Montero. <\/em><\/p>\n\n\n\n<p>El \"Lobo\" nunca se sinti\u00f3 c\u00f3modo, pese a que intent\u00f3 hacer pie en cancha, el local fue ampliamente superior.  <strong>A los 35 minutos del partido Marcelo Eggel abri\u00f3 el marcador y en tiempo cumplido, Guillermo Cosaro termin\u00f3 convirtiendo en propio arco. <\/strong><\/p>\n\n\n\n<p>En el complemento la visita sali\u00f3 con actitud y determinaci\u00f3n en busca del empate, pero no logr\u00f3 desplegar un f\u00fatbol vistoso ni incomodar al conjunto mendocino. <\/p>\n\n\n\n<h3><a href=\"https:\/\/notinor.com\/jujuy\/conoce-la-historia-de-la-mona-44-el-equipo-que-a-un-ano-de-su-afiliacion-ya-es-finalista-de-la-copa-jujuy\/\">Leer tambi\u00e9n: Conoce la historia de La Mona 44, el equipo que a un a\u00f1o de su afiliaci\u00f3n ya es finalista de la Copa Jujuy<\/a><\/h3>\n\n\n\n<p><strong>Pasando la media Fausto Montero decret\u00f3 el tres a cero <\/strong>y cerr\u00f3 un partido complicado para los de Dar\u00edo Franco, <strong>que sin duda alguna tienen una deuda en condici\u00f3n de visitante.<\/strong><\/p>\n\n\n\n<p>Es la tercer ca\u00edda al hilo fuera del Estadio \"23 de Agosto\" y adem\u00e1s, esta derrota, le significa al albiceleste<strong> alejarse de la zona del reducido en busca del tan anhelado ascenso. <\/strong><\/p>\n\n\n\n<p>La pr\u00f3xima fecha Gimnasia y Esgrima de Jujuy recibir\u00e1 en la Tacita de Plata a <strong>Quilmes<\/strong>,<strong> el lunes 08 de agosto, desde las 15.00 horas. <\/strong>Para dicho encuentro no contar\u00e1 con<strong> Mat\u00edas Palavecino<\/strong>, que vio la tarjeta roja en el final del partido. <\/p>\n\n\n\n<div class=\"wp-block-image\"><figure class=\"aligncenter size-large\"><img decoding=\"async\" loading=\"lazy\" width=\"614\" height=\"480\" src=\"https:\/\/notinor.com\/jujuy\/wp-content\/uploads\/2022\/07\/295590328_7680874781984064_867119060456091808_n-614x480.jpg\" alt=\"\" class=\"wp-image-347305\" srcset=\"https:\/\/notinor.com\/jujuy\/wp-content\/uploads\/2022\/07\/295590328_7680874781984064_867119060456091808_n-614x480.jpg 614w, https:\/\/notinor.com\/jujuy\/wp-content\/uploads\/2022\/07\/295590328_7680874781984064_867119060456091808_n-467x365.jpg 467w, https:\/\/notinor.com\/jujuy\/wp-content\/uploads\/2022\/07\/295590328_7680874781984064_867119060456091808_n-768x600.jpg 768w, https:\/\/notinor.com\/jujuy\/wp-content\/uploads\/2022\/07\/295590328_7680874781984064_867119060456091808_n-750x586.jpg 750w, https:\/\/notinor.com\/jujuy\/wp-content\/uploads\/2022\/07\/295590328_7680874781984064_867119060456091808_n.jpg 960w\" sizes=\"(max-width: 614px) 100vw, 614px\" \/><\/figure><\/div>\n","protected":false},"excerpt":{"rendered":"<p>La deuda de los dirigidos por Dar\u00edo Franco es fuera de casa y el objetivo del reducido se aleja. Mat\u00edas Palavecino no estar\u00e1 la pr\u00f3xima fecha debido a que vio la tarjeta roja. Por Roc\u00edo Rojas Dura derrota de Gimnasia y Esgrima de Jujuy frente a Deportivo Maip\u00fa. El equipo juje\u00f1o cay\u00f3 sin atenuantes en [&hellip;]<\/p>\n","protected":false},"author":37,"featured_media":347303,"comment_status":"open","ping_status":"open","sticky":false,"template":"","format":"standard","meta":{"_stopmodifiedupdate":false,"_modified_date":"","inline_featured_image":false,"spay_email":"","jetpack_publicize_message":""},"categories":[2,7],"tags":[],"jetpack_featured_media_url":"https:\/\/notinor.com\/jujuy\/wp-content\/uploads\/2022\/07\/296761614_7681017331969809_412866504888043515_n.jpg","jetpack_publicize_connections":[],"_links":{"self":[{"href":"https:\/\/notinor.com\/jujuy\/wp-json\/wp\/v2\/posts\/347302"}],"collection":[{"href":"https:\/\/notinor.com\/jujuy\/wp-json\/wp\/v2\/posts"}],"about":[{"href":"https:\/\/notinor.com\/jujuy\/wp-json\/wp\/v2\/types\/post"}],"author":[{"embeddable":true,"href":"https:\/\/notinor.com\/jujuy\/wp-json\/wp\/v2\/users\/37"}],"replies":[{"embeddable":true,"href":"https:\/\/notinor.com\/jujuy\/wp-json\/wp\/v2\/comments?post=347302"}],"version-history":[{"count":2,"href":"https:\/\/notinor.com\/jujuy\/wp-json\/wp\/v2\/posts\/347302\/revisions"}],"predecessor-version":[{"id":347319,"href":"https:\/\/notinor.com\/jujuy\/wp-json\/wp\/v2\/posts\/347302\/revisions\/347319"}],"wp:featuredmedia":[{"embeddable":true,"href":"https:\/\/notinor.com\/jujuy\/wp-json\/wp\/v2\/media\/347303"}],"wp:attachment":[{"href":"https:\/\/notinor.com\/jujuy\/wp-json\/wp\/v2\/media?parent=347302"}],"wp:term":[{"taxonomy":"category","embeddable":true,"href":"https:\/\/notinor.com\/jujuy\/wp-json\/wp\/v2\/categories?post=347302"},{"taxonomy":"post_tag","embeddable":true,"href":"https:\/\/notinor.com\/jujuy\/wp-json\/wp\/v2\/tags?post=347302"}],"curies":[{"name":"wp","href":"https:\/\/api.w.org\/{rel}","templated":true}]}}